{"id":1679,"date":"2023-11-15T11:43:52","date_gmt":"2023-11-15T10:43:52","guid":{"rendered":"https:\/\/agora.xtec.cat\/cfaclot\/?p=1679"},"modified":"2023-11-15T11:44:18","modified_gmt":"2023-11-15T10:44:18","slug":"alumnat-de-ges-2-visiten-lhort-urba-del-clot","status":"publish","type":"post","link":"https:\/\/agora.xtec.cat\/cfaclot\/general\/alumnat-de-ges-2-visiten-lhort-urba-del-clot\/","title":{"rendered":"ALUMNAT DE GES 2 VISITEN L&#8217;HORT URB\u00c0 DEL CLOT"},"content":{"rendered":"<p>Alumnat de GES2 han visitat l&#8217;Hort urb\u00e0 del Clot, al carrer Bilbao molt a prop de la nostra escola. L&#8217;activitat es vincula al projecte de sostenibilitat que estem duent a terme i tamb\u00e9 es publicar\u00e0 al podcast que CFA El Clot t\u00e9 a la plataforma Ivoox (<a href=\"https:\/\/www.ivoox.com\/programa-1-la-veu-del-cfa-clot-audios-mp3_rf_100151565_1.html\">aqu\u00ed podeu escoltar-nos<\/a>). Al mat\u00ed hem conegut als participants que porten aquest projecte al Casal de Gent Gran Joan Casanelles. Els estudiants han pogut parlar i preguntar als usuaris d&#8217;aquest espai sobre les activitats que fan a l&#8217;hort, a m\u00e9s de poder veure els vegetals que van creixent.<\/p>\n<p>&nbsp;<\/p>\n<p><a href=\"https:\/\/agora.xtec.cat\/cfaclot\/wp-content\/uploads\/usu1471\/2023\/11\/MARIA-I-QUIMA-RIENT-BONA.jpg\"><img loading=\"lazy\" decoding=\"async\" class=\"wp-image-1683 alignleft\" src=\"https:\/\/agora.xtec.cat\/cfaclot\/wp-content\/uploads\/usu1471\/2023\/11\/MARIA-I-QUIMA-RIENT-BONA.jpg\" alt=\"\" width=\"312\" height=\"201\" srcset=\"https:\/\/agora.xtec.cat\/cfaclot\/wp-content\/uploads\/usu1471\/2023\/11\/MARIA-I-QUIMA-RIENT-BONA.jpg 800w, https:\/\/agora.xtec.cat\/cfaclot\/wp-content\/uploads\/usu1471\/2023\/11\/MARIA-I-QUIMA-RIENT-BONA-300x193.jpg 300w, https:\/\/agora.xtec.cat\/cfaclot\/wp-content\/uploads\/usu1471\/2023\/11\/MARIA-I-QUIMA-RIENT-BONA-768x494.jpg 768w\" sizes=\"auto, (max-width: 312px) 100vw, 312px\" \/><\/a> <a href=\"https:\/\/agora.xtec.cat\/cfaclot\/wp-content\/uploads\/usu1471\/2023\/11\/GRUP-GES-2-MATI_CASALGGRAN_OK.jpg\"><img loading=\"lazy\" decoding=\"async\" class=\"wp-image-1680 alignright\" src=\"https:\/\/agora.xtec.cat\/cfaclot\/wp-content\/uploads\/usu1471\/2023\/11\/GRUP-GES-2-MATI_CASALGGRAN_OK.jpg\" alt=\"\" width=\"335\" height=\"198\" srcset=\"https:\/\/agora.xtec.cat\/cfaclot\/wp-content\/uploads\/usu1471\/2023\/11\/GRUP-GES-2-MATI_CASALGGRAN_OK.jpg 1000w, https:\/\/agora.xtec.cat\/cfaclot\/wp-content\/uploads\/usu1471\/2023\/11\/GRUP-GES-2-MATI_CASALGGRAN_OK-300x178.jpg 300w, https:\/\/agora.xtec.cat\/cfaclot\/wp-content\/uploads\/usu1471\/2023\/11\/GRUP-GES-2-MATI_CASALGGRAN_OK-768x455.jpg 768w\" sizes=\"auto, (max-width: 335px) 100vw, 335px\" \/><\/a><\/p>\n<p>&nbsp;<\/p>\n<p>&nbsp;<\/p>\n<p>&nbsp;<\/p>\n<p>&nbsp;<\/p>\n<p>&nbsp;<\/p>\n<p>El grup de GES2 de la tarda tamb\u00e9 ha visitat l&#8217;Hort per\u00f2 en aquest cas amb el projecte Urban Brots de la Fundaci\u00f3 Gun\u00e9 (<a href=\"https:\/\/fundaciogune.org\">https:\/\/fundaciogune.org<\/a>) . Ens han explicat la seva din\u00e0mica, qu\u00e8 cultiven i hem apr\u00e8s molt sobre la filosofia de l&#8217;espai.<\/p>\n<p><a href=\"https:\/\/agora.xtec.cat\/cfaclot\/wp-content\/uploads\/usu1471\/2023\/11\/urban-brots.jpg\"><img loading=\"lazy\" decoding=\"async\" class=\"aligncenter wp-image-1684\" src=\"https:\/\/agora.xtec.cat\/cfaclot\/wp-content\/uploads\/usu1471\/2023\/11\/urban-brots.jpg\" alt=\"\" width=\"500\" height=\"281\" srcset=\"https:\/\/agora.xtec.cat\/cfaclot\/wp-content\/uploads\/usu1471\/2023\/11\/urban-brots.jpg 850w, https:\/\/agora.xtec.cat\/cfaclot\/wp-content\/uploads\/usu1471\/2023\/11\/urban-brots-300x169.jpg 300w, https:\/\/agora.xtec.cat\/cfaclot\/wp-content\/uploads\/usu1471\/2023\/11\/urban-brots-768x432.jpg 768w\" sizes=\"auto, (max-width: 500px) 100vw, 500px\" \/><\/a> <a href=\"https:\/\/agora.xtec.cat\/cfaclot\/wp-content\/uploads\/usu1471\/2023\/11\/IMG_20231114_164833.jpg\"><img loading=\"lazy\" decoding=\"async\" class=\"wp-image-1682 alignleft\" src=\"https:\/\/agora.xtec.cat\/cfaclot\/wp-content\/uploads\/usu1471\/2023\/11\/IMG_20231114_164833-576x1024.jpg\" alt=\"\" width=\"246\" height=\"437\" srcset=\"https:\/\/agora.xtec.cat\/cfaclot\/wp-content\/uploads\/usu1471\/2023\/11\/IMG_20231114_164833-576x1024.jpg 576w, https:\/\/agora.xtec.cat\/cfaclot\/wp-content\/uploads\/usu1471\/2023\/11\/IMG_20231114_164833-169x300.jpg 169w, https:\/\/agora.xtec.cat\/cfaclot\/wp-content\/uploads\/usu1471\/2023\/11\/IMG_20231114_164833-768x1364.jpg 768w, https:\/\/agora.xtec.cat\/cfaclot\/wp-content\/uploads\/usu1471\/2023\/11\/IMG_20231114_164833-865x1536.jpg 865w, https:\/\/agora.xtec.cat\/cfaclot\/wp-content\/uploads\/usu1471\/2023\/11\/IMG_20231114_164833-1153x2048.jpg 1153w, https:\/\/agora.xtec.cat\/cfaclot\/wp-content\/uploads\/usu1471\/2023\/11\/IMG_20231114_164833.jpg 1200w\" sizes=\"auto, (max-width: 246px) 100vw, 246px\" \/><\/a> <a href=\"https:\/\/agora.xtec.cat\/cfaclot\/wp-content\/uploads\/usu1471\/2023\/11\/IMG_20231114_162937_1.jpg\"><img loading=\"lazy\" decoding=\"async\" class=\"wp-image-1681 alignright\" src=\"https:\/\/agora.xtec.cat\/cfaclot\/wp-content\/uploads\/usu1471\/2023\/11\/IMG_20231114_162937_1-1024x575.jpg\" alt=\"\" width=\"375\" height=\"211\" srcset=\"https:\/\/agora.xtec.cat\/cfaclot\/wp-content\/uploads\/usu1471\/2023\/11\/IMG_20231114_162937_1-1024x575.jpg 1024w, https:\/\/agora.xtec.cat\/cfaclot\/wp-content\/uploads\/usu1471\/2023\/11\/IMG_20231114_162937_1-300x169.jpg 300w, https:\/\/agora.xtec.cat\/cfaclot\/wp-content\/uploads\/usu1471\/2023\/11\/IMG_20231114_162937_1-768x432.jpg 768w, https:\/\/agora.xtec.cat\/cfaclot\/wp-content\/uploads\/usu1471\/2023\/11\/IMG_20231114_162937_1.jpg 1500w\" sizes=\"auto, (max-width: 375px) 100vw, 375px\" \/><\/a><\/p>\n","protected":false},"excerpt":{"rendered":"<p>Alumnat de GES2 han visitat l&#8217;Hort urb\u00e0 del Clot, al carrer Bilbao molt a prop de la nostra escola. L&#8217;activitat es vincula al projecte de sostenibilitat que estem duent a terme i tamb\u00e9 es publicar\u00e0 al podcast que CFA El Clot t\u00e9 a la plataforma&hellip;  <a href=\"https:\/\/agora.xtec.cat\/cfaclot\/general\/alumnat-de-ges-2-visiten-lhort-urba-del-clot\/\" title=\"Read ALUMNAT DE GES 2 VISITEN L&#8217;HORT URB\u00c0 DEL CLOT\">Llegeix m\u00e9s\u00bb<\/a><\/p>\n","protected":false},"author":1,"featured_media":1680,"comment_status":"closed","ping_status":"closed","sticky":false,"template":"","format":"standard","meta":{"_bbp_topic_count":0,"_bbp_reply_count":0,"_bbp_total_topic_count":0,"_bbp_total_reply_count":0,"_bbp_voice_count":0,"_bbp_anonymous_reply_count":0,"_bbp_topic_count_hidden":0,"_bbp_reply_count_hidden":0,"_bbp_forum_subforum_count":0,"footnotes":""},"categories":[1,29],"tags":[],"class_list":["post-1679","post","type-post","status-publish","format-standard","has-post-thumbnail","hentry","category-general","category-portada"],"post_mailing_queue_ids":[],"_links":{"self":[{"href":"https:\/\/agora.xtec.cat\/cfaclot\/wp-json\/wp\/v2\/posts\/1679","targetHints":{"allow":["GET"]}}],"collection":[{"href":"https:\/\/agora.xtec.cat\/cfaclot\/wp-json\/wp\/v2\/posts"}],"about":[{"href":"https:\/\/agora.xtec.cat\/cfaclot\/wp-json\/wp\/v2\/types\/post"}],"author":[{"embeddable":true,"href":"https:\/\/agora.xtec.cat\/cfaclot\/wp-json\/wp\/v2\/users\/1"}],"replies":[{"embeddable":true,"href":"https:\/\/agora.xtec.cat\/cfaclot\/wp-json\/wp\/v2\/comments?post=1679"}],"version-history":[{"count":6,"href":"https:\/\/agora.xtec.cat\/cfaclot\/wp-json\/wp\/v2\/posts\/1679\/revisions"}],"predecessor-version":[{"id":1690,"href":"https:\/\/agora.xtec.cat\/cfaclot\/wp-json\/wp\/v2\/posts\/1679\/revisions\/1690"}],"wp:featuredmedia":[{"embeddable":true,"href":"https:\/\/agora.xtec.cat\/cfaclot\/wp-json\/wp\/v2\/media\/1680"}],"wp:attachment":[{"href":"https:\/\/agora.xtec.cat\/cfaclot\/wp-json\/wp\/v2\/media?parent=1679"}],"wp:term":[{"taxonomy":"category","embeddable":true,"href":"https:\/\/agora.xtec.cat\/cfaclot\/wp-json\/wp\/v2\/categories?post=1679"},{"taxonomy":"post_tag","embeddable":true,"href":"https:\/\/agora.xtec.cat\/cfaclot\/wp-json\/wp\/v2\/tags?post=1679"}],"curies":[{"name":"wp","href":"https:\/\/api.w.org\/{rel}","templated":true}]}}