{"id":1307,"date":"2021-11-19T17:11:44","date_gmt":"2021-11-19T16:11:44","guid":{"rendered":"https:\/\/agora.xtec.cat\/cfaclot\/?p=1307"},"modified":"2021-12-01T12:01:38","modified_gmt":"2021-12-01T11:01:38","slug":"setmana-de-la-salut-22-al-26-de-novembre","status":"publish","type":"post","link":"https:\/\/agora.xtec.cat\/cfaclot\/general\/setmana-de-la-salut-22-al-26-de-novembre\/","title":{"rendered":"SETMANA DE LA SALUT 22 AL 26 DE NOVEMBRE"},"content":{"rendered":"<p>Durant la setmana del 22 al 26 de novembre s&#8217;han dut a terme diferents activitats entorn la tem\u00e0tica de la salut mental. Durant aquests dies hem treballat a l&#8217;aula aspectes relacionats amb aquest centre d&#8217;inter\u00e8s. Us deixem aqu\u00ed alguna mostra dels treballs i imatges de les jornades. Gr\u00e0cies a tothom per la vostra participaci\u00f3.<\/p>\n<p>.<iframe loading=\"lazy\" title=\"YouTube video player\" src=\"https:\/\/www.youtube.com\/embed\/m418uo6w_w0\" width=\"550\" height=\"315\" frameborder=\"0\" allowfullscreen=\"allowfullscreen\"><\/iframe><iframe loading=\"lazy\" title=\"YouTube video player\" src=\"https:\/\/www.youtube.com\/embed\/Nq4068iqxEE\" width=\"550\" height=\"315\" frameborder=\"0\" allowfullscreen=\"allowfullscreen\"><\/iframe><br \/>\n<a href=\"https:\/\/agora.xtec.cat\/cfaclot\/wp-content\/uploads\/usu1471\/2021\/11\/Programa-salut-mental-scaled.jpg\"><img loading=\"lazy\" decoding=\"async\" class=\"aligncenter size-large wp-image-1316\" src=\"https:\/\/agora.xtec.cat\/cfaclot\/wp-content\/uploads\/usu1471\/2021\/11\/Programa-salut-mental-1024x724.jpg\" alt=\"\" width=\"1024\" height=\"724\" srcset=\"https:\/\/agora.xtec.cat\/cfaclot\/wp-content\/uploads\/usu1471\/2021\/11\/Programa-salut-mental-1024x724.jpg 1024w, https:\/\/agora.xtec.cat\/cfaclot\/wp-content\/uploads\/usu1471\/2021\/11\/Programa-salut-mental-300x212.jpg 300w, https:\/\/agora.xtec.cat\/cfaclot\/wp-content\/uploads\/usu1471\/2021\/11\/Programa-salut-mental-768x543.jpg 768w, https:\/\/agora.xtec.cat\/cfaclot\/wp-content\/uploads\/usu1471\/2021\/11\/Programa-salut-mental-1536x1086.jpg 1536w, https:\/\/agora.xtec.cat\/cfaclot\/wp-content\/uploads\/usu1471\/2021\/11\/Programa-salut-mental-2048x1448.jpg 2048w\" sizes=\"auto, (max-width: 1024px) 100vw, 1024px\" \/><\/a><\/p>\n","protected":false},"excerpt":{"rendered":"<p>Durant la setmana del 22 al 26 de novembre s&#8217;han dut a terme diferents activitats entorn la tem\u00e0tica de la salut mental. Durant aquests dies hem treballat a l&#8217;aula aspectes relacionats amb aquest centre d&#8217;inter\u00e8s. Us deixem aqu\u00ed alguna mostra dels treballs i imatges de&hellip;  <a href=\"https:\/\/agora.xtec.cat\/cfaclot\/general\/setmana-de-la-salut-22-al-26-de-novembre\/\" title=\"Read SETMANA DE LA SALUT 22 AL 26 DE NOVEMBRE\">Llegeix m\u00e9s\u00bb<\/a><\/p>\n","protected":false},"author":1,"featured_media":1308,"comment_status":"closed","ping_status":"closed","sticky":false,"template":"","format":"standard","meta":{"_bbp_topic_count":0,"_bbp_reply_count":0,"_bbp_total_topic_count":0,"_bbp_total_reply_count":0,"_bbp_voice_count":0,"_bbp_anonymous_reply_count":0,"_bbp_topic_count_hidden":0,"_bbp_reply_count_hidden":0,"_bbp_forum_subforum_count":0,"footnotes":""},"categories":[1,29],"tags":[83,80],"class_list":["post-1307","post","type-post","status-publish","format-standard","has-post-thumbnail","hentry","category-general","category-portada","tag-activitats","tag-activitats-extraescolars"],"post_mailing_queue_ids":[],"_links":{"self":[{"href":"https:\/\/agora.xtec.cat\/cfaclot\/wp-json\/wp\/v2\/posts\/1307","targetHints":{"allow":["GET"]}}],"collection":[{"href":"https:\/\/agora.xtec.cat\/cfaclot\/wp-json\/wp\/v2\/posts"}],"about":[{"href":"https:\/\/agora.xtec.cat\/cfaclot\/wp-json\/wp\/v2\/types\/post"}],"author":[{"embeddable":true,"href":"https:\/\/agora.xtec.cat\/cfaclot\/wp-json\/wp\/v2\/users\/1"}],"replies":[{"embeddable":true,"href":"https:\/\/agora.xtec.cat\/cfaclot\/wp-json\/wp\/v2\/comments?post=1307"}],"version-history":[{"count":3,"href":"https:\/\/agora.xtec.cat\/cfaclot\/wp-json\/wp\/v2\/posts\/1307\/revisions"}],"predecessor-version":[{"id":1320,"href":"https:\/\/agora.xtec.cat\/cfaclot\/wp-json\/wp\/v2\/posts\/1307\/revisions\/1320"}],"wp:featuredmedia":[{"embeddable":true,"href":"https:\/\/agora.xtec.cat\/cfaclot\/wp-json\/wp\/v2\/media\/1308"}],"wp:attachment":[{"href":"https:\/\/agora.xtec.cat\/cfaclot\/wp-json\/wp\/v2\/media?parent=1307"}],"wp:term":[{"taxonomy":"category","embeddable":true,"href":"https:\/\/agora.xtec.cat\/cfaclot\/wp-json\/wp\/v2\/categories?post=1307"},{"taxonomy":"post_tag","embeddable":true,"href":"https:\/\/agora.xtec.cat\/cfaclot\/wp-json\/wp\/v2\/tags?post=1307"}],"curies":[{"name":"wp","href":"https:\/\/api.w.org\/{rel}","templated":true}]}}