{"id":931,"date":"2020-04-22T13:48:22","date_gmt":"2020-04-22T11:48:22","guid":{"rendered":"http:\/\/agora.xtec.cat\/cfacatalonia\/?p=931"},"modified":"2020-05-12T11:27:01","modified_gmt":"2020-05-12T09:27:01","slug":"mostra-literaria-de-sant-jordi-2020","status":"publish","type":"post","link":"https:\/\/agora.xtec.cat\/cfacatalonia\/general\/mostra-literaria-de-sant-jordi-2020\/","title":{"rendered":"MOSTRA LITER\u00c0RIA DE SANT JORDI 2020"},"content":{"rendered":"<h2 style=\"text-align: center;\"><span style=\"text-decoration: underline;\"><strong>MOSTRA LITER\u00c0RIA DE SANT JORDI 2020<\/strong><\/span><\/h2>\n<p style=\"text-align: left;\"><img loading=\"lazy\" decoding=\"async\" class=\"wp-image-932 alignleft\" src=\"https:\/\/agora.xtec.cat\/cfacatalonia\/wp-content\/uploads\/usu1479\/2020\/04\/Cartell2.jpg\" alt=\"\" width=\"550\" height=\"551\" srcset=\"https:\/\/agora.xtec.cat\/cfacatalonia\/wp-content\/uploads\/usu1479\/2020\/04\/Cartell2-150x150.jpg 150w, https:\/\/agora.xtec.cat\/cfacatalonia\/wp-content\/uploads\/usu1479\/2020\/04\/Cartell2-300x300.jpg 300w\" sizes=\"auto, (max-width: 550px) 100vw, 550px\" \/><span lang=\"ca\">Encara que ens trobem confinats a casa a causa de la situaci\u00f3 actual provocada pel virus Covid-19, no vol\u00edem desaprofitar l&#8217;ocasi\u00f3 per celebrar amb tots vosaltres la festa m\u00e9s important de Catalunya, la diada de Sant Jordi. <\/span><\/p>\n<p class=\"tw-data-text tw-text-large tw-ta\" dir=\"ltr\" data-placeholder=\"Traducci\u00f3\"><span lang=\"ca\">Aix\u00ed doncs, els nostres estimats alumnes han realitzat uns poemes i textos narratius durant aquest per\u00edode i vol\u00edem compartir-los amb tota la comunitat del CFA Catal\u00f2nia. <\/span><\/p>\n<p class=\"tw-data-text tw-text-large tw-ta\" dir=\"ltr\" data-placeholder=\"Traducci\u00f3\"><span lang=\"ca\">Moltes gr\u00e0cies a tots per la vostra participaci\u00f3 tot i trobant-nos en aquesta situaci\u00f3 tan complexa. Sou uns campions! <\/span><\/p>\n<p class=\"tw-data-text tw-text-large tw-ta\" dir=\"ltr\" data-placeholder=\"Traducci\u00f3\"><span lang=\"ca\">Adjuntem els enlla\u00e7os per visualitzar els textos realitzats pels nostres alumnes. Gr\u00e0cies<\/span><\/p>\n<p dir=\"ltr\" data-placeholder=\"Traducci\u00f3\"><span lang=\"ca\">&#8211; Acc\u00e9s Grau Superior: <a href=\"https:\/\/photos.app.goo.gl\/fJ25XCAGrucu3vYLA\">enlla\u00e7 als textos<\/a><\/span><\/p>\n<p dir=\"ltr\" data-placeholder=\"Traducci\u00f3\"><span lang=\"ca\">&#8211; Acc\u00e9s Universitat: <a href=\"https:\/\/photos.app.goo.gl\/tjetZLaPdXCZ3ABU9\">enlla\u00e7 als textos<\/a><\/span><\/p>\n<p dir=\"ltr\" data-placeholder=\"Traducci\u00f3\">&#8211; Angl\u00e8s 1 (mat\u00ed): <a href=\"https:\/\/photos.app.goo.gl\/LSy39KQ4pKtj9cCC8\">enlla\u00e7 als textos<\/a><\/p>\n<p dir=\"ltr\" data-placeholder=\"Traducci\u00f3\">&#8211; Angl\u00e8s 2 (mat\u00ed): <a href=\"https:\/\/photos.app.goo.gl\/LVH9pXVzzzYi7knC7\">enlla\u00e7 als textos<\/a><\/p>\n<p dir=\"ltr\" data-placeholder=\"Traducci\u00f3\">&#8211; Angl\u00e8s 3 (mat\u00ed): <a href=\"https:\/\/photos.app.goo.gl\/ez8j3BwqBoxX5LQ38\">enlla\u00e7 als textos<\/a><\/p>\n<p dir=\"ltr\" data-placeholder=\"Traducci\u00f3\">&#8211; Angl\u00e8s 3 (tarda): <a href=\"https:\/\/photos.app.goo.gl\/uJEzkZEswV8KrjUP8\">enlla\u00e7 als textos<\/a><\/p>\n<p dir=\"ltr\" data-placeholder=\"Traducci\u00f3\">&#8211; Angl\u00e8s 2 (tarda): <a href=\"https:\/\/photos.app.goo.gl\/pnH54CTvYRbE4aL47\">enlla\u00e7 als textos<\/a><\/p>\n<p dir=\"ltr\" data-placeholder=\"Traducci\u00f3\">&#8211; Franc\u00e8s 1: <a href=\"https:\/\/photos.app.goo.gl\/NTa1Foup2iXuhDUBA\">enlla\u00e7 als textos<\/a><\/p>\n<p dir=\"ltr\" data-placeholder=\"Traducci\u00f3\">&#8211; Franc\u00e8s 2: <a href=\"https:\/\/photos.app.goo.gl\/avTcFDU2oxwm8Toq7\">enlla\u00e7 als textos<\/a><\/p>\n<div class=\"QmZWSe\">\n<div class=\"DHcWmd\">\n<p id=\"tw-target-text\" class=\"tw-data-text tw-text-large tw-ta\" dir=\"ltr\" data-placeholder=\"Traducci\u00f3\"><span lang=\"ca\">&#8211; Franc\u00e8s 3: <a href=\"https:\/\/photos.app.goo.gl\/UGpu44X5xatT1qB19\">enlla\u00e7 als textos<\/a><\/span><\/p>\n<p dir=\"ltr\" data-placeholder=\"Traducci\u00f3\"><span lang=\"ca\">&#8211; Curs d&#8217;Acc\u00e9s a Grau Mitj\u00e0 (CAM): <a href=\"https:\/\/photos.app.goo.gl\/kY5KRbXnfikKDdEc8\">enlla\u00e7 als textos<\/a><\/span><\/p>\n<p dir=\"ltr\" data-placeholder=\"Traducci\u00f3\"><span lang=\"ca\">&#8211; GES 2 Tarda: <a href=\"https:\/\/photos.app.goo.gl\/CaGHowHjfHEQZjsd9\">enlla\u00e7 als textos<\/a><\/span><\/p>\n<\/div>\n<\/div>\n","protected":false},"excerpt":{"rendered":"<p>MOSTRA LITER\u00c0RIA DE SANT JORDI 2020<br \/>\nEncara que ens trobem confinats a casa a causa de la situaci\u00f3 actual provocada pel virus Covid-19, no vol\u00edem desaprofitar l&#8217;ocasi\u00f3 per celebrar amb tots vosaltres la festa m\u00e9s important de Catalunya, la diada de Sant Jordi.<br \/>\nAix\u00ed doncs, els&hellip;  <a href=\"https:\/\/agora.xtec.cat\/cfacatalonia\/general\/mostra-literaria-de-sant-jordi-2020\/\" title=\"Read MOSTRA LITER\u00c0RIA DE SANT JORDI 2020\">Llegeix m\u00e9s\u00bb<\/a><\/p>\n","protected":false},"author":1,"featured_media":0,"comment_status":"open","ping_status":"closed","sticky":false,"template":"","format":"standard","meta":{"_bbp_topic_count":0,"_bbp_reply_count":0,"_bbp_total_topic_count":0,"_bbp_total_reply_count":0,"_bbp_voice_count":0,"_bbp_anonymous_reply_count":0,"_bbp_topic_count_hidden":0,"_bbp_reply_count_hidden":0,"_bbp_forum_subforum_count":0,"footnotes":""},"categories":[81,89,88,83,82,110,1,79,29,80],"tags":[],"class_list":["post-931","post","type-post","status-publish","format-standard","hentry","category-cam","category-castella","category-catala","category-competic","category-english","category-frances","category-general","category-ges","category-portada","category-cfgs"],"post_mailing_queue_ids":[],"_links":{"self":[{"href":"https:\/\/agora.xtec.cat\/cfacatalonia\/wp-json\/wp\/v2\/posts\/931","targetHints":{"allow":["GET"]}}],"collection":[{"href":"https:\/\/agora.xtec.cat\/cfacatalonia\/wp-json\/wp\/v2\/posts"}],"about":[{"href":"https:\/\/agora.xtec.cat\/cfacatalonia\/wp-json\/wp\/v2\/types\/post"}],"author":[{"embeddable":true,"href":"https:\/\/agora.xtec.cat\/cfacatalonia\/wp-json\/wp\/v2\/users\/1"}],"replies":[{"embeddable":true,"href":"https:\/\/agora.xtec.cat\/cfacatalonia\/wp-json\/wp\/v2\/comments?post=931"}],"version-history":[{"count":3,"href":"https:\/\/agora.xtec.cat\/cfacatalonia\/wp-json\/wp\/v2\/posts\/931\/revisions"}],"predecessor-version":[{"id":951,"href":"https:\/\/agora.xtec.cat\/cfacatalonia\/wp-json\/wp\/v2\/posts\/931\/revisions\/951"}],"wp:attachment":[{"href":"https:\/\/agora.xtec.cat\/cfacatalonia\/wp-json\/wp\/v2\/media?parent=931"}],"wp:term":[{"taxonomy":"category","embeddable":true,"href":"https:\/\/agora.xtec.cat\/cfacatalonia\/wp-json\/wp\/v2\/categories?post=931"},{"taxonomy":"post_tag","embeddable":true,"href":"https:\/\/agora.xtec.cat\/cfacatalonia\/wp-json\/wp\/v2\/tags?post=931"}],"curies":[{"name":"wp","href":"https:\/\/api.w.org\/{rel}","templated":true}]}}