{"id":913,"date":"2020-01-17T08:22:29","date_gmt":"2020-01-17T07:22:29","guid":{"rendered":"http:\/\/agora.xtec.cat\/cfacatalonia\/?p=913"},"modified":"2020-01-17T11:11:19","modified_gmt":"2020-01-17T10:11:19","slug":"festa-de-nadal-desembre-2019","status":"publish","type":"post","link":"https:\/\/agora.xtec.cat\/cfacatalonia\/general\/festa-de-nadal-desembre-2019\/","title":{"rendered":"Festa de Nadal &#8211; Desembre 2019"},"content":{"rendered":"<p>El 19 de desembre passar\u00e0 a la hist\u00f2ria del nostre 2019 com el de la festa de Nadal. Molts alumnes han vingut a les sessions de mat\u00ed i de vespre que hem organitzat per a ells. Sense la seva col.laboraci\u00f3 res no hagu\u00e9s estat possible.<\/p>\n<p>Al mat\u00ed, els alumnes d&#8217;angl\u00e8s i franc\u00e8s del centre han cantat una nadala en angl\u00e8s i franc\u00e8s, respectivament, nadala que van preparar a classe amb les professores: Marisa (professora d&#8217;angl\u00e8s) i Laia (professora de franc\u00e8s). A la tarda, els alumnes de catal\u00e0 i castell\u00e0, gracies a la col\u00b7laboraci\u00f3 de l&#8217;alumna Aurora Peso, han cantat tamb\u00e9 una nadala en cadascun dels idiomes.<\/p>\n<p>Els alumnes han dut llurs menjars i nosaltres hem posat begudes i torrons. Els \u00e0pats han voltat per totes les taules i han acompanyat amb generositat els bons desitjos que tenim per a tothom al 2020.<\/p>\n<p>Les fotos que hem fet les penjarem <a href=\"https:\/\/photos.app.goo.gl\/7aGcR6pM63a9rxYm7\">aqu\u00ed<\/a>.<\/p>\n<p style=\"text-align: center;\"><img loading=\"lazy\" decoding=\"async\" class=\"alignleft size-full wp-image-915\" src=\"https:\/\/agora.xtec.cat\/cfacatalonia\/wp-content\/uploads\/usu1479\/2020\/01\/Festa-de-Nadal.jpg\" alt=\"\" width=\"1754\" height=\"1241\" srcset=\"https:\/\/agora.xtec.cat\/cfacatalonia\/wp-content\/uploads\/usu1479\/2020\/01\/Festa-de-Nadal.jpg 1754w, https:\/\/agora.xtec.cat\/cfacatalonia\/wp-content\/uploads\/usu1479\/2020\/01\/Festa-de-Nadal-300x212.jpg 300w, https:\/\/agora.xtec.cat\/cfacatalonia\/wp-content\/uploads\/usu1479\/2020\/01\/Festa-de-Nadal-768x543.jpg 768w, https:\/\/agora.xtec.cat\/cfacatalonia\/wp-content\/uploads\/usu1479\/2020\/01\/Festa-de-Nadal-1024x725.jpg 1024w\" sizes=\"auto, (max-width: 1754px) 100vw, 1754px\" \/><\/p>\n","protected":false},"excerpt":{"rendered":"<p>El 19 de desembre passar\u00e0 a la hist\u00f2ria del nostre 2019 com el de la festa de Nadal. Molts alumnes han vingut a les sessions de mat\u00ed i de vespre que hem organitzat per a ells. Sense la seva col.laboraci\u00f3 res no hagu\u00e9s estat possible.<br \/>\nAl&hellip;  <a href=\"https:\/\/agora.xtec.cat\/cfacatalonia\/general\/festa-de-nadal-desembre-2019\/\" title=\"Read Festa de Nadal &#8211; Desembre 2019\">Llegeix m\u00e9s\u00bb<\/a><\/p>\n","protected":false},"author":1,"featured_media":0,"comment_status":"open","ping_status":"closed","sticky":false,"template":"","format":"standard","meta":{"_bbp_topic_count":0,"_bbp_reply_count":0,"_bbp_total_topic_count":0,"_bbp_total_reply_count":0,"_bbp_voice_count":0,"_bbp_anonymous_reply_count":0,"_bbp_topic_count_hidden":0,"_bbp_reply_count_hidden":0,"_bbp_forum_subforum_count":0,"footnotes":""},"categories":[81,89,88,83,82,110,1,79,29,80],"tags":[],"class_list":["post-913","post","type-post","status-publish","format-standard","hentry","category-cam","category-castella","category-catala","category-competic","category-english","category-frances","category-general","category-ges","category-portada","category-cfgs"],"post_mailing_queue_ids":[],"_links":{"self":[{"href":"https:\/\/agora.xtec.cat\/cfacatalonia\/wp-json\/wp\/v2\/posts\/913","targetHints":{"allow":["GET"]}}],"collection":[{"href":"https:\/\/agora.xtec.cat\/cfacatalonia\/wp-json\/wp\/v2\/posts"}],"about":[{"href":"https:\/\/agora.xtec.cat\/cfacatalonia\/wp-json\/wp\/v2\/types\/post"}],"author":[{"embeddable":true,"href":"https:\/\/agora.xtec.cat\/cfacatalonia\/wp-json\/wp\/v2\/users\/1"}],"replies":[{"embeddable":true,"href":"https:\/\/agora.xtec.cat\/cfacatalonia\/wp-json\/wp\/v2\/comments?post=913"}],"version-history":[{"count":3,"href":"https:\/\/agora.xtec.cat\/cfacatalonia\/wp-json\/wp\/v2\/posts\/913\/revisions"}],"predecessor-version":[{"id":917,"href":"https:\/\/agora.xtec.cat\/cfacatalonia\/wp-json\/wp\/v2\/posts\/913\/revisions\/917"}],"wp:attachment":[{"href":"https:\/\/agora.xtec.cat\/cfacatalonia\/wp-json\/wp\/v2\/media?parent=913"}],"wp:term":[{"taxonomy":"category","embeddable":true,"href":"https:\/\/agora.xtec.cat\/cfacatalonia\/wp-json\/wp\/v2\/categories?post=913"},{"taxonomy":"post_tag","embeddable":true,"href":"https:\/\/agora.xtec.cat\/cfacatalonia\/wp-json\/wp\/v2\/tags?post=913"}],"curies":[{"name":"wp","href":"https:\/\/api.w.org\/{rel}","templated":true}]}}