{"id":890,"date":"2019-10-18T10:23:08","date_gmt":"2019-10-18T08:23:08","guid":{"rendered":"http:\/\/agora.xtec.cat\/cfacatalonia\/?p=890"},"modified":"2019-10-18T10:24:01","modified_gmt":"2019-10-18T08:24:01","slug":"caminada-a-lermita-de-santa-maria-de-bellvitge","status":"publish","type":"post","link":"https:\/\/agora.xtec.cat\/cfacatalonia\/general\/caminada-a-lermita-de-santa-maria-de-bellvitge\/","title":{"rendered":"Caminada a l\u2019Ermita de Santa Maria de Bellvitge"},"content":{"rendered":"<p>Aquest curs 2019-2020 l&#8217;hem inaugurat amb la primera activitat de centre, la caminada a l&#8217;Ermita de Santa Maria de Bellvitge. En aquesta visita, vam gaudir d&#8217;una visita guiada per Josep Maria Solias, Cap de Patrimoni de l&#8217;Ajuntament i Director del Museu d&#8217;Historia de l&#8217;Hospitalet de Llobregat. Durant la caminada ens va explicar la hist\u00f2ria tant de la F\u00e0brica God\u00f3 i Trias, d&#8217;estil modernista; com de l&#8217;Ermita de Santa Maria de Bellvitge. Per concloure la visita, tots plegats vam prendre un refrigeri al Bar &#8220;La Flama&#8221;.<\/p>\n<p><img loading=\"lazy\" decoding=\"async\" class=\" wp-image-891 aligncenter\" src=\"https:\/\/agora.xtec.cat\/cfacatalonia\/wp-content\/uploads\/usu1479\/2019\/10\/Cartell.jpg\" alt=\"\" width=\"474\" height=\"288\" \/><\/p>\n<p>Podeu gaudir de les fotos de la sortida a trav\u00e9s del seg\u00fcent enlla\u00e7: <a href=\"https:\/\/photos.app.goo.gl\/ScXHZcL2ayL3FCLs5\">Caminada a l\u2019Ermita de Santa Maria de Bellvitge<\/a><\/p>\n","protected":false},"excerpt":{"rendered":"<p>Aquest curs 2019-2020 l&#8217;hem inaugurat amb la primera activitat de centre, la caminada a l&#8217;Ermita de Santa Maria de Bellvitge. En aquesta visita, vam gaudir d&#8217;una visita guiada per Josep Maria Solias, Cap de Patrimoni de l&#8217;Ajuntament i Director del Museu d&#8217;Historia de l&#8217;Hospitalet de&hellip;  <a href=\"https:\/\/agora.xtec.cat\/cfacatalonia\/general\/caminada-a-lermita-de-santa-maria-de-bellvitge\/\" title=\"Read Caminada a l\u2019Ermita de Santa Maria de Bellvitge\">Llegeix m\u00e9s\u00bb<\/a><\/p>\n","protected":false},"author":1,"featured_media":0,"comment_status":"open","ping_status":"closed","sticky":false,"template":"","format":"standard","meta":{"_bbp_topic_count":0,"_bbp_reply_count":0,"_bbp_total_topic_count":0,"_bbp_total_reply_count":0,"_bbp_voice_count":0,"_bbp_anonymous_reply_count":0,"_bbp_topic_count_hidden":0,"_bbp_reply_count_hidden":0,"_bbp_forum_subforum_count":0,"footnotes":""},"categories":[81,89,88,83,82,110,1,79,29,80],"tags":[],"class_list":["post-890","post","type-post","status-publish","format-standard","hentry","category-cam","category-castella","category-catala","category-competic","category-english","category-frances","category-general","category-ges","category-portada","category-cfgs"],"post_mailing_queue_ids":[],"_links":{"self":[{"href":"https:\/\/agora.xtec.cat\/cfacatalonia\/wp-json\/wp\/v2\/posts\/890","targetHints":{"allow":["GET"]}}],"collection":[{"href":"https:\/\/agora.xtec.cat\/cfacatalonia\/wp-json\/wp\/v2\/posts"}],"about":[{"href":"https:\/\/agora.xtec.cat\/cfacatalonia\/wp-json\/wp\/v2\/types\/post"}],"author":[{"embeddable":true,"href":"https:\/\/agora.xtec.cat\/cfacatalonia\/wp-json\/wp\/v2\/users\/1"}],"replies":[{"embeddable":true,"href":"https:\/\/agora.xtec.cat\/cfacatalonia\/wp-json\/wp\/v2\/comments?post=890"}],"version-history":[{"count":1,"href":"https:\/\/agora.xtec.cat\/cfacatalonia\/wp-json\/wp\/v2\/posts\/890\/revisions"}],"predecessor-version":[{"id":892,"href":"https:\/\/agora.xtec.cat\/cfacatalonia\/wp-json\/wp\/v2\/posts\/890\/revisions\/892"}],"wp:attachment":[{"href":"https:\/\/agora.xtec.cat\/cfacatalonia\/wp-json\/wp\/v2\/media?parent=890"}],"wp:term":[{"taxonomy":"category","embeddable":true,"href":"https:\/\/agora.xtec.cat\/cfacatalonia\/wp-json\/wp\/v2\/categories?post=890"},{"taxonomy":"post_tag","embeddable":true,"href":"https:\/\/agora.xtec.cat\/cfacatalonia\/wp-json\/wp\/v2\/tags?post=890"}],"curies":[{"name":"wp","href":"https:\/\/api.w.org\/{rel}","templated":true}]}}