{"id":873,"date":"2019-05-31T11:59:01","date_gmt":"2019-05-31T09:59:01","guid":{"rendered":"http:\/\/agora.xtec.cat\/cfacatalonia\/?p=873"},"modified":"2019-05-31T11:59:01","modified_gmt":"2019-05-31T09:59:01","slug":"sortida-al-monestir-de-poblet-i-santes-creus","status":"publish","type":"post","link":"https:\/\/agora.xtec.cat\/cfacatalonia\/general\/sortida-al-monestir-de-poblet-i-santes-creus\/","title":{"rendered":"Sortida al Monestir de Poblet i Santes Creus."},"content":{"rendered":"<p>El passat dia 15 de maig els alumnes d&#8217;angl\u00e8s van visitar el Reial Monestir de Santa Maria de Poblet i el Reial Monestir de Santa Maria de Santes Creus. Vam gaudir molt amb la visita a aquests monestirs perqu\u00e8, a m\u00e9s a m\u00e9s, vam tenir un guia en angl\u00e8s en cadascun dels dos llocs. L&#8217;experi\u00e8ncia fou molt gratificant en comprovar que els coneixements dels nostres alumnes els permetien entendre all\u00f2 que el guia els anava explicant amb l&#8217;ajuda tamb\u00e9 de la professora d&#8217;angl\u00e8s Marisa.<\/p>\n<p><img loading=\"lazy\" decoding=\"async\" class=\"wp-image-875 aligncenter\" src=\"https:\/\/agora.xtec.cat\/cfacatalonia\/wp-content\/uploads\/usu1479\/2019\/05\/Poblet-1.jpg\" alt=\"\" width=\"347\" height=\"234\" srcset=\"https:\/\/agora.xtec.cat\/cfacatalonia\/wp-content\/uploads\/usu1479\/2019\/05\/Poblet-1.jpg 591w, https:\/\/agora.xtec.cat\/cfacatalonia\/wp-content\/uploads\/usu1479\/2019\/05\/Poblet-1-300x202.jpg 300w\" sizes=\"auto, (max-width: 347px) 100vw, 347px\" \/><\/p>\n<p>Podeu accedir a les fotos de la visita a trav\u00e9s del seg\u00fcent enlla\u00e7: <a href=\"https:\/\/photos.app.goo.gl\/tMisVvfV9ereLk7w5\">FOTOS<\/a><\/p>\n","protected":false},"excerpt":{"rendered":"<p>El passat dia 15 de maig els alumnes d&#8217;angl\u00e8s van visitar el Reial Monestir de Santa Maria de Poblet i el Reial Monestir de Santa Maria de Santes Creus. Vam gaudir molt amb la visita a aquests monestirs perqu\u00e8, a m\u00e9s a m\u00e9s, vam tenir&hellip;  <a href=\"https:\/\/agora.xtec.cat\/cfacatalonia\/general\/sortida-al-monestir-de-poblet-i-santes-creus\/\" title=\"Read Sortida al Monestir de Poblet i Santes Creus.\">Llegeix m\u00e9s\u00bb<\/a><\/p>\n","protected":false},"author":1,"featured_media":0,"comment_status":"open","ping_status":"closed","sticky":false,"template":"","format":"standard","meta":{"_bbp_topic_count":0,"_bbp_reply_count":0,"_bbp_total_topic_count":0,"_bbp_total_reply_count":0,"_bbp_voice_count":0,"_bbp_anonymous_reply_count":0,"_bbp_topic_count_hidden":0,"_bbp_reply_count_hidden":0,"_bbp_forum_subforum_count":0,"footnotes":""},"categories":[81,89,88,83,82,110,1,79,29,80],"tags":[],"class_list":["post-873","post","type-post","status-publish","format-standard","hentry","category-cam","category-castella","category-catala","category-competic","category-english","category-frances","category-general","category-ges","category-portada","category-cfgs"],"post_mailing_queue_ids":[],"_links":{"self":[{"href":"https:\/\/agora.xtec.cat\/cfacatalonia\/wp-json\/wp\/v2\/posts\/873","targetHints":{"allow":["GET"]}}],"collection":[{"href":"https:\/\/agora.xtec.cat\/cfacatalonia\/wp-json\/wp\/v2\/posts"}],"about":[{"href":"https:\/\/agora.xtec.cat\/cfacatalonia\/wp-json\/wp\/v2\/types\/post"}],"author":[{"embeddable":true,"href":"https:\/\/agora.xtec.cat\/cfacatalonia\/wp-json\/wp\/v2\/users\/1"}],"replies":[{"embeddable":true,"href":"https:\/\/agora.xtec.cat\/cfacatalonia\/wp-json\/wp\/v2\/comments?post=873"}],"version-history":[{"count":1,"href":"https:\/\/agora.xtec.cat\/cfacatalonia\/wp-json\/wp\/v2\/posts\/873\/revisions"}],"predecessor-version":[{"id":876,"href":"https:\/\/agora.xtec.cat\/cfacatalonia\/wp-json\/wp\/v2\/posts\/873\/revisions\/876"}],"wp:attachment":[{"href":"https:\/\/agora.xtec.cat\/cfacatalonia\/wp-json\/wp\/v2\/media?parent=873"}],"wp:term":[{"taxonomy":"category","embeddable":true,"href":"https:\/\/agora.xtec.cat\/cfacatalonia\/wp-json\/wp\/v2\/categories?post=873"},{"taxonomy":"post_tag","embeddable":true,"href":"https:\/\/agora.xtec.cat\/cfacatalonia\/wp-json\/wp\/v2\/tags?post=873"}],"curies":[{"name":"wp","href":"https:\/\/api.w.org\/{rel}","templated":true}]}}