{"id":857,"date":"2019-04-26T13:38:08","date_gmt":"2019-04-26T11:38:08","guid":{"rendered":"http:\/\/agora.xtec.cat\/cfacatalonia\/?p=857"},"modified":"2019-04-26T13:38:47","modified_gmt":"2019-04-26T11:38:47","slug":"sant-jordi-18-19-certamen-literari","status":"publish","type":"post","link":"https:\/\/agora.xtec.cat\/cfacatalonia\/general\/sant-jordi-18-19-certamen-literari\/","title":{"rendered":"Sant Jordi 18-19. Certamen Literari"},"content":{"rendered":"<p>Dimarts 23 d&#8217;abril, com cada any, vam celebrar al centre el Certamen Literari de Sant Jordi. Aquest any vam gaudir de Sant Jordi amb la xarrada a c\u00e0rrec del coach Joan Carles Folia, el qual, ens convida a apropar-nos a la felicitat. Vam coneixer les estrat\u00e8gies de creixement i millora personal d\u2019acord amb la idea que la felicitat no \u00e9s un punt d\u2019arribada sin\u00f3 un cam\u00ed a rec\u00f3rrer. Ens va orientar per recuperar la confian\u00e7a i la seguretat necess\u00e0ries per exercir el dret a viure amb felicitat. Finalment, hem d&#8217;agrair als nostres alumnes la seva dedicaci\u00f3 i el gran nivell dels texts guanyadors del certamen literari d&#8217;aquest any. Com cada any, podeu trobar les fotos del Certamen Literari en el seg\u00fcent enlla\u00e7: <a href=\"https:\/\/photos.app.goo.gl\/fmKXfWmhjuQPPNic6\">FOTOS CERTAMEN<\/a><br \/>\n<img loading=\"lazy\" decoding=\"async\" class=\"alignleft wp-image-858\" src=\"https:\/\/agora.xtec.cat\/cfacatalonia\/wp-content\/uploads\/usu1479\/2019\/04\/Cartell-Sant-Jordi-2019.jpg\" alt=\"\" width=\"393\" height=\"556\" srcset=\"https:\/\/agora.xtec.cat\/cfacatalonia\/wp-content\/uploads\/usu1479\/2019\/04\/Cartell-Sant-Jordi-2019.jpg 2481w, https:\/\/agora.xtec.cat\/cfacatalonia\/wp-content\/uploads\/usu1479\/2019\/04\/Cartell-Sant-Jordi-2019-212x300.jpg 212w, https:\/\/agora.xtec.cat\/cfacatalonia\/wp-content\/uploads\/usu1479\/2019\/04\/Cartell-Sant-Jordi-2019-768x1086.jpg 768w, https:\/\/agora.xtec.cat\/cfacatalonia\/wp-content\/uploads\/usu1479\/2019\/04\/Cartell-Sant-Jordi-2019-724x1024.jpg 724w\" sizes=\"auto, (max-width: 393px) 100vw, 393px\" \/><img loading=\"lazy\" decoding=\"async\" class=\"alignleft wp-image-859\" src=\"https:\/\/agora.xtec.cat\/cfacatalonia\/wp-content\/uploads\/usu1479\/2019\/04\/Textos-Seleccionats.jpg\" alt=\"\" width=\"393\" height=\"555\" srcset=\"https:\/\/agora.xtec.cat\/cfacatalonia\/wp-content\/uploads\/usu1479\/2019\/04\/Textos-Seleccionats.jpg 2481w, https:\/\/agora.xtec.cat\/cfacatalonia\/wp-content\/uploads\/usu1479\/2019\/04\/Textos-Seleccionats-212x300.jpg 212w, https:\/\/agora.xtec.cat\/cfacatalonia\/wp-content\/uploads\/usu1479\/2019\/04\/Textos-Seleccionats-768x1086.jpg 768w, https:\/\/agora.xtec.cat\/cfacatalonia\/wp-content\/uploads\/usu1479\/2019\/04\/Textos-Seleccionats-724x1024.jpg 724w\" sizes=\"auto, (max-width: 393px) 100vw, 393px\" \/><\/p>\n","protected":false},"excerpt":{"rendered":"<p>Dimarts 23 d&#8217;abril, com cada any, vam celebrar al centre el Certamen Literari de Sant Jordi. Aquest any vam gaudir de Sant Jordi amb la xarrada a c\u00e0rrec del coach Joan Carles Folia, el qual, ens convida a apropar-nos a la felicitat. Vam coneixer les&hellip;  <a href=\"https:\/\/agora.xtec.cat\/cfacatalonia\/general\/sant-jordi-18-19-certamen-literari\/\" title=\"Read Sant Jordi 18-19. Certamen Literari\">Llegeix m\u00e9s\u00bb<\/a><\/p>\n","protected":false},"author":1,"featured_media":0,"comment_status":"open","ping_status":"closed","sticky":false,"template":"","format":"standard","meta":{"_bbp_topic_count":0,"_bbp_reply_count":0,"_bbp_total_topic_count":0,"_bbp_total_reply_count":0,"_bbp_voice_count":0,"_bbp_anonymous_reply_count":0,"_bbp_topic_count_hidden":0,"_bbp_reply_count_hidden":0,"_bbp_forum_subforum_count":0,"footnotes":""},"categories":[81,89,88,83,82,110,1,79,29,80],"tags":[],"class_list":["post-857","post","type-post","status-publish","format-standard","hentry","category-cam","category-castella","category-catala","category-competic","category-english","category-frances","category-general","category-ges","category-portada","category-cfgs"],"post_mailing_queue_ids":[],"_links":{"self":[{"href":"https:\/\/agora.xtec.cat\/cfacatalonia\/wp-json\/wp\/v2\/posts\/857","targetHints":{"allow":["GET"]}}],"collection":[{"href":"https:\/\/agora.xtec.cat\/cfacatalonia\/wp-json\/wp\/v2\/posts"}],"about":[{"href":"https:\/\/agora.xtec.cat\/cfacatalonia\/wp-json\/wp\/v2\/types\/post"}],"author":[{"embeddable":true,"href":"https:\/\/agora.xtec.cat\/cfacatalonia\/wp-json\/wp\/v2\/users\/1"}],"replies":[{"embeddable":true,"href":"https:\/\/agora.xtec.cat\/cfacatalonia\/wp-json\/wp\/v2\/comments?post=857"}],"version-history":[{"count":1,"href":"https:\/\/agora.xtec.cat\/cfacatalonia\/wp-json\/wp\/v2\/posts\/857\/revisions"}],"predecessor-version":[{"id":860,"href":"https:\/\/agora.xtec.cat\/cfacatalonia\/wp-json\/wp\/v2\/posts\/857\/revisions\/860"}],"wp:attachment":[{"href":"https:\/\/agora.xtec.cat\/cfacatalonia\/wp-json\/wp\/v2\/media?parent=857"}],"wp:term":[{"taxonomy":"category","embeddable":true,"href":"https:\/\/agora.xtec.cat\/cfacatalonia\/wp-json\/wp\/v2\/categories?post=857"},{"taxonomy":"post_tag","embeddable":true,"href":"https:\/\/agora.xtec.cat\/cfacatalonia\/wp-json\/wp\/v2\/tags?post=857"}],"curies":[{"name":"wp","href":"https:\/\/api.w.org\/{rel}","templated":true}]}}