{"id":837,"date":"2019-04-02T09:48:23","date_gmt":"2019-04-02T07:48:23","guid":{"rendered":"http:\/\/agora.xtec.cat\/cfacatalonia\/?p=837"},"modified":"2019-04-02T09:51:53","modified_gmt":"2019-04-02T07:51:53","slug":"sortida-al-caixaforum","status":"publish","type":"post","link":"https:\/\/agora.xtec.cat\/cfacatalonia\/general\/sortida-al-caixaforum\/","title":{"rendered":"Sortida al CaixaForum"},"content":{"rendered":"<p>El passat dijous 28 de febrer del 2019 els alumnes del Curs d\u2019acc\u00e9s a Grau Mitj\u00e0 van fer una sortida al CaixaForum per gaudir de l\u2019exposici\u00f3 <em>\u201cVelazquez i el Segle d\u2019Or\u201d<\/em>. Una exposici\u00f3 molt enriquidora formada per: una selecci\u00f3 de quadres relacionats amb Vel\u00e1zquez, les col\u00b7leccions reials espanyoles i la pintura del Segle d\u2019Or.<\/p>\n<p><img loading=\"lazy\" decoding=\"async\" class=\"wp-image-838 aligncenter\" src=\"https:\/\/agora.xtec.cat\/cfacatalonia\/wp-content\/uploads\/usu1479\/2019\/04\/IMG-20190328-WA0000.jpg\" alt=\"\" width=\"471\" height=\"237\" \/><\/p>\n<p>Podeu veure la resta de fotos a trav\u00e9s dels seg\u00fcent enlla\u00e7: <a href=\"https:\/\/photos.app.goo.gl\/GaWmkcPUViTtRF4b8\">FOTOS CAIXAFORUM<\/a><\/p>\n","protected":false},"excerpt":{"rendered":"<p>El passat dijous 28 de febrer del 2019 els alumnes del Curs d\u2019acc\u00e9s a Grau Mitj\u00e0 van fer una sortida al CaixaForum per gaudir de l\u2019exposici\u00f3 \u201cVelazquez i el Segle d\u2019Or\u201d. Una exposici\u00f3 molt enriquidora formada per: una selecci\u00f3 de quadres relacionats amb Vel\u00e1zquez, les&hellip;  <a href=\"https:\/\/agora.xtec.cat\/cfacatalonia\/general\/sortida-al-caixaforum\/\" title=\"Read Sortida al CaixaForum\">Llegeix m\u00e9s\u00bb<\/a><\/p>\n","protected":false},"author":1,"featured_media":0,"comment_status":"open","ping_status":"closed","sticky":false,"template":"","format":"standard","meta":{"_bbp_topic_count":0,"_bbp_reply_count":0,"_bbp_total_topic_count":0,"_bbp_total_reply_count":0,"_bbp_voice_count":0,"_bbp_anonymous_reply_count":0,"_bbp_topic_count_hidden":0,"_bbp_reply_count_hidden":0,"_bbp_forum_subforum_count":0,"footnotes":""},"categories":[81,89,88,83,82,110,1,79,29,80],"tags":[],"class_list":["post-837","post","type-post","status-publish","format-standard","hentry","category-cam","category-castella","category-catala","category-competic","category-english","category-frances","category-general","category-ges","category-portada","category-cfgs"],"post_mailing_queue_ids":[],"_links":{"self":[{"href":"https:\/\/agora.xtec.cat\/cfacatalonia\/wp-json\/wp\/v2\/posts\/837","targetHints":{"allow":["GET"]}}],"collection":[{"href":"https:\/\/agora.xtec.cat\/cfacatalonia\/wp-json\/wp\/v2\/posts"}],"about":[{"href":"https:\/\/agora.xtec.cat\/cfacatalonia\/wp-json\/wp\/v2\/types\/post"}],"author":[{"embeddable":true,"href":"https:\/\/agora.xtec.cat\/cfacatalonia\/wp-json\/wp\/v2\/users\/1"}],"replies":[{"embeddable":true,"href":"https:\/\/agora.xtec.cat\/cfacatalonia\/wp-json\/wp\/v2\/comments?post=837"}],"version-history":[{"count":2,"href":"https:\/\/agora.xtec.cat\/cfacatalonia\/wp-json\/wp\/v2\/posts\/837\/revisions"}],"predecessor-version":[{"id":840,"href":"https:\/\/agora.xtec.cat\/cfacatalonia\/wp-json\/wp\/v2\/posts\/837\/revisions\/840"}],"wp:attachment":[{"href":"https:\/\/agora.xtec.cat\/cfacatalonia\/wp-json\/wp\/v2\/media?parent=837"}],"wp:term":[{"taxonomy":"category","embeddable":true,"href":"https:\/\/agora.xtec.cat\/cfacatalonia\/wp-json\/wp\/v2\/categories?post=837"},{"taxonomy":"post_tag","embeddable":true,"href":"https:\/\/agora.xtec.cat\/cfacatalonia\/wp-json\/wp\/v2\/tags?post=837"}],"curies":[{"name":"wp","href":"https:\/\/api.w.org\/{rel}","templated":true}]}}