{"id":805,"date":"2018-12-21T12:34:39","date_gmt":"2018-12-21T11:34:39","guid":{"rendered":"http:\/\/agora.xtec.cat\/cfacatalonia\/?p=805"},"modified":"2019-02-01T11:35:36","modified_gmt":"2019-02-01T10:35:36","slug":"festa-de-nadal_desembre-2018","status":"publish","type":"post","link":"https:\/\/agora.xtec.cat\/cfacatalonia\/general\/festa-de-nadal_desembre-2018\/","title":{"rendered":"Festa de Nadal_Desembre 2018"},"content":{"rendered":"<p><img loading=\"lazy\" decoding=\"async\" class=\"wp-image-810 aligncenter\" src=\"https:\/\/agora.xtec.cat\/cfacatalonia\/wp-content\/uploads\/usu1479\/2018\/12\/IMG-20181205-WA0002.jpg\" alt=\"\" width=\"315\" height=\"410\" \/><\/p>\n<p>El 20 de desembre passar\u00e0 a la hist\u00f2ria del nostre 2018 no nom\u00e9s com el de la festa de Nadal, sin\u00f3 m\u00e9s aviat per la Jubilaci\u00f3 de la nostra benvolguda professora Pilar Gomis, que es jubila despr\u00e9s d&#8217;haver-nos acompanyat des de l&#8217;any 2009. Molts alumnes van voler donar-li les gracies i felicitar-la amb un mural que va rec\u00f2rrer tot el suro de l&#8217;escola. Va ser un dia inoblidable per a molts de nosaltres i volem donar-los les gr\u00e0cies a tots els alumnes que ens van acompanyar en aquest dia tan especial per a tots, sense la seva col.laboraci\u00f3 res no hagu\u00e9s estat possible.<\/p>\n<p>Els alumnes han dut llurs menjars i nosaltres hem posat begudes i torrons. Els \u00e0pats han voltat per totes les taules i han acompanyat amb generositat els bons desitjos que tenim per a tothom al 2019. Finalment, hem brindat i cantat tots plegats la can\u00e7\u00f3 de Nadal &#8220;Adestes Fideles&#8221;.<\/p>\n<p>Les fotos i videos de la festa les podeu trobar <a href=\"https:\/\/photos.app.goo.gl\/beNtajYoGXFzRAE99\">aqu\u00ed<\/a>.<\/p>\n","protected":false},"excerpt":{"rendered":"<p>El 20 de desembre passar\u00e0 a la hist\u00f2ria del nostre 2018 no nom\u00e9s com el de la festa de Nadal, sin\u00f3 m\u00e9s aviat per la Jubilaci\u00f3 de la nostra benvolguda professora Pilar Gomis, que es jubila despr\u00e9s d&#8217;haver-nos acompanyat des de l&#8217;any 2009. Molts alumnes&hellip;  <a href=\"https:\/\/agora.xtec.cat\/cfacatalonia\/general\/festa-de-nadal_desembre-2018\/\" title=\"Read Festa de Nadal_Desembre 2018\">Llegeix m\u00e9s\u00bb<\/a><\/p>\n","protected":false},"author":1,"featured_media":0,"comment_status":"open","ping_status":"closed","sticky":false,"template":"","format":"standard","meta":{"_bbp_topic_count":0,"_bbp_reply_count":0,"_bbp_total_topic_count":0,"_bbp_total_reply_count":0,"_bbp_voice_count":0,"_bbp_anonymous_reply_count":0,"_bbp_topic_count_hidden":0,"_bbp_reply_count_hidden":0,"_bbp_forum_subforum_count":0,"footnotes":""},"categories":[81,89,88,83,82,110,1,79,29,80],"tags":[],"class_list":["post-805","post","type-post","status-publish","format-standard","hentry","category-cam","category-castella","category-catala","category-competic","category-english","category-frances","category-general","category-ges","category-portada","category-cfgs"],"post_mailing_queue_ids":[],"_links":{"self":[{"href":"https:\/\/agora.xtec.cat\/cfacatalonia\/wp-json\/wp\/v2\/posts\/805","targetHints":{"allow":["GET"]}}],"collection":[{"href":"https:\/\/agora.xtec.cat\/cfacatalonia\/wp-json\/wp\/v2\/posts"}],"about":[{"href":"https:\/\/agora.xtec.cat\/cfacatalonia\/wp-json\/wp\/v2\/types\/post"}],"author":[{"embeddable":true,"href":"https:\/\/agora.xtec.cat\/cfacatalonia\/wp-json\/wp\/v2\/users\/1"}],"replies":[{"embeddable":true,"href":"https:\/\/agora.xtec.cat\/cfacatalonia\/wp-json\/wp\/v2\/comments?post=805"}],"version-history":[{"count":3,"href":"https:\/\/agora.xtec.cat\/cfacatalonia\/wp-json\/wp\/v2\/posts\/805\/revisions"}],"predecessor-version":[{"id":815,"href":"https:\/\/agora.xtec.cat\/cfacatalonia\/wp-json\/wp\/v2\/posts\/805\/revisions\/815"}],"wp:attachment":[{"href":"https:\/\/agora.xtec.cat\/cfacatalonia\/wp-json\/wp\/v2\/media?parent=805"}],"wp:term":[{"taxonomy":"category","embeddable":true,"href":"https:\/\/agora.xtec.cat\/cfacatalonia\/wp-json\/wp\/v2\/categories?post=805"},{"taxonomy":"post_tag","embeddable":true,"href":"https:\/\/agora.xtec.cat\/cfacatalonia\/wp-json\/wp\/v2\/tags?post=805"}],"curies":[{"name":"wp","href":"https:\/\/api.w.org\/{rel}","templated":true}]}}