{"id":801,"date":"2018-12-21T12:00:14","date_gmt":"2018-12-21T11:00:14","guid":{"rendered":"http:\/\/agora.xtec.cat\/cfacatalonia\/?p=801"},"modified":"2018-12-21T12:02:20","modified_gmt":"2018-12-21T11:02:20","slug":"sortida-al-centre-cultural-tecla-sala","status":"publish","type":"post","link":"https:\/\/agora.xtec.cat\/cfacatalonia\/general\/sortida-al-centre-cultural-tecla-sala\/","title":{"rendered":"Sortida al centre cultural Tecla Sala"},"content":{"rendered":"<p>Aquest curs 2018-2019 l&#8217;hem inaugurat amb la primera activitat de centre, la sortida al centre cultural Tecla Sala. En aquesta visita, vam gaudir d&#8217;una visita guiada per la directora que ens va explicar la hist\u00f2ria de l&#8217;equipament Tecla Sala i ens va mostrar l&#8217;exposici\u00f3 de Jaume Pitarch, &#8220;Invoice&#8221;. Per concloure la visita, tots plegats vam prendre un refrigeri al Bar &#8220;La Piscina&#8221;.<\/p>\n<p><img loading=\"lazy\" decoding=\"async\" class=\"wp-image-802 aligncenter\" src=\"https:\/\/agora.xtec.cat\/cfacatalonia\/wp-content\/uploads\/usu1479\/2018\/12\/4kxaokze_8820_original.jpg\" alt=\"\" width=\"305\" height=\"207\" \/><\/p>\n<p>Podeu gaudir de les fotos de la sortida a trav\u00e9s del seg\u00fcent enlla\u00e7: <a href=\"https:\/\/photos.app.goo.gl\/FRucmMTk9AhvLUKn9\">Sortida Tecla Sala_Octubre 2018<\/a><\/p>\n<p>&nbsp;<\/p>\n<p>&nbsp;<\/p>\n<p>&nbsp;<\/p>\n<p>&nbsp;<\/p>\n<p>&nbsp;<\/p>\n","protected":false},"excerpt":{"rendered":"<p>Aquest curs 2018-2019 l&#8217;hem inaugurat amb la primera activitat de centre, la sortida al centre cultural Tecla Sala. En aquesta visita, vam gaudir d&#8217;una visita guiada per la directora que ens va explicar la hist\u00f2ria de l&#8217;equipament Tecla Sala i ens va mostrar l&#8217;exposici\u00f3 de&hellip;  <a href=\"https:\/\/agora.xtec.cat\/cfacatalonia\/general\/sortida-al-centre-cultural-tecla-sala\/\" title=\"Read Sortida al centre cultural Tecla Sala\">Llegeix m\u00e9s\u00bb<\/a><\/p>\n","protected":false},"author":1,"featured_media":0,"comment_status":"open","ping_status":"closed","sticky":false,"template":"","format":"standard","meta":{"_bbp_topic_count":0,"_bbp_reply_count":0,"_bbp_total_topic_count":0,"_bbp_total_reply_count":0,"_bbp_voice_count":0,"_bbp_anonymous_reply_count":0,"_bbp_topic_count_hidden":0,"_bbp_reply_count_hidden":0,"_bbp_forum_subforum_count":0,"footnotes":""},"categories":[81,89,88,83,82,110,1,79,29,80],"tags":[],"class_list":["post-801","post","type-post","status-publish","format-standard","hentry","category-cam","category-castella","category-catala","category-competic","category-english","category-frances","category-general","category-ges","category-portada","category-cfgs"],"post_mailing_queue_ids":[],"_links":{"self":[{"href":"https:\/\/agora.xtec.cat\/cfacatalonia\/wp-json\/wp\/v2\/posts\/801","targetHints":{"allow":["GET"]}}],"collection":[{"href":"https:\/\/agora.xtec.cat\/cfacatalonia\/wp-json\/wp\/v2\/posts"}],"about":[{"href":"https:\/\/agora.xtec.cat\/cfacatalonia\/wp-json\/wp\/v2\/types\/post"}],"author":[{"embeddable":true,"href":"https:\/\/agora.xtec.cat\/cfacatalonia\/wp-json\/wp\/v2\/users\/1"}],"replies":[{"embeddable":true,"href":"https:\/\/agora.xtec.cat\/cfacatalonia\/wp-json\/wp\/v2\/comments?post=801"}],"version-history":[{"count":2,"href":"https:\/\/agora.xtec.cat\/cfacatalonia\/wp-json\/wp\/v2\/posts\/801\/revisions"}],"predecessor-version":[{"id":804,"href":"https:\/\/agora.xtec.cat\/cfacatalonia\/wp-json\/wp\/v2\/posts\/801\/revisions\/804"}],"wp:attachment":[{"href":"https:\/\/agora.xtec.cat\/cfacatalonia\/wp-json\/wp\/v2\/media?parent=801"}],"wp:term":[{"taxonomy":"category","embeddable":true,"href":"https:\/\/agora.xtec.cat\/cfacatalonia\/wp-json\/wp\/v2\/categories?post=801"},{"taxonomy":"post_tag","embeddable":true,"href":"https:\/\/agora.xtec.cat\/cfacatalonia\/wp-json\/wp\/v2\/tags?post=801"}],"curies":[{"name":"wp","href":"https:\/\/api.w.org\/{rel}","templated":true}]}}