{"id":503,"date":"2017-03-08T19:00:04","date_gmt":"2017-03-08T18:00:04","guid":{"rendered":"http:\/\/agora.xtec.cat\/cfacatalonia\/?p=503"},"modified":"2017-04-23T11:19:51","modified_gmt":"2017-04-23T09:19:51","slug":"preparem-el-dia-de-la-dona","status":"publish","type":"post","link":"https:\/\/agora.xtec.cat\/cfacatalonia\/general\/preparem-el-dia-de-la-dona\/","title":{"rendered":"El dia de la dona"},"content":{"rendered":"<p>El set de mar\u00e7 al mat\u00ed vam anar\u00a0al<a href=\"https:\/\/www.liceubarcelona.cat\/ca\/visites-guiades\"> Liceu de Barcelona<\/a>\u00a0 i el mateix\u00a0dia vuit a la tarda vam anar\u00a0a <a href=\"http:\/\/www.auditoribarradas.cat\/\">l&#8217;Auditori Barradas<\/a>, amb alumnes d&#8217;altres centres de formaci\u00f3 d&#8217;adults de L&#8217;H per festejar el dia de la dona.<\/p>\n<p>A l&#8217;auditori, dues representants de cada centre van llegir frases de dones c\u00e8lebres i, despr\u00e9s, vam escoltar un espectacular concert de Tati Cervi\u00e0 i d&#8217;alguns membres del grup <a href=\"https:\/\/soundcloud.com\/la-bolera-473394155\">L<\/a><a href=\"https:\/\/soundcloud.com\/la-bolera-473394155\">a Bolera<\/a> del que us fem cinc c\u00e8ntims <a href=\"http:\/\/www.youtube.com\/channel\/UCU__H3pIHsKPbU6iYvfehgA\">al nostre canal youtube<\/a>\u00a0(la veu \u00e9s de <a href=\"http:\/\/www.bibgirona.cat\/blogs\/saltfonslocal\/posts\/2016\/2\/9\/cervia-tati\">Tati Cervi\u00e0<\/a>, el cello de <a href=\"http:\/\/tallerdemusics.com\/paul-stouthamer\">Paul Stouthamer<\/a>, la guitarra d&#8217;<a href=\"http:\/\/www.gotic-band.cat\/es\/offsite\/eugeni\/\">Eugeni Gil<\/a> i el viol\u00ed de <a href=\"http:\/\/joaosilvaviolin.wixsite.com\/joaosilva\/biography\">Jo\u00e3o Silva<\/a>, tot un luxe!). Finalment, vam\u00a0gaudir d&#8217;una molt bona xocolata amb xurros. En podeu veure\u00a0algunes fotos <a href=\"https:\/\/goo.gl\/photos\/4bRmquxkn5dnKitG6\">aqu\u00ed<\/a> i el v\u00eddeo que van fer els companys del CFA El Gornal amb m\u00e9s fotos i totes les lectures <a href=\"https:\/\/www.youtube.com\/watch?v=IU8RaECFex4\">aqu\u00ed<\/a>.<\/p>\n<p>A l&#8217;escola, els alumnes han estat fent activitats sobre el dia de la dona. Tots sabem que les contribucions femenines a les ci\u00e8ncies socials i a la llengua i literatura s\u00f3n ben importants, per\u00f2 moltes dones cient\u00edfiques han rom\u00e0s\u00a0a la penombra al llarg de la hist\u00f2ria.<a href=\"http:\/\/agora.xtec.cat\/cfacatalonia\/wp-content\/uploads\/usu1479\/2017\/03\/aforismes_hipatia1.png\"><img loading=\"lazy\" decoding=\"async\" class=\"aligncenter wp-image-504\" src=\"http:\/\/agora.xtec.cat\/cfacatalonia\/wp-content\/uploads\/usu1479\/2017\/03\/aforismes_hipatia1-300x101.png\" alt=\"aforismes_hipatia1\" width=\"392\" height=\"132\" srcset=\"https:\/\/agora.xtec.cat\/cfacatalonia\/wp-content\/uploads\/usu1479\/2017\/03\/aforismes_hipatia1-300x101.png 300w, https:\/\/agora.xtec.cat\/cfacatalonia\/wp-content\/uploads\/usu1479\/2017\/03\/aforismes_hipatia1-768x258.png 768w, https:\/\/agora.xtec.cat\/cfacatalonia\/wp-content\/uploads\/usu1479\/2017\/03\/aforismes_hipatia1.png 800w\" sizes=\"auto, (max-width: 392px) 100vw, 392px\" \/><\/a>Hem estat recollint informaci\u00f3 sobre dones que han lliurat llurs vides a la ci\u00e8ncia i que han aconseguit fites indispensables per a l&#8217;avan\u00e7 de la ci\u00e8ncia, per\u00f2 que han passat for\u00e7a desapercebudes als nostres llibres d&#8217;hist\u00f2ria de la ci\u00e8ncia. Els hem fet un lloc al taulell de l&#8217;entrada com un petit homenatge.\u00a0El periodista <a href=\"https:\/\/ca.wikipedia.org\/wiki\/Vladimir_de_Semir_i_Zivojnovic\">Vladimir de Semir<\/a>\u00a0va publicar \u00a0sobre el tema un pdf al <a href=\"http:\/\/ccs.upf.edu\/dia-internacional-de-les-dones-a-la-ciencia\/dones-i-ciencia-2\/\">CCS<\/a>\u00a0que podeu consultar\u00a0a sota, movent el cursor de dalt a baix..<\/p>\n<p><center><iframe loading=\"lazy\" src=\"https:\/\/drive.google.com\/file\/d\/0BxpvQdvQna5lVlhWLTdfYXA1VlU\/preview\" width=\"640\" height=\"480\"><\/iframe><\/center>&nbsp;<\/p>\n","protected":false},"excerpt":{"rendered":"<p>El set de mar\u00e7 al mat\u00ed vam anar\u00a0al<a href=\"https:\/\/www.liceubarcelona.cat\/ca\/visites-guiades\"> Liceu de Barcelona<\/a>\u00a0 i el mateix\u00a0dia vuit a la tarda vam anar\u00a0a <a href=\"http:\/\/www.auditoribarradas.cat\/\">l&#8217;Auditori Barradas<\/a>, amb alumnes d&#8217;altres centres de formaci\u00f3 d&#8217;adults de L&#8217;H per festejar el dia de la dona.<br \/>\nA l&#8217;auditori, dues representants de cada&hellip;  <a href=\"https:\/\/agora.xtec.cat\/cfacatalonia\/general\/preparem-el-dia-de-la-dona\/\" title=\"Read El dia de la dona\">Llegeix m\u00e9s\u00bb<\/a><\/p>\n","protected":false},"author":1,"featured_media":504,"comment_status":"open","ping_status":"open","sticky":false,"template":"","format":"standard","meta":{"_bbp_topic_count":0,"_bbp_reply_count":0,"_bbp_total_topic_count":0,"_bbp_total_reply_count":0,"_bbp_voice_count":0,"_bbp_anonymous_reply_count":0,"_bbp_topic_count_hidden":0,"_bbp_reply_count_hidden":0,"_bbp_forum_subforum_count":0,"footnotes":""},"categories":[81,89,88,83,82,1,79,29,80],"tags":[85],"class_list":["post-503","post","type-post","status-publish","format-standard","has-post-thumbnail","hentry","category-cam","category-castella","category-catala","category-competic","category-english","category-general","category-ges","category-portada","category-cfgs","tag-cfa"],"post_mailing_queue_ids":[],"_links":{"self":[{"href":"https:\/\/agora.xtec.cat\/cfacatalonia\/wp-json\/wp\/v2\/posts\/503","targetHints":{"allow":["GET"]}}],"collection":[{"href":"https:\/\/agora.xtec.cat\/cfacatalonia\/wp-json\/wp\/v2\/posts"}],"about":[{"href":"https:\/\/agora.xtec.cat\/cfacatalonia\/wp-json\/wp\/v2\/types\/post"}],"author":[{"embeddable":true,"href":"https:\/\/agora.xtec.cat\/cfacatalonia\/wp-json\/wp\/v2\/users\/1"}],"replies":[{"embeddable":true,"href":"https:\/\/agora.xtec.cat\/cfacatalonia\/wp-json\/wp\/v2\/comments?post=503"}],"version-history":[{"count":3,"href":"https:\/\/agora.xtec.cat\/cfacatalonia\/wp-json\/wp\/v2\/posts\/503\/revisions"}],"predecessor-version":[{"id":512,"href":"https:\/\/agora.xtec.cat\/cfacatalonia\/wp-json\/wp\/v2\/posts\/503\/revisions\/512"}],"wp:featuredmedia":[{"embeddable":true,"href":"https:\/\/agora.xtec.cat\/cfacatalonia\/wp-json\/wp\/v2\/media\/504"}],"wp:attachment":[{"href":"https:\/\/agora.xtec.cat\/cfacatalonia\/wp-json\/wp\/v2\/media?parent=503"}],"wp:term":[{"taxonomy":"category","embeddable":true,"href":"https:\/\/agora.xtec.cat\/cfacatalonia\/wp-json\/wp\/v2\/categories?post=503"},{"taxonomy":"post_tag","embeddable":true,"href":"https:\/\/agora.xtec.cat\/cfacatalonia\/wp-json\/wp\/v2\/tags?post=503"}],"curies":[{"name":"wp","href":"https:\/\/api.w.org\/{rel}","templated":true}]}}