{"id":1758,"date":"2026-03-08T12:52:24","date_gmt":"2026-03-08T11:52:24","guid":{"rendered":"https:\/\/agora.xtec.cat\/cfacatalonia\/?p=1758"},"modified":"2026-04-17T12:18:07","modified_gmt":"2026-04-17T10:18:07","slug":"dia-de-la-dona-dones-i-esport","status":"publish","type":"post","link":"https:\/\/agora.xtec.cat\/cfacatalonia\/general\/dia-de-la-dona-dones-i-esport\/","title":{"rendered":"Dia de la Dona &#8211; Dones i Esport"},"content":{"rendered":"<p><strong>DIA DE LA DONA &#8211; <\/strong><strong><em>8 de mar\u00e7 <\/em><\/strong><\/p>\n<p><strong>\u2018Dones i Esport\u2019<\/strong><strong>\u00a0<\/strong><\/p>\n<p>Aquest any per commemorar el dia de la dona (8 de mar\u00e7), hem tractat al centre el reconeixement de l\u2019\u00e8xit i la dedicaci\u00f3 de les dones a l\u2019\u00e0mbit esportiu. L\u2019activitat ha consistit en la cerca de dones rellevants al llarg de la hist\u00f2ria en l\u2019\u00e0mbit esportiu. Els alumnes han elaborat un seguit de fitxes en un DIN-A5 amb: fotografia de l\u2019esportista, breu biografia de l\u2019esportista, i \u00e8xits i gestes assolides. Cada grup s&#8217;ha encarregat de cercar dones de l\u2019\u00e0mbit esportiu de diferents llocs geogr\u00e0fics arran del m\u00f3n. Podeu trobar les creacions realitzades al fent clik al seg\u00fcent enlla\u00e7: <a href=\"https:\/\/photos.app.goo.gl\/4ZRYa7iuikXQEhVi9\">DONES I ESPORT<\/a><\/p>\n<p><a href=\"https:\/\/agora.xtec.cat\/cfacatalonia\/general\/dia-de-la-dona-dones-i-esport\/attachment\/img_20260312_122701\/\" rel=\"attachment wp-att-1759\"><img loading=\"lazy\" decoding=\"async\" class=\"aligncenter wp-image-1759\" src=\"https:\/\/agora.xtec.cat\/cfacatalonia\/wp-content\/uploads\/usu1479\/2026\/03\/IMG_20260312_122701-scaled.jpg\" alt=\"\" width=\"426\" height=\"320\" srcset=\"https:\/\/agora.xtec.cat\/cfacatalonia\/wp-content\/uploads\/usu1479\/2026\/03\/IMG_20260312_122701-scaled.jpg 2560w, https:\/\/agora.xtec.cat\/cfacatalonia\/wp-content\/uploads\/usu1479\/2026\/03\/IMG_20260312_122701-300x225.jpg 300w, https:\/\/agora.xtec.cat\/cfacatalonia\/wp-content\/uploads\/usu1479\/2026\/03\/IMG_20260312_122701-1024x769.jpg 1024w, https:\/\/agora.xtec.cat\/cfacatalonia\/wp-content\/uploads\/usu1479\/2026\/03\/IMG_20260312_122701-768x577.jpg 768w, https:\/\/agora.xtec.cat\/cfacatalonia\/wp-content\/uploads\/usu1479\/2026\/03\/IMG_20260312_122701-1536x1154.jpg 1536w, https:\/\/agora.xtec.cat\/cfacatalonia\/wp-content\/uploads\/usu1479\/2026\/03\/IMG_20260312_122701-2048x1538.jpg 2048w, https:\/\/agora.xtec.cat\/cfacatalonia\/wp-content\/uploads\/usu1479\/2026\/03\/IMG_20260312_122701-200x150.jpg 200w\" sizes=\"auto, (max-width: 426px) 100vw, 426px\" \/><\/a><a href=\"https:\/\/agora.xtec.cat\/cfacatalonia\/general\/dia-de-la-dona-dones-i-esport\/attachment\/img_20260312_122712\/\" rel=\"attachment wp-att-1760\"><img loading=\"lazy\" decoding=\"async\" class=\"aligncenter wp-image-1760\" src=\"https:\/\/agora.xtec.cat\/cfacatalonia\/wp-content\/uploads\/usu1479\/2026\/03\/IMG_20260312_122712-scaled.jpg\" alt=\"\" width=\"426\" height=\"320\" srcset=\"https:\/\/agora.xtec.cat\/cfacatalonia\/wp-content\/uploads\/usu1479\/2026\/03\/IMG_20260312_122712-scaled.jpg 2560w, https:\/\/agora.xtec.cat\/cfacatalonia\/wp-content\/uploads\/usu1479\/2026\/03\/IMG_20260312_122712-300x225.jpg 300w, https:\/\/agora.xtec.cat\/cfacatalonia\/wp-content\/uploads\/usu1479\/2026\/03\/IMG_20260312_122712-1024x769.jpg 1024w, https:\/\/agora.xtec.cat\/cfacatalonia\/wp-content\/uploads\/usu1479\/2026\/03\/IMG_20260312_122712-768x577.jpg 768w, https:\/\/agora.xtec.cat\/cfacatalonia\/wp-content\/uploads\/usu1479\/2026\/03\/IMG_20260312_122712-1536x1154.jpg 1536w, https:\/\/agora.xtec.cat\/cfacatalonia\/wp-content\/uploads\/usu1479\/2026\/03\/IMG_20260312_122712-2048x1538.jpg 2048w, https:\/\/agora.xtec.cat\/cfacatalonia\/wp-content\/uploads\/usu1479\/2026\/03\/IMG_20260312_122712-200x150.jpg 200w\" sizes=\"auto, (max-width: 426px) 100vw, 426px\" \/><\/a><\/p>\n","protected":false},"excerpt":{"rendered":"<p>DIA DE LA DONA &#8211; 8 de mar\u00e7<br \/>\n\u2018Dones i Esport\u2019\u00a0<br \/>\nAquest any per commemorar el dia de la dona (8 de mar\u00e7), hem tractat al centre el reconeixement de l\u2019\u00e8xit i la dedicaci\u00f3 de les dones a l\u2019\u00e0mbit esportiu. L\u2019activitat ha consistit en la cerca&hellip;  <a href=\"https:\/\/agora.xtec.cat\/cfacatalonia\/general\/dia-de-la-dona-dones-i-esport\/\" title=\"Read Dia de la Dona &#8211; Dones i Esport\">Llegeix m\u00e9s\u00bb<\/a><\/p>\n","protected":false},"author":1,"featured_media":0,"comment_status":"open","ping_status":"open","sticky":false,"template":"","format":"standard","meta":{"_bbp_topic_count":0,"_bbp_reply_count":0,"_bbp_total_topic_count":0,"_bbp_total_reply_count":0,"_bbp_voice_count":0,"_bbp_anonymous_reply_count":0,"_bbp_topic_count_hidden":0,"_bbp_reply_count_hidden":0,"_bbp_forum_subforum_count":0,"footnotes":""},"categories":[81,89,88,83,82,110,1,79,29,80],"tags":[],"class_list":["post-1758","post","type-post","status-publish","format-standard","hentry","category-cam","category-castella","category-catala","category-competic","category-english","category-frances","category-general","category-ges","category-portada","category-cfgs"],"post_mailing_queue_ids":[],"_links":{"self":[{"href":"https:\/\/agora.xtec.cat\/cfacatalonia\/wp-json\/wp\/v2\/posts\/1758","targetHints":{"allow":["GET"]}}],"collection":[{"href":"https:\/\/agora.xtec.cat\/cfacatalonia\/wp-json\/wp\/v2\/posts"}],"about":[{"href":"https:\/\/agora.xtec.cat\/cfacatalonia\/wp-json\/wp\/v2\/types\/post"}],"author":[{"embeddable":true,"href":"https:\/\/agora.xtec.cat\/cfacatalonia\/wp-json\/wp\/v2\/users\/1"}],"replies":[{"embeddable":true,"href":"https:\/\/agora.xtec.cat\/cfacatalonia\/wp-json\/wp\/v2\/comments?post=1758"}],"version-history":[{"count":2,"href":"https:\/\/agora.xtec.cat\/cfacatalonia\/wp-json\/wp\/v2\/posts\/1758\/revisions"}],"predecessor-version":[{"id":1762,"href":"https:\/\/agora.xtec.cat\/cfacatalonia\/wp-json\/wp\/v2\/posts\/1758\/revisions\/1762"}],"wp:attachment":[{"href":"https:\/\/agora.xtec.cat\/cfacatalonia\/wp-json\/wp\/v2\/media?parent=1758"}],"wp:term":[{"taxonomy":"category","embeddable":true,"href":"https:\/\/agora.xtec.cat\/cfacatalonia\/wp-json\/wp\/v2\/categories?post=1758"},{"taxonomy":"post_tag","embeddable":true,"href":"https:\/\/agora.xtec.cat\/cfacatalonia\/wp-json\/wp\/v2\/tags?post=1758"}],"curies":[{"name":"wp","href":"https:\/\/api.w.org\/{rel}","templated":true}]}}