{"id":1121,"date":"2021-05-05T01:13:55","date_gmt":"2021-05-04T23:13:55","guid":{"rendered":"http:\/\/agora.xtec.cat\/cfacatalonia\/?p=1121"},"modified":"2021-06-18T13:16:25","modified_gmt":"2021-06-18T11:16:25","slug":"visita-guiada-en-angles-a-la-seu-vella-de-lleida","status":"publish","type":"post","link":"https:\/\/agora.xtec.cat\/cfacatalonia\/general\/visita-guiada-en-angles-a-la-seu-vella-de-lleida\/","title":{"rendered":"Visita guiada en angl\u00e8s a la Seu Vella de Lleida"},"content":{"rendered":"<p>El dimecres 16 de juny vam anar d\u2019excursi\u00f3 a les terres de Ponent amb els alumnes d\u2019angl\u00e8s 1, 2 i 3. L\u2019Eli, la guia de la visita, ens explic\u00e0 de manera molt did\u00e0ctica els or\u00edgens, l\u2019evoluci\u00f3 i l\u2019estat actual de tots els monuments situats al tur\u00f3. Tot seguit, els m\u00e9s intr\u00e8pids, van pujar les dues-centes trenta-vuit escales que condueixen al cim del campanar. Des d\u2019all\u00ed, les vistes de la plana lleidatana i de la ciutat als peus s\u00f3n realment magn\u00edfiques. I despr\u00e9s, un bon plat de caragols a la llauna!!!!<\/p>\n<p style=\"text-align: center;\"><img loading=\"lazy\" decoding=\"async\" class=\"wp-image-1122 aligncenter\" src=\"https:\/\/agora.xtec.cat\/cfacatalonia\/wp-content\/uploads\/usu1479\/2021\/06\/IMG-20210616-WA0029.jpg\" alt=\"\" width=\"618\" height=\"463\" srcset=\"https:\/\/agora.xtec.cat\/cfacatalonia\/wp-content\/uploads\/usu1479\/2021\/06\/IMG-20210616-WA0029.jpg 1024w, https:\/\/agora.xtec.cat\/cfacatalonia\/wp-content\/uploads\/usu1479\/2021\/06\/IMG-20210616-WA0029-300x225.jpg 300w, https:\/\/agora.xtec.cat\/cfacatalonia\/wp-content\/uploads\/usu1479\/2021\/06\/IMG-20210616-WA0029-768x576.jpg 768w, https:\/\/agora.xtec.cat\/cfacatalonia\/wp-content\/uploads\/usu1479\/2021\/06\/IMG-20210616-WA0029-200x150.jpg 200w\" sizes=\"auto, (max-width: 618px) 100vw, 618px\" \/><\/p>\n","protected":false},"excerpt":{"rendered":"<p>El dimecres 16 de juny vam anar d\u2019excursi\u00f3 a les terres de Ponent amb els alumnes d\u2019angl\u00e8s 1, 2 i 3. L\u2019Eli, la guia de la visita, ens explic\u00e0 de manera molt did\u00e0ctica els or\u00edgens, l\u2019evoluci\u00f3 i l\u2019estat actual de tots els monuments situats al&hellip;  <a href=\"https:\/\/agora.xtec.cat\/cfacatalonia\/general\/visita-guiada-en-angles-a-la-seu-vella-de-lleida\/\" title=\"Read Visita guiada en angl\u00e8s a la Seu Vella de Lleida\">Llegeix m\u00e9s\u00bb<\/a><\/p>\n","protected":false},"author":1,"featured_media":0,"comment_status":"open","ping_status":"closed","sticky":false,"template":"","format":"standard","meta":{"_bbp_topic_count":0,"_bbp_reply_count":0,"_bbp_total_topic_count":0,"_bbp_total_reply_count":0,"_bbp_voice_count":0,"_bbp_anonymous_reply_count":0,"_bbp_topic_count_hidden":0,"_bbp_reply_count_hidden":0,"_bbp_forum_subforum_count":0,"footnotes":""},"categories":[81,89,88,83,82,110,1,79,29,80],"tags":[],"class_list":["post-1121","post","type-post","status-publish","format-standard","hentry","category-cam","category-castella","category-catala","category-competic","category-english","category-frances","category-general","category-ges","category-portada","category-cfgs"],"post_mailing_queue_ids":[],"_links":{"self":[{"href":"https:\/\/agora.xtec.cat\/cfacatalonia\/wp-json\/wp\/v2\/posts\/1121","targetHints":{"allow":["GET"]}}],"collection":[{"href":"https:\/\/agora.xtec.cat\/cfacatalonia\/wp-json\/wp\/v2\/posts"}],"about":[{"href":"https:\/\/agora.xtec.cat\/cfacatalonia\/wp-json\/wp\/v2\/types\/post"}],"author":[{"embeddable":true,"href":"https:\/\/agora.xtec.cat\/cfacatalonia\/wp-json\/wp\/v2\/users\/1"}],"replies":[{"embeddable":true,"href":"https:\/\/agora.xtec.cat\/cfacatalonia\/wp-json\/wp\/v2\/comments?post=1121"}],"version-history":[{"count":1,"href":"https:\/\/agora.xtec.cat\/cfacatalonia\/wp-json\/wp\/v2\/posts\/1121\/revisions"}],"predecessor-version":[{"id":1123,"href":"https:\/\/agora.xtec.cat\/cfacatalonia\/wp-json\/wp\/v2\/posts\/1121\/revisions\/1123"}],"wp:attachment":[{"href":"https:\/\/agora.xtec.cat\/cfacatalonia\/wp-json\/wp\/v2\/media?parent=1121"}],"wp:term":[{"taxonomy":"category","embeddable":true,"href":"https:\/\/agora.xtec.cat\/cfacatalonia\/wp-json\/wp\/v2\/categories?post=1121"},{"taxonomy":"post_tag","embeddable":true,"href":"https:\/\/agora.xtec.cat\/cfacatalonia\/wp-json\/wp\/v2\/tags?post=1121"}],"curies":[{"name":"wp","href":"https:\/\/api.w.org\/{rel}","templated":true}]}}