{"id":99,"date":"2013-04-17T08:21:55","date_gmt":"2013-04-17T07:21:55","guid":{"rendered":"http:\/\/blocs.xtec.cat\/cfajverdaguer\/?p=99"},"modified":"2016-03-28T17:44:43","modified_gmt":"2016-03-28T16:44:43","slug":"visita-a-barcelona","status":"publish","type":"post","link":"https:\/\/agora.xtec.cat\/cfacastelldefels\/general\/visita-a-barcelona\/","title":{"rendered":"Visita a Barcelona"},"content":{"rendered":"<figure id=\"attachment_102\" aria-describedby=\"caption-attachment-102\" style=\"width: 300px\" class=\"wp-caption aligncenter\"><a href=\"http:\/\/agora.xtec.cat\/cfajverdaguercastelldefels\/wp-content\/uploads\/usu251\/2013\/04\/barcelona20120408-041.jpg\"><img loading=\"lazy\" decoding=\"async\" class=\"size-medium wp-image-102\" src=\"http:\/\/agora.xtec.cat\/cfajverdaguercastelldefels\/wp-content\/uploads\/usu251\/2013\/04\/barcelona20120408-041-300x225.jpg\" alt=\"Barcelona\" width=\"300\" height=\"225\" srcset=\"https:\/\/agora.xtec.cat\/cfacastelldefels\/wp-content\/uploads\/usu251\/2013\/04\/barcelona20120408-041-300x225.jpg 300w, https:\/\/agora.xtec.cat\/cfacastelldefels\/wp-content\/uploads\/usu251\/2013\/04\/barcelona20120408-041-1024x768.jpg 1024w, https:\/\/agora.xtec.cat\/cfacastelldefels\/wp-content\/uploads\/usu251\/2013\/04\/barcelona20120408-041-200x150.jpg 200w\" sizes=\"auto, (max-width: 300px) 100vw, 300px\" \/><\/a><figcaption id=\"caption-attachment-102\" class=\"wp-caption-text\">Barcelona<\/figcaption><\/figure>\n<p>El passat dilluns 8 d&#8217;abril vam fer una excursi\u00f3 a Barcelona. L&#8217;activitat estava oberta als grups de catal\u00e0, d&#8217;angl\u00e8s i grups de geografia del Ges i CFGS,<\/p>\n<p>La proposta era un viatge regressiu des de la Barcelona Modernista del Passeig de Gr\u00e0cia a la Barcelona g\u00f2tica.<\/p>\n<p>Vam quedar els 27 alumnes amb dos professors a l&#8217;estaci\u00f3 de Castelldefels, l&#8217;activitat en transport p\u00fablic representa una important reducci\u00f3 d&#8217;emissions de co2. A la sortida del tren vam contactar amb la nostra Guia de cultrura que ens va entregar les audioguies i cap a l&#8217;illa de la disc\u00f2rdia<\/p>\n<p>Quina casa \u00e9s m\u00e9s bella, la casa Batll\u00f3, l&#8217;Ametller o Morera?Hem descobert coses interessants sobre les tres cases i les persones que les van encomanar, tres rics industrials del segle XIX.<\/p>\n<p>De baixada vam redescobrir\u00a0d&#8217;\u00e0ngel\u00a0del \u00a0 \u00a0Portal de l&#8217;\u00c0ngel, o no sabeu que hi havia un \u00e0ngel a sobre de la porta de la muralla i encara hi ha un.<\/p>\n<p>Endinsar-nos en el barri g\u00f2tic per veure la Pla\u00e7a Sant Felip NEri i saber per qu\u00e8 t\u00e9 la fa\u00e7ana amb desperfecte, o con\u00e8ixer el temple d&#8217;August a Barcelona i la casa dels canonges per acabar aquesta part de la ruta en la Pla\u00e7a Real i descobrir un altre dels edificis que van ser traslladats\u00a0pedra\u00a0a pedra del seu lloc d&#8217;origen. \u00a0Un lloc on trobem tres palaus.<\/p>\n<p>Per acabar ens vam dirigir cap a Santa Maria del Mar i el fossar de les Moreres, per\u00f2 abans vam\u00a0con\u00e8ixer\u00a0la hist\u00f2ria de la pla\u00e7a de l&#8217;\u00c0ngel. Una vegada acabada la visita a Santa Maria del Mar uns vam tornar amb el tren des de l&#8217;estaci\u00f3 de Fran\u00e7a i i altres ja van aprofitar per anar a dinar fora.<\/p>\n<p style=\"text-align: center\">Visita a Barcelona del Modernisme al G\u00f2tic on PhotoPeach<\/p>\n<p><object width=\"445\" height=\"296\"><param name=\"movie\" value=\"http:\/\/photopeach.com\/public\/swf\/story.swf\" \/><param name=\"allowscriptaccess\" value=\"always\" \/><param name=\"allowfullscreen\" value=\"true\" \/><param name=\"flashvars\" value=\"photos=http:\/\/photopeach.com%2Fapi%2Fgetphotos%3Falbum_id%3Dj91ylv&amp;autoplay=0&amp;embed=1\" \/><embed type=\"application\/x-shockwave-flash\" width=\"445\" height=\"296\" src=\"http:\/\/photopeach.com\/public\/swf\/story.swf\" allowscriptaccess=\"always\" flashvars=\"photos=http:\/\/photopeach.com%2Fapi%2Fgetphotos%3Falbum_id%3Dj91ylv&amp;autoplay=0&amp;embed=1\"><\/embed><\/object><\/p>\n","protected":false},"excerpt":{"rendered":"<p>El passat dilluns 8 d&#8217;abril vam fer una excursi\u00f3 a Barcelona. L&#8217;activitat estava oberta als grups de catal\u00e0, d&#8217;angl\u00e8s i grups de geografia del Ges i CFGS, La proposta era un viatge regressiu des de la Barcelona Modernista del Passeig de Gr\u00e0cia a la Barcelona g\u00f2tica. Vam quedar els 27 alumnes amb dos professors a [&hellip;]<\/p>\n","protected":false},"author":1,"featured_media":0,"comment_status":"open","ping_status":"open","sticky":false,"template":"","format":"standard","meta":{"_bbp_topic_count":0,"_bbp_reply_count":0,"_bbp_total_topic_count":0,"_bbp_total_reply_count":0,"_bbp_voice_count":0,"_bbp_anonymous_reply_count":0,"_bbp_topic_count_hidden":0,"_bbp_reply_count_hidden":0,"_bbp_forum_subforum_count":0,"site-sidebar-layout":"default","site-content-layout":"","ast-site-content-layout":"","site-content-style":"default","site-sidebar-style":"default","ast-global-header-display":"","ast-banner-title-visibility":"","ast-main-header-display":"","ast-hfb-above-header-display":"","ast-hfb-below-header-display":"","ast-hfb-mobile-header-display":"","site-post-title":"","ast-breadcrumbs-content":"","ast-featured-img":"","footer-sml-layout":"","theme-transparent-header-meta":"","adv-header-id-meta":"","stick-header-meta":"","header-above-stick-meta":"","header-main-stick-meta":"","header-below-stick-meta":"","astra-migrate-meta-layouts":"default","ast-page-background-enabled":"default","ast-page-background-meta":{"desktop":{"background-color":"var(--ast-global-color-4)","background-image":"","background-repeat":"repeat","background-position":"center center","background-size":"auto","background-attachment":"scroll","background-type":"","background-media":"","overlay-type":"","overlay-color":"","overlay-opacity":"","overlay-gradient":""},"tablet":{"background-color":"","background-image":"","background-repeat":"repeat","background-position":"center center","background-size":"auto","background-attachment":"scroll","background-type":"","background-media":"","overlay-type":"","overlay-color":"","overlay-opacity":"","overlay-gradient":""},"mobile":{"background-color":"","background-image":"","background-repeat":"repeat","background-position":"center center","background-size":"auto","background-attachment":"scroll","background-type":"","background-media":"","overlay-type":"","overlay-color":"","overlay-opacity":"","overlay-gradient":""}},"ast-content-background-meta":{"desktop":{"background-color":"var(--ast-global-color-5)","background-image":"","background-repeat":"repeat","background-position":"center center","background-size":"auto","background-attachment":"scroll","background-type":"","background-media":"","overlay-type":"","overlay-color":"","overlay-opacity":"","overlay-gradient":""},"tablet":{"background-color":"var(--ast-global-color-5)","background-image":"","background-repeat":"repeat","background-position":"center center","background-size":"auto","background-attachment":"scroll","background-type":"","background-media":"","overlay-type":"","overlay-color":"","overlay-opacity":"","overlay-gradient":""},"mobile":{"background-color":"var(--ast-global-color-5)","background-image":"","background-repeat":"repeat","background-position":"center center","background-size":"auto","background-attachment":"scroll","background-type":"","background-media":"","overlay-type":"","overlay-color":"","overlay-opacity":"","overlay-gradient":""}},"footnotes":""},"categories":[1,86],"tags":[84,57,63,58,42,39],"class_list":["post-99","post","type-post","status-publish","format-standard","hentry","category-general","category-muralla-digital-revista","tag-catala","tag-centre","tag-cfgs","tag-ges","tag-llengua-anglesa","tag-sortides"],"post_mailing_queue_ids":[],"_links":{"self":[{"href":"https:\/\/agora.xtec.cat\/cfacastelldefels\/wp-json\/wp\/v2\/posts\/99","targetHints":{"allow":["GET"]}}],"collection":[{"href":"https:\/\/agora.xtec.cat\/cfacastelldefels\/wp-json\/wp\/v2\/posts"}],"about":[{"href":"https:\/\/agora.xtec.cat\/cfacastelldefels\/wp-json\/wp\/v2\/types\/post"}],"author":[{"embeddable":true,"href":"https:\/\/agora.xtec.cat\/cfacastelldefels\/wp-json\/wp\/v2\/users\/1"}],"replies":[{"embeddable":true,"href":"https:\/\/agora.xtec.cat\/cfacastelldefels\/wp-json\/wp\/v2\/comments?post=99"}],"version-history":[{"count":1,"href":"https:\/\/agora.xtec.cat\/cfacastelldefels\/wp-json\/wp\/v2\/posts\/99\/revisions"}],"predecessor-version":[{"id":726,"href":"https:\/\/agora.xtec.cat\/cfacastelldefels\/wp-json\/wp\/v2\/posts\/99\/revisions\/726"}],"wp:attachment":[{"href":"https:\/\/agora.xtec.cat\/cfacastelldefels\/wp-json\/wp\/v2\/media?parent=99"}],"wp:term":[{"taxonomy":"category","embeddable":true,"href":"https:\/\/agora.xtec.cat\/cfacastelldefels\/wp-json\/wp\/v2\/categories?post=99"},{"taxonomy":"post_tag","embeddable":true,"href":"https:\/\/agora.xtec.cat\/cfacastelldefels\/wp-json\/wp\/v2\/tags?post=99"}],"curies":[{"name":"wp","href":"https:\/\/api.w.org\/{rel}","templated":true}]}}