{"id":977,"date":"2016-08-29T17:00:23","date_gmt":"2016-08-29T16:00:23","guid":{"rendered":"http:\/\/agora.xtec.cat\/cfajverdaguercastelldefels\/?p=977"},"modified":"2016-09-16T18:56:14","modified_gmt":"2016-09-16T17:56:14","slug":"matricula-curs-2016-2017","status":"publish","type":"post","link":"https:\/\/agora.xtec.cat\/cfacastelldefels\/general\/matricula-curs-2016-2017\/","title":{"rendered":"MATR\u00cdCULA CURS 2016-2017"},"content":{"rendered":"<h2><strong><span style=\"color: #993366;\">Matr\u00edcula del curs 2016-2017<\/span><\/strong><\/h2>\n<p>&nbsp;<\/p>\n<p>Nova ubicaci\u00f3 del centre temporalment a Carrer Esgl\u00e9sia 2.\u00a0\u00a0Podeu passar a partir del dia 2 de setembre.<\/p>\n<p><strong>Matr\u00edcula alumnat que t\u00e9 adjudicada pla\u00e7a en la preinscripci\u00f3.<\/strong>\u00a0<span style=\"color: #3366ff;\">Alumnado que hizo preinscripc\u00edon y tiene adjudicada plaza<\/span>. <span style=\"color: #339966;\">Students who did enrolment and are in the list\u00a0<\/span><\/p>\n<p><strong>Divendres 2, d<img loading=\"lazy\" decoding=\"async\" class=\"size-full wp-image-978 alignleft\" src=\"http:\/\/agora.xtec.cat\/cfajverdaguercastelldefels\/wp-content\/uploads\/usu251\/2016\/08\/Captura-de-pantalla-2016-08-29-a-les-17.44.03.png\" alt=\"Captura de pantalla 2016-08-29 a les 17.44.03\" width=\"479\" height=\"411\" srcset=\"https:\/\/agora.xtec.cat\/cfacastelldefels\/wp-content\/uploads\/usu251\/2016\/08\/Captura-de-pantalla-2016-08-29-a-les-17.44.03.png 479w, https:\/\/agora.xtec.cat\/cfacastelldefels\/wp-content\/uploads\/usu251\/2016\/08\/Captura-de-pantalla-2016-08-29-a-les-17.44.03-300x257.png 300w\" sizes=\"auto, (max-width: 479px) 100vw, 479px\" \/>imarts 6 i divendres 9\u00a0 de 9,30 a 12,30<\/strong><\/p>\n<p><span style=\"color: #3366ff;\">Viernes 2, martes 6 y Viernes 9 de 9,30 a 12,30<\/span><\/p>\n<p><span style=\"color: #339966;\">Friday 2, Tuesday 6 and Friday 9 from 9,30 to 12,30<\/span><\/p>\n<p><strong>Dilluns 5, dimecres 7 i dijous 8 de 16.00 a 19.<\/strong>00<\/p>\n<p><span style=\"color: #3366ff;\">Lunes 5, mi\u00e9rcoles 7 y jueves 8 de 16.00 a 19.00<\/span><\/p>\n<p><span style=\"color: #339966;\">Monday 5, Wednesday 7 and Thursday 8 16.00 to 19.00<\/span><\/p>\n<p><strong>Els alumnes que no van fer la preinscripci\u00f3 de Proves acc\u00e9s, cursos idiomes i inform\u00e0tica ha de fer les proves d\u2019avaluaci\u00f3 inicial i orientaci\u00f3 dilluns 5 a les 15,30 o dimarts 6 a les 9,30. Cal portar certificat de notes en cas de tenir-ne.Els alumnes del Graduat de secund\u00e0ria poden passar pel centre el dijous 8 o dilluns 12\u00a0 a les 16.00.<\/strong><\/p>\n<p><span style=\"color: #3366ff;\">Estudiantes que no hicieron la presincripci\u00f3 deben realizar pruebas de nivel y\/o orientaci\u00f3n el Lunes 5 a las 15,30 o martes 6 a las 9,30<\/span><\/p>\n<p><span style=\"color: #339966;\">Student who did not enrolment in languages courses or computer studies must set level tests on Monday 5th at 15,30 or Tuesday 6th at 9,30<\/span><\/p>\n<p>&nbsp;<\/p>\n","protected":false},"excerpt":{"rendered":"<p>Matr\u00edcula del curs 2016-2017 &nbsp; Nova ubicaci\u00f3 del centre temporalment a Carrer Esgl\u00e9sia 2.\u00a0\u00a0Podeu passar a partir del dia 2 de setembre. Matr\u00edcula alumnat que t\u00e9 adjudicada pla\u00e7a en la preinscripci\u00f3.\u00a0Alumnado que hizo preinscripc\u00edon y tiene adjudicada plaza. Students who did enrolment and are in the list\u00a0 Divendres 2, dimarts 6 i divendres 9\u00a0 de [&hellip;]<\/p>\n","protected":false},"author":1,"featured_media":0,"comment_status":"open","ping_status":"open","sticky":false,"template":"","format":"standard","meta":{"_bbp_topic_count":0,"_bbp_reply_count":0,"_bbp_total_topic_count":0,"_bbp_total_reply_count":0,"_bbp_voice_count":0,"_bbp_anonymous_reply_count":0,"_bbp_topic_count_hidden":0,"_bbp_reply_count_hidden":0,"_bbp_forum_subforum_count":0,"site-sidebar-layout":"default","site-content-layout":"","ast-site-content-layout":"","site-content-style":"default","site-sidebar-style":"default","ast-global-header-display":"","ast-banner-title-visibility":"","ast-main-header-display":"","ast-hfb-above-header-display":"","ast-hfb-below-header-display":"","ast-hfb-mobile-header-display":"","site-post-title":"","ast-breadcrumbs-content":"","ast-featured-img":"","footer-sml-layout":"","theme-transparent-header-meta":"","adv-header-id-meta":"","stick-header-meta":"","header-above-stick-meta":"","header-main-stick-meta":"","header-below-stick-meta":"","astra-migrate-meta-layouts":"default","ast-page-background-enabled":"default","ast-page-background-meta":{"desktop":{"background-color":"var(--ast-global-color-4)","background-image":"","background-repeat":"repeat","background-position":"center center","background-size":"auto","background-attachment":"scroll","background-type":"","background-media":"","overlay-type":"","overlay-color":"","overlay-opacity":"","overlay-gradient":""},"tablet":{"background-color":"","background-image":"","background-repeat":"repeat","background-position":"center center","background-size":"auto","background-attachment":"scroll","background-type":"","background-media":"","overlay-type":"","overlay-color":"","overlay-opacity":"","overlay-gradient":""},"mobile":{"background-color":"","background-image":"","background-repeat":"repeat","background-position":"center center","background-size":"auto","background-attachment":"scroll","background-type":"","background-media":"","overlay-type":"","overlay-color":"","overlay-opacity":"","overlay-gradient":""}},"ast-content-background-meta":{"desktop":{"background-color":"var(--ast-global-color-5)","background-image":"","background-repeat":"repeat","background-position":"center center","background-size":"auto","background-attachment":"scroll","background-type":"","background-media":"","overlay-type":"","overlay-color":"","overlay-opacity":"","overlay-gradient":""},"tablet":{"background-color":"var(--ast-global-color-5)","background-image":"","background-repeat":"repeat","background-position":"center center","background-size":"auto","background-attachment":"scroll","background-type":"","background-media":"","overlay-type":"","overlay-color":"","overlay-opacity":"","overlay-gradient":""},"mobile":{"background-color":"var(--ast-global-color-5)","background-image":"","background-repeat":"repeat","background-position":"center center","background-size":"auto","background-attachment":"scroll","background-type":"","background-media":"","overlay-type":"","overlay-color":"","overlay-opacity":"","overlay-gradient":""}},"footnotes":""},"categories":[1],"tags":[111,64,66],"class_list":["post-977","post","type-post","status-publish","format-standard","hentry","category-general","tag-curs20162017","tag-general-2","tag-matricula"],"post_mailing_queue_ids":[],"_links":{"self":[{"href":"https:\/\/agora.xtec.cat\/cfacastelldefels\/wp-json\/wp\/v2\/posts\/977","targetHints":{"allow":["GET"]}}],"collection":[{"href":"https:\/\/agora.xtec.cat\/cfacastelldefels\/wp-json\/wp\/v2\/posts"}],"about":[{"href":"https:\/\/agora.xtec.cat\/cfacastelldefels\/wp-json\/wp\/v2\/types\/post"}],"author":[{"embeddable":true,"href":"https:\/\/agora.xtec.cat\/cfacastelldefels\/wp-json\/wp\/v2\/users\/1"}],"replies":[{"embeddable":true,"href":"https:\/\/agora.xtec.cat\/cfacastelldefels\/wp-json\/wp\/v2\/comments?post=977"}],"version-history":[{"count":1,"href":"https:\/\/agora.xtec.cat\/cfacastelldefels\/wp-json\/wp\/v2\/posts\/977\/revisions"}],"predecessor-version":[{"id":979,"href":"https:\/\/agora.xtec.cat\/cfacastelldefels\/wp-json\/wp\/v2\/posts\/977\/revisions\/979"}],"wp:attachment":[{"href":"https:\/\/agora.xtec.cat\/cfacastelldefels\/wp-json\/wp\/v2\/media?parent=977"}],"wp:term":[{"taxonomy":"category","embeddable":true,"href":"https:\/\/agora.xtec.cat\/cfacastelldefels\/wp-json\/wp\/v2\/categories?post=977"},{"taxonomy":"post_tag","embeddable":true,"href":"https:\/\/agora.xtec.cat\/cfacastelldefels\/wp-json\/wp\/v2\/tags?post=977"}],"curies":[{"name":"wp","href":"https:\/\/api.w.org\/{rel}","templated":true}]}}