{"id":963,"date":"2016-07-12T10:54:18","date_gmt":"2016-07-12T09:54:18","guid":{"rendered":"http:\/\/agora.xtec.cat\/cfajverdaguercastelldefels\/?p=963"},"modified":"2017-02-11T13:11:15","modified_gmt":"2017-02-11T12:11:15","slug":"trasllat-de-centre-i-mobil","status":"publish","type":"post","link":"https:\/\/agora.xtec.cat\/cfacastelldefels\/general\/trasllat-de-centre-i-mobil\/","title":{"rendered":"Trasllat de centre i m\u00f2bil"},"content":{"rendered":"<p style=\"text-align: center;\">El centre es trasllada provisional<a href=\"http:\/\/agora.xtec.cat\/cfajverdaguercastelldefels\/wp-content\/uploads\/usu251\/2016\/07\/caminoucentre.png\"><img loading=\"lazy\" decoding=\"async\" class=\"wp-image-964 alignleft\" src=\"http:\/\/agora.xtec.cat\/cfajverdaguercastelldefels\/wp-content\/uploads\/usu251\/2016\/07\/caminoucentre.png\" alt=\"caminoucentre\" width=\"324\" height=\"283\" srcset=\"https:\/\/agora.xtec.cat\/cfacastelldefels\/wp-content\/uploads\/usu251\/2016\/07\/caminoucentre.png 552w, https:\/\/agora.xtec.cat\/cfacastelldefels\/wp-content\/uploads\/usu251\/2016\/07\/caminoucentre-300x261.png 300w\" sizes=\"auto, (max-width: 324px) 100vw, 324px\" \/><\/a>ment al carrer esgl\u00e9sia 2 davant l&#8217;ajuntament. <span style=\"color: #ff0000;\"><strong>La matr\u00edcula en setembre es far\u00e0 al nou edifici<\/strong>. <strong>El n\u00famero m\u00f2bil del centre \u00e9s\u00a0 639135393<\/strong><\/span>. Els llistats de preinscripci\u00f3 estaran en el nou centre.<\/p>\n<p>Podeu consultar la web del centre per altres informacions. Al juliol estar\u00e0 obert exclusivament en horari de mat\u00ed.<a href=\"http:\/\/agora.xtec.cat\/cfajverdaguercastelldefels\/wp-content\/uploads\/usu251\/2016\/07\/fotocentresglesia.jpg\"><img loading=\"lazy\" decoding=\"async\" class=\"wp-image-965 aligncenter\" src=\"http:\/\/agora.xtec.cat\/cfajverdaguercastelldefels\/wp-content\/uploads\/usu251\/2016\/07\/fotocentresglesia.jpg\" alt=\"fotocentresglesia\" width=\"410\" height=\"168\" srcset=\"https:\/\/agora.xtec.cat\/cfacastelldefels\/wp-content\/uploads\/usu251\/2016\/07\/fotocentresglesia.jpg 640w, https:\/\/agora.xtec.cat\/cfacastelldefels\/wp-content\/uploads\/usu251\/2016\/07\/fotocentresglesia-300x123.jpg 300w\" sizes=\"auto, (max-width: 410px) 100vw, 410px\" \/><\/a><\/p>\n<p>Al setembre la matr\u00edcula comen\u00e7a el dia 2 amb el seg\u00fcent horari<\/p>\n<p>Divendres 2, dimarts 6 i divendres 9\u00a0 de 9,30 a 12,30<\/p>\n<p>Dilluns 5, dimecres 7 i dijous 8 de 16.00 a 19.00<\/p>\n<p>Els alumnes que no van fer la preinscripci\u00f3 de Proves acc\u00e9s, cursos idiomes i inform\u00e0tica ha de fer les proves d&#8217;avaluaci\u00f3 inicial i orientaci\u00f3 dilluns 5 a les 15,30 o dimarts 6 a les 9,30. Cal portar certificat de notes en cas de tenir-ne.Els alumnes del Graduat de secund\u00e0ria poden passar pel centre el dijous 8 o dilluns 12\u00a0 a les 16.00.<\/p>\n<p>&nbsp;<\/p>\n","protected":false},"excerpt":{"rendered":"<p>El centre es trasllada provisionalment al carrer esgl\u00e9sia 2 davant l&#8217;ajuntament. La matr\u00edcula en setembre es far\u00e0 al nou edifici. El n\u00famero m\u00f2bil del centre \u00e9s\u00a0 639135393. Els llistats de preinscripci\u00f3 estaran en el nou centre. Podeu consultar la web del centre per altres informacions. Al juliol estar\u00e0 obert exclusivament en horari de mat\u00ed. Al [&hellip;]<\/p>\n","protected":false},"author":1,"featured_media":0,"comment_status":"open","ping_status":"open","sticky":false,"template":"","format":"standard","meta":{"_bbp_topic_count":0,"_bbp_reply_count":0,"_bbp_total_topic_count":0,"_bbp_total_reply_count":0,"_bbp_voice_count":0,"_bbp_anonymous_reply_count":0,"_bbp_topic_count_hidden":0,"_bbp_reply_count_hidden":0,"_bbp_forum_subforum_count":0,"site-sidebar-layout":"default","site-content-layout":"","ast-site-content-layout":"","site-content-style":"default","site-sidebar-style":"default","ast-global-header-display":"","ast-banner-title-visibility":"","ast-main-header-display":"","ast-hfb-above-header-display":"","ast-hfb-below-header-display":"","ast-hfb-mobile-header-display":"","site-post-title":"","ast-breadcrumbs-content":"","ast-featured-img":"","footer-sml-layout":"","theme-transparent-header-meta":"","adv-header-id-meta":"","stick-header-meta":"","header-above-stick-meta":"","header-main-stick-meta":"","header-below-stick-meta":"","astra-migrate-meta-layouts":"default","ast-page-background-enabled":"default","ast-page-background-meta":{"desktop":{"background-color":"var(--ast-global-color-4)","background-image":"","background-repeat":"repeat","background-position":"center center","background-size":"auto","background-attachment":"scroll","background-type":"","background-media":"","overlay-type":"","overlay-color":"","overlay-opacity":"","overlay-gradient":""},"tablet":{"background-color":"","background-image":"","background-repeat":"repeat","background-position":"center center","background-size":"auto","background-attachment":"scroll","background-type":"","background-media":"","overlay-type":"","overlay-color":"","overlay-opacity":"","overlay-gradient":""},"mobile":{"background-color":"","background-image":"","background-repeat":"repeat","background-position":"center center","background-size":"auto","background-attachment":"scroll","background-type":"","background-media":"","overlay-type":"","overlay-color":"","overlay-opacity":"","overlay-gradient":""}},"ast-content-background-meta":{"desktop":{"background-color":"var(--ast-global-color-5)","background-image":"","background-repeat":"repeat","background-position":"center center","background-size":"auto","background-attachment":"scroll","background-type":"","background-media":"","overlay-type":"","overlay-color":"","overlay-opacity":"","overlay-gradient":""},"tablet":{"background-color":"var(--ast-global-color-5)","background-image":"","background-repeat":"repeat","background-position":"center center","background-size":"auto","background-attachment":"scroll","background-type":"","background-media":"","overlay-type":"","overlay-color":"","overlay-opacity":"","overlay-gradient":""},"mobile":{"background-color":"var(--ast-global-color-5)","background-image":"","background-repeat":"repeat","background-position":"center center","background-size":"auto","background-attachment":"scroll","background-type":"","background-media":"","overlay-type":"","overlay-color":"","overlay-opacity":"","overlay-gradient":""}},"footnotes":""},"categories":[1,86],"tags":[],"class_list":["post-963","post","type-post","status-publish","format-standard","hentry","category-general","category-muralla-digital-revista"],"post_mailing_queue_ids":[],"_links":{"self":[{"href":"https:\/\/agora.xtec.cat\/cfacastelldefels\/wp-json\/wp\/v2\/posts\/963","targetHints":{"allow":["GET"]}}],"collection":[{"href":"https:\/\/agora.xtec.cat\/cfacastelldefels\/wp-json\/wp\/v2\/posts"}],"about":[{"href":"https:\/\/agora.xtec.cat\/cfacastelldefels\/wp-json\/wp\/v2\/types\/post"}],"author":[{"embeddable":true,"href":"https:\/\/agora.xtec.cat\/cfacastelldefels\/wp-json\/wp\/v2\/users\/1"}],"replies":[{"embeddable":true,"href":"https:\/\/agora.xtec.cat\/cfacastelldefels\/wp-json\/wp\/v2\/comments?post=963"}],"version-history":[{"count":4,"href":"https:\/\/agora.xtec.cat\/cfacastelldefels\/wp-json\/wp\/v2\/posts\/963\/revisions"}],"predecessor-version":[{"id":976,"href":"https:\/\/agora.xtec.cat\/cfacastelldefels\/wp-json\/wp\/v2\/posts\/963\/revisions\/976"}],"wp:attachment":[{"href":"https:\/\/agora.xtec.cat\/cfacastelldefels\/wp-json\/wp\/v2\/media?parent=963"}],"wp:term":[{"taxonomy":"category","embeddable":true,"href":"https:\/\/agora.xtec.cat\/cfacastelldefels\/wp-json\/wp\/v2\/categories?post=963"},{"taxonomy":"post_tag","embeddable":true,"href":"https:\/\/agora.xtec.cat\/cfacastelldefels\/wp-json\/wp\/v2\/tags?post=963"}],"curies":[{"name":"wp","href":"https:\/\/api.w.org\/{rel}","templated":true}]}}