{"id":96,"date":"2013-04-02T16:44:38","date_gmt":"2013-04-02T15:44:38","guid":{"rendered":"http:\/\/blocs.xtec.cat\/cfajverdaguer\/?p=96"},"modified":"2016-03-28T17:44:43","modified_gmt":"2016-03-28T16:44:43","slug":"proves-lliures-graduat-de-secundaria","status":"publish","type":"post","link":"https:\/\/agora.xtec.cat\/cfacastelldefels\/general\/proves-lliures-graduat-de-secundaria\/","title":{"rendered":"Proves lliures graduat de secund\u00e0ria"},"content":{"rendered":"<p><strong>Proves lliures graduat de secund\u00e0ria<\/strong><\/p>\n<p>Si no tens el graduat de secund\u00e0ria i tens 18 anys pots presentar-te a les porves lliures per obtenir el t\u00edtol. Hi ha dues convocat\u00f2ries anualment la propera la matr\u00edcula coman\u00e7a aquesta setmana propera. Les proves es podran realitzar a Sant Joan Despi i a Viladecans<\/p>\n<p>&nbsp;<\/p>\n<p>Primera convocat\u00f2ria<\/p>\n<ul>\n<li>Per\u00edode d\u2019inscripci\u00f3: del 9 al 16 d\u2019abril de 2013<\/li>\n<li>Prova: 23 i 24 de maig de 2013<\/li>\n<\/ul>\n<p>Segona convocat\u00f2ria<\/p>\n<ul>\n<li>Per\u00edode d\u2019inscripci\u00f3: del 9 al 16 d\u2019octubre de 2013<\/li>\n<li>Prova: 13 i 14 de novembre de 2013<\/li>\n<\/ul>\n<p>Haur\u00e0s de tramitar la matr\u00edcula per internet al portal del departament ( <a href=\"http:\/\/www20.gencat.cat\/portal\/site\/ensenyament\/menuitem.046d33c25faf415a72623b10b0c0e1a0\/?vgnextoid=456b154fffc06310VgnVCM2000009b0c1e0aRCRD\">clica per anar-hi<\/a>)<\/p>\n<p>&nbsp;<\/p>\n<p><a title=\"v\" href=\"http:\/\/www20.gencat.cat\/portal\/site\/ensenyament\/menuitem.e79d96e9bc498691c65d3082b0c0e1a0\/?vgnextoid=801e2d55d0d06310VgnVCM2000009b0c1e0aRCRD&amp;vgnextchannel=801e2d55d0d06310VgnVCM2000009b0c1e0aRCRD&amp;vgnextfmt=default\" target=\"_blank\">Si vols consultar models de l&#8217;any anterior de les proves <\/a><\/p>\n","protected":false},"excerpt":{"rendered":"<p>Proves lliures graduat de secund\u00e0ria Si no tens el graduat de secund\u00e0ria i tens 18 anys pots presentar-te a les porves lliures per obtenir el t\u00edtol. Hi ha dues convocat\u00f2ries anualment la propera la matr\u00edcula coman\u00e7a aquesta setmana propera. Les proves es podran realitzar a Sant Joan Despi i a Viladecans &nbsp; Primera convocat\u00f2ria Per\u00edode [&hellip;]<\/p>\n","protected":false},"author":1,"featured_media":0,"comment_status":"open","ping_status":"open","sticky":false,"template":"","format":"standard","meta":{"_bbp_topic_count":0,"_bbp_reply_count":0,"_bbp_total_topic_count":0,"_bbp_total_reply_count":0,"_bbp_voice_count":0,"_bbp_anonymous_reply_count":0,"_bbp_topic_count_hidden":0,"_bbp_reply_count_hidden":0,"_bbp_forum_subforum_count":0,"site-sidebar-layout":"default","site-content-layout":"","ast-site-content-layout":"","site-content-style":"default","site-sidebar-style":"default","ast-global-header-display":"","ast-banner-title-visibility":"","ast-main-header-display":"","ast-hfb-above-header-display":"","ast-hfb-below-header-display":"","ast-hfb-mobile-header-display":"","site-post-title":"","ast-breadcrumbs-content":"","ast-featured-img":"","footer-sml-layout":"","theme-transparent-header-meta":"","adv-header-id-meta":"","stick-header-meta":"","header-above-stick-meta":"","header-main-stick-meta":"","header-below-stick-meta":"","astra-migrate-meta-layouts":"default","ast-page-background-enabled":"default","ast-page-background-meta":{"desktop":{"background-color":"var(--ast-global-color-4)","background-image":"","background-repeat":"repeat","background-position":"center center","background-size":"auto","background-attachment":"scroll","background-type":"","background-media":"","overlay-type":"","overlay-color":"","overlay-opacity":"","overlay-gradient":""},"tablet":{"background-color":"","background-image":"","background-repeat":"repeat","background-position":"center center","background-size":"auto","background-attachment":"scroll","background-type":"","background-media":"","overlay-type":"","overlay-color":"","overlay-opacity":"","overlay-gradient":""},"mobile":{"background-color":"","background-image":"","background-repeat":"repeat","background-position":"center center","background-size":"auto","background-attachment":"scroll","background-type":"","background-media":"","overlay-type":"","overlay-color":"","overlay-opacity":"","overlay-gradient":""}},"ast-content-background-meta":{"desktop":{"background-color":"var(--ast-global-color-5)","background-image":"","background-repeat":"repeat","background-position":"center center","background-size":"auto","background-attachment":"scroll","background-type":"","background-media":"","overlay-type":"","overlay-color":"","overlay-opacity":"","overlay-gradient":""},"tablet":{"background-color":"var(--ast-global-color-5)","background-image":"","background-repeat":"repeat","background-position":"center center","background-size":"auto","background-attachment":"scroll","background-type":"","background-media":"","overlay-type":"","overlay-color":"","overlay-opacity":"","overlay-gradient":""},"mobile":{"background-color":"var(--ast-global-color-5)","background-image":"","background-repeat":"repeat","background-position":"center center","background-size":"auto","background-attachment":"scroll","background-type":"","background-media":"","overlay-type":"","overlay-color":"","overlay-opacity":"","overlay-gradient":""}},"footnotes":""},"categories":[1,86],"tags":[],"class_list":["post-96","post","type-post","status-publish","format-standard","hentry","category-general","category-muralla-digital-revista"],"post_mailing_queue_ids":[],"_links":{"self":[{"href":"https:\/\/agora.xtec.cat\/cfacastelldefels\/wp-json\/wp\/v2\/posts\/96","targetHints":{"allow":["GET"]}}],"collection":[{"href":"https:\/\/agora.xtec.cat\/cfacastelldefels\/wp-json\/wp\/v2\/posts"}],"about":[{"href":"https:\/\/agora.xtec.cat\/cfacastelldefels\/wp-json\/wp\/v2\/types\/post"}],"author":[{"embeddable":true,"href":"https:\/\/agora.xtec.cat\/cfacastelldefels\/wp-json\/wp\/v2\/users\/1"}],"replies":[{"embeddable":true,"href":"https:\/\/agora.xtec.cat\/cfacastelldefels\/wp-json\/wp\/v2\/comments?post=96"}],"version-history":[{"count":1,"href":"https:\/\/agora.xtec.cat\/cfacastelldefels\/wp-json\/wp\/v2\/posts\/96\/revisions"}],"predecessor-version":[{"id":727,"href":"https:\/\/agora.xtec.cat\/cfacastelldefels\/wp-json\/wp\/v2\/posts\/96\/revisions\/727"}],"wp:attachment":[{"href":"https:\/\/agora.xtec.cat\/cfacastelldefels\/wp-json\/wp\/v2\/media?parent=96"}],"wp:term":[{"taxonomy":"category","embeddable":true,"href":"https:\/\/agora.xtec.cat\/cfacastelldefels\/wp-json\/wp\/v2\/categories?post=96"},{"taxonomy":"post_tag","embeddable":true,"href":"https:\/\/agora.xtec.cat\/cfacastelldefels\/wp-json\/wp\/v2\/tags?post=96"}],"curies":[{"name":"wp","href":"https:\/\/api.w.org\/{rel}","templated":true}]}}