{"id":90,"date":"2013-03-16T22:08:27","date_gmt":"2013-03-16T21:08:27","guid":{"rendered":"http:\/\/blocs.xtec.cat\/cfajverdaguer\/?p=90"},"modified":"2016-03-28T17:44:43","modified_gmt":"2016-03-28T16:44:43","slug":"preinscripcions-curs-2012-2013","status":"publish","type":"post","link":"https:\/\/agora.xtec.cat\/cfacastelldefels\/general\/preinscripcions-curs-2012-2013\/","title":{"rendered":"Preinscripcions curs 2012-2013"},"content":{"rendered":"<p>La preinscripci\u00f3 per als centres de formaci\u00f3 d&#8217;adults ser\u00e0 del <strong>20 al 28 de Juny<\/strong><br \/>\nAmb car\u00e0cter general,\u00a0<strong>per accedir<\/strong> a l&#8217;<strong>educaci\u00f3 d&#8217;adults<\/strong> cal haver complert els 18 anys (o complir-los l&#8217;any natural en qu\u00e8 s&#8217;inicia la formaci\u00f3).<\/p>\n<h3>Documentaci\u00f3<\/h3>\n<p>Juntament amb la sol\u00b7licitud de preinscripci\u00f3 cal presentar, en el termini establert, la\u00a0<strong>documentaci\u00f3<\/strong> <strong>identificativa<\/strong> seg\u00fcent:<\/p>\n<p>Original i fotoc\u00f2pia del DNI de l&#8217;alumne o alumna o de la targeta de resid\u00e8ncia on consta el NIE en el cas d&#8217;alumnes estrangers.<\/p>\n<p>Original i fotoc\u00f2pia de la TSI (targeta sanit\u00e0ria individual). Si no se&#8217;n disposa el Departament d&#8217;Ensenyament consultar\u00e0 el codi CIP de la targeta sanit\u00e0ria individual al CatSalut.<\/p>\n<p>Poden accedir les persones que s\u00f3n menors d&#8217;edat si han cursat els m\u00f2duls obligatoris dels programes de qualificaci\u00f3 professional inicial (PQPI)<br \/>\nSi l&#8217;alumne o alumna \u00e9s\u00a0<strong>menor d&#8217;edat ha d&#8217;aportar:<\/strong><\/p>\n<ul>\n<li>Original i fotoc\u00f2pia del llibre de fam\u00edlia o altres documents relatius a la filiaci\u00f3. Si est\u00e0 en situaci\u00f3 d&#8217;acolliment, la resoluci\u00f3 d&#8217;acolliment del Departament de Benestar Social i Fam\u00edlia.<\/li>\n<li>Original i fotoc\u00f2pia del DNI de la persona sol\u00b7licitant (pare, mare o tutor\/a o guardador\/a de fet) o de la targeta de resid\u00e8ncia on consta el NIE si es tracta de persones estrangeres.<\/li>\n<li>Original i fotoc\u00f2pia del DNI de l\u2019alumne o alumna.<\/li>\n<li>Original i fotoc\u00f2pia de la TSI (targeta sanit\u00e0ria individual). Si no se&#8217;n disposa el Departament d&#8217;Ensenyament consultar\u00e0 el codi CIP de la targeta sanit\u00e0ria individual al CatSalut.<\/li>\n<\/ul>\n<p>Si voleu matricular-vos al GES heu de portar en certificat de notes que heu cursat<\/p>\n","protected":false},"excerpt":{"rendered":"<p>La preinscripci\u00f3 per als centres de formaci\u00f3 d&#8217;adults ser\u00e0 del 20 al 28 de Juny Amb car\u00e0cter general,\u00a0per accedir a l&#8217;educaci\u00f3 d&#8217;adults cal haver complert els 18 anys (o complir-los l&#8217;any natural en qu\u00e8 s&#8217;inicia la formaci\u00f3). Documentaci\u00f3 Juntament amb la sol\u00b7licitud de preinscripci\u00f3 cal presentar, en el termini establert, la\u00a0documentaci\u00f3 identificativa seg\u00fcent: Original i [&hellip;]<\/p>\n","protected":false},"author":1,"featured_media":0,"comment_status":"open","ping_status":"open","sticky":false,"template":"","format":"standard","meta":{"_bbp_topic_count":0,"_bbp_reply_count":0,"_bbp_total_topic_count":0,"_bbp_total_reply_count":0,"_bbp_voice_count":0,"_bbp_anonymous_reply_count":0,"_bbp_topic_count_hidden":0,"_bbp_reply_count_hidden":0,"_bbp_forum_subforum_count":0,"site-sidebar-layout":"default","site-content-layout":"","ast-site-content-layout":"","site-content-style":"default","site-sidebar-style":"default","ast-global-header-display":"","ast-banner-title-visibility":"","ast-main-header-display":"","ast-hfb-above-header-display":"","ast-hfb-below-header-display":"","ast-hfb-mobile-header-display":"","site-post-title":"","ast-breadcrumbs-content":"","ast-featured-img":"","footer-sml-layout":"","theme-transparent-header-meta":"","adv-header-id-meta":"","stick-header-meta":"","header-above-stick-meta":"","header-main-stick-meta":"","header-below-stick-meta":"","astra-migrate-meta-layouts":"default","ast-page-background-enabled":"default","ast-page-background-meta":{"desktop":{"background-color":"var(--ast-global-color-4)","background-image":"","background-repeat":"repeat","background-position":"center center","background-size":"auto","background-attachment":"scroll","background-type":"","background-media":"","overlay-type":"","overlay-color":"","overlay-opacity":"","overlay-gradient":""},"tablet":{"background-color":"","background-image":"","background-repeat":"repeat","background-position":"center center","background-size":"auto","background-attachment":"scroll","background-type":"","background-media":"","overlay-type":"","overlay-color":"","overlay-opacity":"","overlay-gradient":""},"mobile":{"background-color":"","background-image":"","background-repeat":"repeat","background-position":"center center","background-size":"auto","background-attachment":"scroll","background-type":"","background-media":"","overlay-type":"","overlay-color":"","overlay-opacity":"","overlay-gradient":""}},"ast-content-background-meta":{"desktop":{"background-color":"var(--ast-global-color-5)","background-image":"","background-repeat":"repeat","background-position":"center center","background-size":"auto","background-attachment":"scroll","background-type":"","background-media":"","overlay-type":"","overlay-color":"","overlay-opacity":"","overlay-gradient":""},"tablet":{"background-color":"var(--ast-global-color-5)","background-image":"","background-repeat":"repeat","background-position":"center center","background-size":"auto","background-attachment":"scroll","background-type":"","background-media":"","overlay-type":"","overlay-color":"","overlay-opacity":"","overlay-gradient":""},"mobile":{"background-color":"var(--ast-global-color-5)","background-image":"","background-repeat":"repeat","background-position":"center center","background-size":"auto","background-attachment":"scroll","background-type":"","background-media":"","overlay-type":"","overlay-color":"","overlay-opacity":"","overlay-gradient":""}},"footnotes":""},"categories":[1,86],"tags":[],"class_list":["post-90","post","type-post","status-publish","format-standard","hentry","category-general","category-muralla-digital-revista"],"post_mailing_queue_ids":[],"_links":{"self":[{"href":"https:\/\/agora.xtec.cat\/cfacastelldefels\/wp-json\/wp\/v2\/posts\/90","targetHints":{"allow":["GET"]}}],"collection":[{"href":"https:\/\/agora.xtec.cat\/cfacastelldefels\/wp-json\/wp\/v2\/posts"}],"about":[{"href":"https:\/\/agora.xtec.cat\/cfacastelldefels\/wp-json\/wp\/v2\/types\/post"}],"author":[{"embeddable":true,"href":"https:\/\/agora.xtec.cat\/cfacastelldefels\/wp-json\/wp\/v2\/users\/1"}],"replies":[{"embeddable":true,"href":"https:\/\/agora.xtec.cat\/cfacastelldefels\/wp-json\/wp\/v2\/comments?post=90"}],"version-history":[{"count":1,"href":"https:\/\/agora.xtec.cat\/cfacastelldefels\/wp-json\/wp\/v2\/posts\/90\/revisions"}],"predecessor-version":[{"id":728,"href":"https:\/\/agora.xtec.cat\/cfacastelldefels\/wp-json\/wp\/v2\/posts\/90\/revisions\/728"}],"wp:attachment":[{"href":"https:\/\/agora.xtec.cat\/cfacastelldefels\/wp-json\/wp\/v2\/media?parent=90"}],"wp:term":[{"taxonomy":"category","embeddable":true,"href":"https:\/\/agora.xtec.cat\/cfacastelldefels\/wp-json\/wp\/v2\/categories?post=90"},{"taxonomy":"post_tag","embeddable":true,"href":"https:\/\/agora.xtec.cat\/cfacastelldefels\/wp-json\/wp\/v2\/tags?post=90"}],"curies":[{"name":"wp","href":"https:\/\/api.w.org\/{rel}","templated":true}]}}