{"id":87,"date":"2013-02-24T10:53:30","date_gmt":"2013-02-24T09:53:30","guid":{"rendered":"http:\/\/blocs.xtec.cat\/cfajverdaguer\/?p=87"},"modified":"2016-03-28T17:44:43","modified_gmt":"2016-03-28T16:44:43","slug":"informacions-i-matricules","status":"publish","type":"post","link":"https:\/\/agora.xtec.cat\/cfacastelldefels\/general\/informacions-i-matricules\/","title":{"rendered":"Informacions  i  matr\u00edcules"},"content":{"rendered":"<p><strong>Proves de cicles formatius de grau superior<\/strong><\/p>\n<p>INSCRIPCI\u00d3 de l\u201911 al 21 de MAR\u00c7<\/p>\n<p>DATA DE LA PROVA: 8 de maig 16h (part comuna)<br \/>\n9 de maig 16h (part espec\u00edfica)<\/p>\n<p>RESULTATS: a partir del 23 de maig (provisionals)<br \/>\n30 de maig (definitives)<\/p>\n<p><strong>Proves cicles formatius grau mitj\u00e0<\/strong><\/p>\n<p>NSCRIPCI\u00d3 de l\u201911 al 21 de MAR\u00c7<\/p>\n<p>DATA DE LA PROVA: 2 de maig a les 16h<\/p>\n<p>RESULTATS: a partir del 14 de maig (provisionals)<br \/>\n21 de maig (definitives)<\/p>\n<p><strong>Preinscripcions curs 2013-2014<\/strong><\/p>\n<p>Segons el Departament d\u2019Ensenyament de la Generalitat de Catalunya, el per\u00edode de<strong>presentaci\u00f3 de sol\u00b7licituds<\/strong> per al curs vinent dels\u00a0<a href=\"http:\/\/www20.gencat.cat\/portal\/site\/ensenyament\/menuitem.c9daa2c559ab545a72623b10b0c0e1a0\/?vgnextoid=511f281884294110VgnVCM1000000b0c1e0aRCRD&amp;vgnextchannel=511f281884294110VgnVCM1000000b0c1e0aRCRD&amp;vgnextfmt=detall&amp;contentid=348bfc6cba7fc310VgnVCM2000009b0c1e0aRCRD\" target=\"_blank\">ensenyaments d\u2019educaci\u00f3 d\u2019adults<\/a> es preveu<strong>del\u00a0<strong>20 al 28 de juny<\/strong><\/strong>.<\/p>\n<p>Ser\u00e0\u00a0a principis de mar\u00e7 que es publicar\u00e0 la resoluci\u00f3\u00a0per la qual s\u2019aprovaran les normes de\u00a0<strong>preinscripci\u00f3<\/strong> i matr\u00edcula de l\u2019alumnat als centres del Servei d\u2019Educaci\u00f3 de Catalunya en els diversos ensenyaments sostinguts amb fons p\u00fablics per al\u00a0<strong>curs 2013-2014<\/strong>.<\/p>\n<p>&nbsp;<\/p>\n<p>&nbsp;<\/p>\n<p>&nbsp;<\/p>\n","protected":false},"excerpt":{"rendered":"<p>Proves de cicles formatius de grau superior INSCRIPCI\u00d3 de l\u201911 al 21 de MAR\u00c7 DATA DE LA PROVA: 8 de maig 16h (part comuna) 9 de maig 16h (part espec\u00edfica) RESULTATS: a partir del 23 de maig (provisionals) 30 de maig (definitives) Proves cicles formatius grau mitj\u00e0 NSCRIPCI\u00d3 de l\u201911 al 21 de MAR\u00c7 DATA [&hellip;]<\/p>\n","protected":false},"author":1,"featured_media":0,"comment_status":"open","ping_status":"open","sticky":false,"template":"","format":"standard","meta":{"_bbp_topic_count":0,"_bbp_reply_count":0,"_bbp_total_topic_count":0,"_bbp_total_reply_count":0,"_bbp_voice_count":0,"_bbp_anonymous_reply_count":0,"_bbp_topic_count_hidden":0,"_bbp_reply_count_hidden":0,"_bbp_forum_subforum_count":0,"site-sidebar-layout":"default","site-content-layout":"","ast-site-content-layout":"","site-content-style":"default","site-sidebar-style":"default","ast-global-header-display":"","ast-banner-title-visibility":"","ast-main-header-display":"","ast-hfb-above-header-display":"","ast-hfb-below-header-display":"","ast-hfb-mobile-header-display":"","site-post-title":"","ast-breadcrumbs-content":"","ast-featured-img":"","footer-sml-layout":"","theme-transparent-header-meta":"","adv-header-id-meta":"","stick-header-meta":"","header-above-stick-meta":"","header-main-stick-meta":"","header-below-stick-meta":"","astra-migrate-meta-layouts":"default","ast-page-background-enabled":"default","ast-page-background-meta":{"desktop":{"background-color":"var(--ast-global-color-4)","background-image":"","background-repeat":"repeat","background-position":"center center","background-size":"auto","background-attachment":"scroll","background-type":"","background-media":"","overlay-type":"","overlay-color":"","overlay-opacity":"","overlay-gradient":""},"tablet":{"background-color":"","background-image":"","background-repeat":"repeat","background-position":"center center","background-size":"auto","background-attachment":"scroll","background-type":"","background-media":"","overlay-type":"","overlay-color":"","overlay-opacity":"","overlay-gradient":""},"mobile":{"background-color":"","background-image":"","background-repeat":"repeat","background-position":"center center","background-size":"auto","background-attachment":"scroll","background-type":"","background-media":"","overlay-type":"","overlay-color":"","overlay-opacity":"","overlay-gradient":""}},"ast-content-background-meta":{"desktop":{"background-color":"var(--ast-global-color-5)","background-image":"","background-repeat":"repeat","background-position":"center center","background-size":"auto","background-attachment":"scroll","background-type":"","background-media":"","overlay-type":"","overlay-color":"","overlay-opacity":"","overlay-gradient":""},"tablet":{"background-color":"var(--ast-global-color-5)","background-image":"","background-repeat":"repeat","background-position":"center center","background-size":"auto","background-attachment":"scroll","background-type":"","background-media":"","overlay-type":"","overlay-color":"","overlay-opacity":"","overlay-gradient":""},"mobile":{"background-color":"var(--ast-global-color-5)","background-image":"","background-repeat":"repeat","background-position":"center center","background-size":"auto","background-attachment":"scroll","background-type":"","background-media":"","overlay-type":"","overlay-color":"","overlay-opacity":"","overlay-gradient":""}},"footnotes":""},"categories":[1,86],"tags":[],"class_list":["post-87","post","type-post","status-publish","format-standard","hentry","category-general","category-muralla-digital-revista"],"post_mailing_queue_ids":[],"_links":{"self":[{"href":"https:\/\/agora.xtec.cat\/cfacastelldefels\/wp-json\/wp\/v2\/posts\/87","targetHints":{"allow":["GET"]}}],"collection":[{"href":"https:\/\/agora.xtec.cat\/cfacastelldefels\/wp-json\/wp\/v2\/posts"}],"about":[{"href":"https:\/\/agora.xtec.cat\/cfacastelldefels\/wp-json\/wp\/v2\/types\/post"}],"author":[{"embeddable":true,"href":"https:\/\/agora.xtec.cat\/cfacastelldefels\/wp-json\/wp\/v2\/users\/1"}],"replies":[{"embeddable":true,"href":"https:\/\/agora.xtec.cat\/cfacastelldefels\/wp-json\/wp\/v2\/comments?post=87"}],"version-history":[{"count":1,"href":"https:\/\/agora.xtec.cat\/cfacastelldefels\/wp-json\/wp\/v2\/posts\/87\/revisions"}],"predecessor-version":[{"id":729,"href":"https:\/\/agora.xtec.cat\/cfacastelldefels\/wp-json\/wp\/v2\/posts\/87\/revisions\/729"}],"wp:attachment":[{"href":"https:\/\/agora.xtec.cat\/cfacastelldefels\/wp-json\/wp\/v2\/media?parent=87"}],"wp:term":[{"taxonomy":"category","embeddable":true,"href":"https:\/\/agora.xtec.cat\/cfacastelldefels\/wp-json\/wp\/v2\/categories?post=87"},{"taxonomy":"post_tag","embeddable":true,"href":"https:\/\/agora.xtec.cat\/cfacastelldefels\/wp-json\/wp\/v2\/tags?post=87"}],"curies":[{"name":"wp","href":"https:\/\/api.w.org\/{rel}","templated":true}]}}