{"id":78,"date":"2013-01-20T11:22:28","date_gmt":"2013-01-20T10:22:28","guid":{"rendered":"http:\/\/blocs.xtec.cat\/cfajverdaguer\/?p=78"},"modified":"2016-03-28T17:44:43","modified_gmt":"2016-03-28T16:44:43","slug":"eleccions-censell-de-centre","status":"publish","type":"post","link":"https:\/\/agora.xtec.cat\/cfacastelldefels\/general\/eleccions-censell-de-centre\/","title":{"rendered":"Eleccions Consell de Centre"},"content":{"rendered":"<p>La setmana del 14 al 18 de Gener s&#8217;ha desenvolupat les eleccions de renovacions dels consells de centre en tots els centres educatius de Catalunya. Tradicionalment aquestes eleccions se&#8217;n desenvolupaven en el primer trimestre del curs. La coincid\u00e8ncia aquest anys amb les eleccions al parlament va portar a traslladar-les.<\/p>\n<p>En el consell de centre del CFA Jacint Verdaguer tenim representats tota la comunitat educativa. Estan representats els alumnes, els professors, l&#8217;ajuntament i l&#8217;equip directiu.<\/p>\n<p>En les eleccions del sector alumne es van presentar 5 candidats. La participaci\u00f3 va m\u00e9s que duplicar les darreres eleccions i el resultats van ser molt ajustats ja que entre el primer seleccionat i el darrer que ha quedat com a suplent sols hi ha una difer\u00e8ncia de 5 vots.<\/p>\n<p>Els representats escollits han estat:<\/p>\n<ul>\n<li>Alumnes: Chyntia alumna del curs de preparaci\u00f3 als cicles formatius de grau superior, M\u00aa Jesus del curs d&#8217;angl\u00e8s i d&#8217;inform\u00e0tica, Paulina alumna del Ge s. Com a reserva Pilar del Ges i Ana Quesada del curs d&#8217;angl\u00e8s.<\/li>\n<li>Professorat: Kepa, Juanjo i Andr\u00e9s<\/li>\n<li>Representant l&#8217;ajuntament t\u00e8cnica d&#8217;educaci\u00f3 : Rosa<\/li>\n<li>Personal administraci\u00f3 i serveis: Marga<\/li>\n<li>Equip Directiu: Director M Rius i cap d&#8217;Estudis M\u00aa Teresa.<\/li>\n<li>Secret\u00e0ria Paquita<\/li>\n<\/ul>\n<p>En el consell de centre estem tots representats i en ell recollim les aportacions de tota la comunitat educativa.<\/p>\n<p>La constituci\u00f3 del nou consell de centre ser\u00e0 el proper dijous 24 de Gener. Ja us posarem una foto de l&#8217;acte.<\/p>\n","protected":false},"excerpt":{"rendered":"<p>La setmana del 14 al 18 de Gener s&#8217;ha desenvolupat les eleccions de renovacions dels consells de centre en tots els centres educatius de Catalunya. Tradicionalment aquestes eleccions se&#8217;n desenvolupaven en el primer trimestre del curs. La coincid\u00e8ncia aquest anys amb les eleccions al parlament va portar a traslladar-les. En el consell de centre del [&hellip;]<\/p>\n","protected":false},"author":1,"featured_media":0,"comment_status":"open","ping_status":"open","sticky":false,"template":"","format":"standard","meta":{"_bbp_topic_count":0,"_bbp_reply_count":0,"_bbp_total_topic_count":0,"_bbp_total_reply_count":0,"_bbp_voice_count":0,"_bbp_anonymous_reply_count":0,"_bbp_topic_count_hidden":0,"_bbp_reply_count_hidden":0,"_bbp_forum_subforum_count":0,"site-sidebar-layout":"default","site-content-layout":"","ast-site-content-layout":"","site-content-style":"default","site-sidebar-style":"default","ast-global-header-display":"","ast-banner-title-visibility":"","ast-main-header-display":"","ast-hfb-above-header-display":"","ast-hfb-below-header-display":"","ast-hfb-mobile-header-display":"","site-post-title":"","ast-breadcrumbs-content":"","ast-featured-img":"","footer-sml-layout":"","theme-transparent-header-meta":"","adv-header-id-meta":"","stick-header-meta":"","header-above-stick-meta":"","header-main-stick-meta":"","header-below-stick-meta":"","astra-migrate-meta-layouts":"default","ast-page-background-enabled":"default","ast-page-background-meta":{"desktop":{"background-color":"var(--ast-global-color-4)","background-image":"","background-repeat":"repeat","background-position":"center center","background-size":"auto","background-attachment":"scroll","background-type":"","background-media":"","overlay-type":"","overlay-color":"","overlay-opacity":"","overlay-gradient":""},"tablet":{"background-color":"","background-image":"","background-repeat":"repeat","background-position":"center center","background-size":"auto","background-attachment":"scroll","background-type":"","background-media":"","overlay-type":"","overlay-color":"","overlay-opacity":"","overlay-gradient":""},"mobile":{"background-color":"","background-image":"","background-repeat":"repeat","background-position":"center center","background-size":"auto","background-attachment":"scroll","background-type":"","background-media":"","overlay-type":"","overlay-color":"","overlay-opacity":"","overlay-gradient":""}},"ast-content-background-meta":{"desktop":{"background-color":"var(--ast-global-color-5)","background-image":"","background-repeat":"repeat","background-position":"center center","background-size":"auto","background-attachment":"scroll","background-type":"","background-media":"","overlay-type":"","overlay-color":"","overlay-opacity":"","overlay-gradient":""},"tablet":{"background-color":"var(--ast-global-color-5)","background-image":"","background-repeat":"repeat","background-position":"center center","background-size":"auto","background-attachment":"scroll","background-type":"","background-media":"","overlay-type":"","overlay-color":"","overlay-opacity":"","overlay-gradient":""},"mobile":{"background-color":"var(--ast-global-color-5)","background-image":"","background-repeat":"repeat","background-position":"center center","background-size":"auto","background-attachment":"scroll","background-type":"","background-media":"","overlay-type":"","overlay-color":"","overlay-opacity":"","overlay-gradient":""}},"footnotes":""},"categories":[1,86],"tags":[],"class_list":["post-78","post","type-post","status-publish","format-standard","hentry","category-general","category-muralla-digital-revista"],"post_mailing_queue_ids":[],"_links":{"self":[{"href":"https:\/\/agora.xtec.cat\/cfacastelldefels\/wp-json\/wp\/v2\/posts\/78","targetHints":{"allow":["GET"]}}],"collection":[{"href":"https:\/\/agora.xtec.cat\/cfacastelldefels\/wp-json\/wp\/v2\/posts"}],"about":[{"href":"https:\/\/agora.xtec.cat\/cfacastelldefels\/wp-json\/wp\/v2\/types\/post"}],"author":[{"embeddable":true,"href":"https:\/\/agora.xtec.cat\/cfacastelldefels\/wp-json\/wp\/v2\/users\/1"}],"replies":[{"embeddable":true,"href":"https:\/\/agora.xtec.cat\/cfacastelldefels\/wp-json\/wp\/v2\/comments?post=78"}],"version-history":[{"count":1,"href":"https:\/\/agora.xtec.cat\/cfacastelldefels\/wp-json\/wp\/v2\/posts\/78\/revisions"}],"predecessor-version":[{"id":730,"href":"https:\/\/agora.xtec.cat\/cfacastelldefels\/wp-json\/wp\/v2\/posts\/78\/revisions\/730"}],"wp:attachment":[{"href":"https:\/\/agora.xtec.cat\/cfacastelldefels\/wp-json\/wp\/v2\/media?parent=78"}],"wp:term":[{"taxonomy":"category","embeddable":true,"href":"https:\/\/agora.xtec.cat\/cfacastelldefels\/wp-json\/wp\/v2\/categories?post=78"},{"taxonomy":"post_tag","embeddable":true,"href":"https:\/\/agora.xtec.cat\/cfacastelldefels\/wp-json\/wp\/v2\/tags?post=78"}],"curies":[{"name":"wp","href":"https:\/\/api.w.org\/{rel}","templated":true}]}}