{"id":712,"date":"2015-02-11T09:15:24","date_gmt":"2015-02-11T08:15:24","guid":{"rendered":"http:\/\/blocs.xtec.cat\/cfajverdaguer\/?p=206"},"modified":"2015-02-11T09:15:24","modified_gmt":"2015-02-11T08:15:24","slug":"ges-18-lliure","status":"publish","type":"post","link":"https:\/\/agora.xtec.cat\/cfacastelldefels\/general\/ges-18-lliure\/","title":{"rendered":"Ges +18 Lliure"},"content":{"rendered":"<h2 style=\"text-align: center;\">Prova per a l&#8217;obtenci\u00f3 del graduat en educaci\u00f3 secund\u00e0ria obligat\u00f2ria per a persones de m\u00e9s de 18 anys<\/h2>\n<p>Calendari<\/p>\n<p id=\"FW_bloc_eabd3216-6589-11e4-b4dc-000c29cdf219_2\" class=\"FW_ancora\">Segona convocat\u00f2ria<\/p>\n<div class=\"FW_sArticleFoto\">\n<div class=\"FW_sEditPro\">\n<div class=\"FW_sArticleFoto\">\n<ul>\n<li>Inscripci\u00f3:\u00a0del 3 de mar\u00e7 (a partir de les 9 h) fins al 9 de mar\u00e7 de 2015<\/li>\n<li>Prova\n<ul>\n<li>16 d\u2019abril de 2015\n<ul>\n<li>de 9.30 a 10 h: verificaci\u00f3 de la identitat dels\u00a0aspirants<\/li>\n<li>de 10 a 13 h: examen de l\u2019\u00e0mbit cientificotecnol\u00f2gic<\/li>\n<li>de 15 a 15.30 h: verificaci\u00f3 de la identitat\u00a0dels aspirants<\/li>\n<li>de 15.30 a 17.30 h: examen de l\u2019\u00e0mbit social<\/li>\n<\/ul>\n<\/li>\n<li>17 d\u2019abril de 2015\n<ul>\n<li>de 9.30 a 10 h: verificaci\u00f3 de la identitat dels aspirant<\/li>\n<li>de 10 a 14 h: examen de l\u2019\u00e0mbit de la comunicaci\u00f3<\/li>\n<\/ul>\n<\/li>\n<\/ul>\n<\/li>\n<li><em><strong><a href=\"http:\/\/ensenyament.gencat.cat\/ca\/serveis_i_tramits\/proves\/proves_lliures_obtencio_titols\/prova_obtencio_geso_persones_mes_18_anys\/calendari\/\" target=\"_blank\">M\u00e9s infomaci\u00f3\u00a0<\/a><\/strong><\/em><\/li>\n<\/ul>\n<\/div>\n<\/div>\n<\/div>\n","protected":false},"excerpt":{"rendered":"<p>Prova per a l&#8217;obtenci\u00f3 del graduat en educaci\u00f3 secund\u00e0ria obligat\u00f2ria per a persones de m\u00e9s de 18 anys Calendari Segona convocat\u00f2ria Inscripci\u00f3:\u00a0del 3 de mar\u00e7 (a partir de les 9 h) fins al 9 de mar\u00e7 de 2015 Prova 16 d\u2019abril de 2015 de 9.30 a 10 h: verificaci\u00f3 de la identitat dels\u00a0aspirants de 10 [&hellip;]<\/p>\n","protected":false},"author":1,"featured_media":0,"comment_status":"open","ping_status":"open","sticky":false,"template":"","format":"standard","meta":{"_bbp_topic_count":0,"_bbp_reply_count":0,"_bbp_total_topic_count":0,"_bbp_total_reply_count":0,"_bbp_voice_count":0,"_bbp_anonymous_reply_count":0,"_bbp_topic_count_hidden":0,"_bbp_reply_count_hidden":0,"_bbp_forum_subforum_count":0,"site-sidebar-layout":"default","site-content-layout":"","ast-site-content-layout":"","site-content-style":"default","site-sidebar-style":"default","ast-global-header-display":"","ast-banner-title-visibility":"","ast-main-header-display":"","ast-hfb-above-header-display":"","ast-hfb-below-header-display":"","ast-hfb-mobile-header-display":"","site-post-title":"","ast-breadcrumbs-content":"","ast-featured-img":"","footer-sml-layout":"","theme-transparent-header-meta":"","adv-header-id-meta":"","stick-header-meta":"","header-above-stick-meta":"","header-main-stick-meta":"","header-below-stick-meta":"","astra-migrate-meta-layouts":"default","ast-page-background-enabled":"default","ast-page-background-meta":{"desktop":{"background-color":"var(--ast-global-color-4)","background-image":"","background-repeat":"repeat","background-position":"center center","background-size":"auto","background-attachment":"scroll","background-type":"","background-media":"","overlay-type":"","overlay-color":"","overlay-opacity":"","overlay-gradient":""},"tablet":{"background-color":"","background-image":"","background-repeat":"repeat","background-position":"center center","background-size":"auto","background-attachment":"scroll","background-type":"","background-media":"","overlay-type":"","overlay-color":"","overlay-opacity":"","overlay-gradient":""},"mobile":{"background-color":"","background-image":"","background-repeat":"repeat","background-position":"center center","background-size":"auto","background-attachment":"scroll","background-type":"","background-media":"","overlay-type":"","overlay-color":"","overlay-opacity":"","overlay-gradient":""}},"ast-content-background-meta":{"desktop":{"background-color":"var(--ast-global-color-5)","background-image":"","background-repeat":"repeat","background-position":"center center","background-size":"auto","background-attachment":"scroll","background-type":"","background-media":"","overlay-type":"","overlay-color":"","overlay-opacity":"","overlay-gradient":""},"tablet":{"background-color":"var(--ast-global-color-5)","background-image":"","background-repeat":"repeat","background-position":"center center","background-size":"auto","background-attachment":"scroll","background-type":"","background-media":"","overlay-type":"","overlay-color":"","overlay-opacity":"","overlay-gradient":""},"mobile":{"background-color":"var(--ast-global-color-5)","background-image":"","background-repeat":"repeat","background-position":"center center","background-size":"auto","background-attachment":"scroll","background-type":"","background-media":"","overlay-type":"","overlay-color":"","overlay-opacity":"","overlay-gradient":""}},"footnotes":""},"categories":[80,1],"tags":[],"class_list":["post-712","post","type-post","status-publish","format-standard","hentry","category-educacio","category-general"],"post_mailing_queue_ids":[],"_links":{"self":[{"href":"https:\/\/agora.xtec.cat\/cfacastelldefels\/wp-json\/wp\/v2\/posts\/712","targetHints":{"allow":["GET"]}}],"collection":[{"href":"https:\/\/agora.xtec.cat\/cfacastelldefels\/wp-json\/wp\/v2\/posts"}],"about":[{"href":"https:\/\/agora.xtec.cat\/cfacastelldefels\/wp-json\/wp\/v2\/types\/post"}],"author":[{"embeddable":true,"href":"https:\/\/agora.xtec.cat\/cfacastelldefels\/wp-json\/wp\/v2\/users\/1"}],"replies":[{"embeddable":true,"href":"https:\/\/agora.xtec.cat\/cfacastelldefels\/wp-json\/wp\/v2\/comments?post=712"}],"version-history":[{"count":0,"href":"https:\/\/agora.xtec.cat\/cfacastelldefels\/wp-json\/wp\/v2\/posts\/712\/revisions"}],"wp:attachment":[{"href":"https:\/\/agora.xtec.cat\/cfacastelldefels\/wp-json\/wp\/v2\/media?parent=712"}],"wp:term":[{"taxonomy":"category","embeddable":true,"href":"https:\/\/agora.xtec.cat\/cfacastelldefels\/wp-json\/wp\/v2\/categories?post=712"},{"taxonomy":"post_tag","embeddable":true,"href":"https:\/\/agora.xtec.cat\/cfacastelldefels\/wp-json\/wp\/v2\/tags?post=712"}],"curies":[{"name":"wp","href":"https:\/\/api.w.org\/{rel}","templated":true}]}}