{"id":709,"date":"2014-05-25T19:35:33","date_gmt":"2014-05-25T18:35:33","guid":{"rendered":"http:\/\/blocs.xtec.cat\/cfajverdaguer\/?p=175"},"modified":"2016-03-28T17:46:07","modified_gmt":"2016-03-28T16:46:07","slug":"visiting-the-castle-visitar-el-castillo","status":"publish","type":"post","link":"https:\/\/agora.xtec.cat\/cfacastelldefels\/general\/visiting-the-castle-visitar-el-castillo\/","title":{"rendered":"Visiting  the Castle. Visitar el castillo"},"content":{"rendered":"<p>En el mes de maig el nostre centre hem organitzat una viista col\u00b7lectiva al castell de Castelldefels. La idea \u00e9s fer un \u00fas significatiu de la llengia que estudiem. Es van fer dues en angl\u00e8s per als estudiants dels cursos dels nivells 1,2 i 3 i obert a altres alumnes, m\u00e9s una en espa\u00f1ol pels alumnes de Espa\u00f1ol como lengua extranjera. D&#8217;aquesta manera els alumnes usen la llengua que estudien i esdev\u00e9 una eina \u00fatil i no la mat\u00e8ria d&#8217;estudi.<\/p>\n<p>Us deixo un text que han fet col\u00b7lectivament els alumnes<\/p>\n<p>In May\u00a0 our English group visited Castelldefels castle. It was a guided tour \u201cIN ENGLISH\u201d.<\/p>\n<p>We met at 10,30 in front of the Castle. We liked\u00a0 the area of the\u00a0 chapel and\u00a0 its first\u00a0 ruins, you can see them\u00a0 under a glass.\u00a0\u00a0 We enjoyed the patio, after the main door, and the step used to get on a horse.\u00a0\u00a0 We loved the main floor, it\u2019s very beautiful, it has big windows and high ceiling. There was a historical clothing exhibition. It was a cloudy day. It\u2019s a Castle without ghosts. It was a defensive castle. Everybody liked the views: you could see Garraf Park, Barcelona\u2019s airport and harbour, Tibidabo, Eramprunya Castle, the beach and of course Castelldefels. We had a very interesting excursion.<\/p>\n<p><a href=\"https:\/\/www.dropbox.com\/s\/l7shadauf8isvuz\/Fotos%20Castillo%20Castelldefels%2012-5-2014%20056.JPG\"><\/p>\n<p><\/a><\/p>\n<p>&nbsp;<\/p>\n<p>&nbsp;<\/p>\n","protected":false},"excerpt":{"rendered":"<p>En el mes de maig el nostre centre hem organitzat una viista col\u00b7lectiva al castell de Castelldefels. La idea \u00e9s fer un \u00fas significatiu de la llengia que estudiem. Es van fer dues en angl\u00e8s per als estudiants dels cursos dels nivells 1,2 i 3 i obert a altres alumnes, m\u00e9s una en espa\u00f1ol pels [&hellip;]<\/p>\n","protected":false},"author":1,"featured_media":0,"comment_status":"open","ping_status":"open","sticky":false,"template":"","format":"standard","meta":{"_bbp_topic_count":0,"_bbp_reply_count":0,"_bbp_total_topic_count":0,"_bbp_total_reply_count":0,"_bbp_voice_count":0,"_bbp_anonymous_reply_count":0,"_bbp_topic_count_hidden":0,"_bbp_reply_count_hidden":0,"_bbp_forum_subforum_count":0,"site-sidebar-layout":"default","site-content-layout":"","ast-site-content-layout":"","site-content-style":"default","site-sidebar-style":"default","ast-global-header-display":"","ast-banner-title-visibility":"","ast-main-header-display":"","ast-hfb-above-header-display":"","ast-hfb-below-header-display":"","ast-hfb-mobile-header-display":"","site-post-title":"","ast-breadcrumbs-content":"","ast-featured-img":"","footer-sml-layout":"","theme-transparent-header-meta":"","adv-header-id-meta":"","stick-header-meta":"","header-above-stick-meta":"","header-main-stick-meta":"","header-below-stick-meta":"","astra-migrate-meta-layouts":"default","ast-page-background-enabled":"default","ast-page-background-meta":{"desktop":{"background-color":"var(--ast-global-color-4)","background-image":"","background-repeat":"repeat","background-position":"center center","background-size":"auto","background-attachment":"scroll","background-type":"","background-media":"","overlay-type":"","overlay-color":"","overlay-opacity":"","overlay-gradient":""},"tablet":{"background-color":"","background-image":"","background-repeat":"repeat","background-position":"center center","background-size":"auto","background-attachment":"scroll","background-type":"","background-media":"","overlay-type":"","overlay-color":"","overlay-opacity":"","overlay-gradient":""},"mobile":{"background-color":"","background-image":"","background-repeat":"repeat","background-position":"center center","background-size":"auto","background-attachment":"scroll","background-type":"","background-media":"","overlay-type":"","overlay-color":"","overlay-opacity":"","overlay-gradient":""}},"ast-content-background-meta":{"desktop":{"background-color":"var(--ast-global-color-5)","background-image":"","background-repeat":"repeat","background-position":"center center","background-size":"auto","background-attachment":"scroll","background-type":"","background-media":"","overlay-type":"","overlay-color":"","overlay-opacity":"","overlay-gradient":""},"tablet":{"background-color":"var(--ast-global-color-5)","background-image":"","background-repeat":"repeat","background-position":"center center","background-size":"auto","background-attachment":"scroll","background-type":"","background-media":"","overlay-type":"","overlay-color":"","overlay-opacity":"","overlay-gradient":""},"mobile":{"background-color":"var(--ast-global-color-5)","background-image":"","background-repeat":"repeat","background-position":"center center","background-size":"auto","background-attachment":"scroll","background-type":"","background-media":"","overlay-type":"","overlay-color":"","overlay-opacity":"","overlay-gradient":""}},"footnotes":""},"categories":[1,86],"tags":[],"class_list":["post-709","post","type-post","status-publish","format-standard","hentry","category-general","category-muralla-digital-revista"],"post_mailing_queue_ids":[],"_links":{"self":[{"href":"https:\/\/agora.xtec.cat\/cfacastelldefels\/wp-json\/wp\/v2\/posts\/709","targetHints":{"allow":["GET"]}}],"collection":[{"href":"https:\/\/agora.xtec.cat\/cfacastelldefels\/wp-json\/wp\/v2\/posts"}],"about":[{"href":"https:\/\/agora.xtec.cat\/cfacastelldefels\/wp-json\/wp\/v2\/types\/post"}],"author":[{"embeddable":true,"href":"https:\/\/agora.xtec.cat\/cfacastelldefels\/wp-json\/wp\/v2\/users\/1"}],"replies":[{"embeddable":true,"href":"https:\/\/agora.xtec.cat\/cfacastelldefels\/wp-json\/wp\/v2\/comments?post=709"}],"version-history":[{"count":1,"href":"https:\/\/agora.xtec.cat\/cfacastelldefels\/wp-json\/wp\/v2\/posts\/709\/revisions"}],"predecessor-version":[{"id":734,"href":"https:\/\/agora.xtec.cat\/cfacastelldefels\/wp-json\/wp\/v2\/posts\/709\/revisions\/734"}],"wp:attachment":[{"href":"https:\/\/agora.xtec.cat\/cfacastelldefels\/wp-json\/wp\/v2\/media?parent=709"}],"wp:term":[{"taxonomy":"category","embeddable":true,"href":"https:\/\/agora.xtec.cat\/cfacastelldefels\/wp-json\/wp\/v2\/categories?post=709"},{"taxonomy":"post_tag","embeddable":true,"href":"https:\/\/agora.xtec.cat\/cfacastelldefels\/wp-json\/wp\/v2\/tags?post=709"}],"curies":[{"name":"wp","href":"https:\/\/api.w.org\/{rel}","templated":true}]}}