{"id":707,"date":"2014-03-11T20:03:19","date_gmt":"2014-03-11T19:03:19","guid":{"rendered":"http:\/\/blocs.xtec.cat\/cfajverdaguer\/?p=168"},"modified":"2016-03-28T17:46:07","modified_gmt":"2016-03-28T16:46:07","slug":"168","status":"publish","type":"post","link":"https:\/\/agora.xtec.cat\/cfacastelldefels\/educacio\/168\/","title":{"rendered":"PROVES LLIURES D&#8217;ACC\u00c9S A CICLES FORMATIUS grau superior"},"content":{"rendered":"<p><strong><img loading=\"lazy\" decoding=\"async\" alt=\"Gencat.cat\" src=\"http:\/\/www20.gencat.cat\/img\/logo.gif\" width=\"186\" height=\"30\" \/><\/strong><\/p>\n<p><strong>CONVOCAT\u00d2RIA DE LES PROVES LLIURES D&#8217;ACC\u00c9S A CICLES FORMATIUS grau superior<\/strong><\/p>\n<ul>\n<li><strong>Inscripci\u00f3:<\/strong>\u00a0a partir de les 9 hores del 10 de mar\u00e7 fins al 19 de mar\u00e7 de 2014 (TELEM\u00c0TICA)<\/li>\n<li>\u00daltim dia de pagament de la taxa: 20 de mar\u00e7 de 2014 abans de les 20 hores<\/li>\n<li>Presentaci\u00f3 de la documentaci\u00f3 a l&#8217;institut: del\u00a02 al 10 d&#8217;abril de 2014, fins a les 18 hores<\/li>\n<li>Llista provisional d&#8217;admesos i exclosos: a partir del\u00a022 d&#8217;abril de 2014<\/li>\n<li>Presentaci\u00f3 de la documentaci\u00f3 complementaria a l&#8217;institut: del 23 al 25 d&#8217;abril de 2014, dins l&#8217;horari de registre de documentaci\u00f3 del centre<\/li>\n<li>Llista definitiva d&#8217;admesos i exclosos: a partir del 29 d&#8217;abril de 2014<\/li>\n<li><strong>Prova:<\/strong>\u00a014 de maig de 2014, a les 15.30 hores (part comuna) i\u00a015 de maig, a les 15.30 hores (part espec\u00edfica). Les persones aspirants s&#8217;han de presentar 30 minuts abans<\/li>\n<li>Qualificacions provisionals: a partir del\u00a027 de maig de 2014<\/li>\n<li>Termini per presentar consultes i reclamacions: del\u00a028 de maig al 30 de maig de 2014, fins a les 18 hores<\/li>\n<li>Qualificacions definitives:\u00a0a partir de\u00a03\u00a0de juny de 2014<\/li>\n<\/ul>\n","protected":false},"excerpt":{"rendered":"<p>CONVOCAT\u00d2RIA DE LES PROVES LLIURES D&#8217;ACC\u00c9S A CICLES FORMATIUS grau superior Inscripci\u00f3:\u00a0a partir de les 9 hores del 10 de mar\u00e7 fins al 19 de mar\u00e7 de 2014 (TELEM\u00c0TICA) \u00daltim dia de pagament de la taxa: 20 de mar\u00e7 de 2014 abans de les 20 hores Presentaci\u00f3 de la documentaci\u00f3 a l&#8217;institut: del\u00a02 al 10 [&hellip;]<\/p>\n","protected":false},"author":1,"featured_media":0,"comment_status":"open","ping_status":"open","sticky":false,"template":"","format":"standard","meta":{"_bbp_topic_count":0,"_bbp_reply_count":0,"_bbp_total_topic_count":0,"_bbp_total_reply_count":0,"_bbp_voice_count":0,"_bbp_anonymous_reply_count":0,"_bbp_topic_count_hidden":0,"_bbp_reply_count_hidden":0,"_bbp_forum_subforum_count":0,"site-sidebar-layout":"default","site-content-layout":"","ast-site-content-layout":"","site-content-style":"default","site-sidebar-style":"default","ast-global-header-display":"","ast-banner-title-visibility":"","ast-main-header-display":"","ast-hfb-above-header-display":"","ast-hfb-below-header-display":"","ast-hfb-mobile-header-display":"","site-post-title":"","ast-breadcrumbs-content":"","ast-featured-img":"","footer-sml-layout":"","theme-transparent-header-meta":"","adv-header-id-meta":"","stick-header-meta":"","header-above-stick-meta":"","header-main-stick-meta":"","header-below-stick-meta":"","astra-migrate-meta-layouts":"default","ast-page-background-enabled":"default","ast-page-background-meta":{"desktop":{"background-color":"var(--ast-global-color-4)","background-image":"","background-repeat":"repeat","background-position":"center center","background-size":"auto","background-attachment":"scroll","background-type":"","background-media":"","overlay-type":"","overlay-color":"","overlay-opacity":"","overlay-gradient":""},"tablet":{"background-color":"","background-image":"","background-repeat":"repeat","background-position":"center center","background-size":"auto","background-attachment":"scroll","background-type":"","background-media":"","overlay-type":"","overlay-color":"","overlay-opacity":"","overlay-gradient":""},"mobile":{"background-color":"","background-image":"","background-repeat":"repeat","background-position":"center center","background-size":"auto","background-attachment":"scroll","background-type":"","background-media":"","overlay-type":"","overlay-color":"","overlay-opacity":"","overlay-gradient":""}},"ast-content-background-meta":{"desktop":{"background-color":"var(--ast-global-color-5)","background-image":"","background-repeat":"repeat","background-position":"center center","background-size":"auto","background-attachment":"scroll","background-type":"","background-media":"","overlay-type":"","overlay-color":"","overlay-opacity":"","overlay-gradient":""},"tablet":{"background-color":"var(--ast-global-color-5)","background-image":"","background-repeat":"repeat","background-position":"center center","background-size":"auto","background-attachment":"scroll","background-type":"","background-media":"","overlay-type":"","overlay-color":"","overlay-opacity":"","overlay-gradient":""},"mobile":{"background-color":"var(--ast-global-color-5)","background-image":"","background-repeat":"repeat","background-position":"center center","background-size":"auto","background-attachment":"scroll","background-type":"","background-media":"","overlay-type":"","overlay-color":"","overlay-opacity":"","overlay-gradient":""}},"footnotes":""},"categories":[80,86],"tags":[],"class_list":["post-707","post","type-post","status-publish","format-standard","hentry","category-educacio","category-muralla-digital-revista"],"post_mailing_queue_ids":[],"_links":{"self":[{"href":"https:\/\/agora.xtec.cat\/cfacastelldefels\/wp-json\/wp\/v2\/posts\/707","targetHints":{"allow":["GET"]}}],"collection":[{"href":"https:\/\/agora.xtec.cat\/cfacastelldefels\/wp-json\/wp\/v2\/posts"}],"about":[{"href":"https:\/\/agora.xtec.cat\/cfacastelldefels\/wp-json\/wp\/v2\/types\/post"}],"author":[{"embeddable":true,"href":"https:\/\/agora.xtec.cat\/cfacastelldefels\/wp-json\/wp\/v2\/users\/1"}],"replies":[{"embeddable":true,"href":"https:\/\/agora.xtec.cat\/cfacastelldefels\/wp-json\/wp\/v2\/comments?post=707"}],"version-history":[{"count":1,"href":"https:\/\/agora.xtec.cat\/cfacastelldefels\/wp-json\/wp\/v2\/posts\/707\/revisions"}],"predecessor-version":[{"id":736,"href":"https:\/\/agora.xtec.cat\/cfacastelldefels\/wp-json\/wp\/v2\/posts\/707\/revisions\/736"}],"wp:attachment":[{"href":"https:\/\/agora.xtec.cat\/cfacastelldefels\/wp-json\/wp\/v2\/media?parent=707"}],"wp:term":[{"taxonomy":"category","embeddable":true,"href":"https:\/\/agora.xtec.cat\/cfacastelldefels\/wp-json\/wp\/v2\/categories?post=707"},{"taxonomy":"post_tag","embeddable":true,"href":"https:\/\/agora.xtec.cat\/cfacastelldefels\/wp-json\/wp\/v2\/tags?post=707"}],"curies":[{"name":"wp","href":"https:\/\/api.w.org\/{rel}","templated":true}]}}