{"id":706,"date":"2013-06-02T19:19:50","date_gmt":"2013-06-02T18:19:50","guid":{"rendered":"http:\/\/blocs.xtec.cat\/cfajverdaguer\/?p=131"},"modified":"2016-03-28T17:46:07","modified_gmt":"2016-03-28T16:46:07","slug":"dia-del-llibre","status":"publish","type":"post","link":"https:\/\/agora.xtec.cat\/cfacastelldefels\/general\/dia-del-llibre\/","title":{"rendered":"Dia del llibre"},"content":{"rendered":"<p><a href=\"http:\/\/agora.xtec.cat\/cfajverdaguercastelldefels\/wp-content\/uploads\/usu251\/2013\/06\/DSCN0110.jpg\"><img loading=\"lazy\" decoding=\"async\" class=\"alignleft size-medium wp-image-139\" src=\"http:\/\/agora.xtec.cat\/cfajverdaguercastelldefels\/wp-content\/uploads\/usu251\/2013\/06\/DSCN0110-300x225.jpg\" alt=\"\" width=\"300\" height=\"225\" srcset=\"https:\/\/agora.xtec.cat\/cfacastelldefels\/wp-content\/uploads\/usu251\/2013\/06\/DSCN0110-300x225.jpg 300w, https:\/\/agora.xtec.cat\/cfacastelldefels\/wp-content\/uploads\/usu251\/2013\/06\/DSCN0110-1024x768.jpg 1024w, https:\/\/agora.xtec.cat\/cfacastelldefels\/wp-content\/uploads\/usu251\/2013\/06\/DSCN0110-200x150.jpg 200w, https:\/\/agora.xtec.cat\/cfacastelldefels\/wp-content\/uploads\/usu251\/2013\/06\/DSCN0110.jpg 2048w\" sizes=\"auto, (max-width: 300px) 100vw, 300px\" \/><\/a>Hem celebrat durant quinze dies el dia de llibre. Com activitats vam fer una sortida a Barcelona en el dia de Sant Jordi i en el centre vam crear <strong>L&#8217;arbre dels llibres<\/strong>.<\/p>\n<p>Els alumnes del centre han penjat les seves recomanacions de lectura, en un paper que podien penjar en el suro o en l&#8217;abre\u00a0 dels llibres. Les recomanacions han estat ben varides. \u00c9s una activitat transversal que ha implicat alumnat de diversos horaris i programes d&#8217;estudis.<\/p>\n<p>Paral\u00b7lelament hem intercanviat v\u00eddeos amb recomanacions amb un centre de Portugal. Els idiomes que hem usat han estat el catal\u00e0, l&#8217;espanyol, el portugu\u00e9s i l&#8217;angl\u00e8s.<\/p>\n<p>\u00das deixo un v\u00eddeo amb les fotos i v\u00eddeos que hem gravat al nostre centre<\/p>\n<p>\u00fas deixo els links als videos dels amics de Portugal:<\/p>\n<ul>\n<li>Alexandre Ferreira (<a title=\"af\" href=\"https:\/\/www.dropbox.com\/s\/9lmqco8xocd4pv3\/Alexandre%20Ferreira.AVI?n=105879507\" target=\"_blank\">video<\/a>), Ines Antunes ( <a title=\"IA\" href=\"https:\/\/www.dropbox.com\/s\/rb2xb1ty5x58yli\/Ines%20Antunes.AVI?n=105879507\" target=\"_blank\">video<\/a>), Leonardo and Joana 1 (<a title=\"LJ\" href=\"https:\/\/www.dropbox.com\/s\/h2kft2arubrrro5\/Leonardo%20and%20Joana%201.mp4?n=105879507\" target=\"_blank\">video<\/a>), Leonardo and Joana 2 (<a title=\"LJ2\" href=\"https:\/\/mail.google.com\/mail\/u\/0\/?shva=1#inbox\/13efa77eb8cc056c\" target=\"_blank\">video<\/a>), Vania (<a title=\"v\" href=\"https:\/\/www.dropbox.com\/s\/q1vz0bfzm2vkzay\/V%C3%A2nia.mp4?n=105879507\" target=\"_blank\">video<\/a>), Joao ( <a title=\"j\" href=\"https:\/\/www.dropbox.com\/s\/st2nc2c9gvhw2w2\/VID_00000023_WMV%20V9.wmv?n=105879507\" target=\"_blank\">Video<\/a>), Fidel (<a title=\"f\" href=\"https:\/\/www.dropbox.com\/s\/pf9v2nsg0jtjhag\/VID_00000026_WMV%20V9.wmv?n=105879507\" target=\"_blank\">video<\/a>), one more (<a title=\"rd\" href=\"https:\/\/www.dropbox.com\/s\/8t6wit3qtvth5c7\/VID_00000031_WMV%20V9.wmv?n=105879507\" target=\"_blank\">video<\/a>), Martina (<a title=\"m\" href=\"https:\/\/www.dropbox.com\/s\/5kyd3zwjpwp7l9t\/VID_00000034_WMV%20V9.wmv?n=105879507\" target=\"_blank\">video<\/a>), Bernardo (<a title=\"b\" href=\"https:\/\/www.dropbox.com\/s\/4xv4mjup5dgh5c6\/VID_00000036_WMV%20V9.wmv?n=105879507\" target=\"_blank\">video<\/a>), \u00a0 Crisitna Beatriz ( <a title=\"cb\" href=\"https:\/\/www.dropbox.com\/s\/i2gc0hck74su08m\/VID_00000039_WMV%20V9.wmv?n=105879507\" target=\"_blank\">video<\/a>), Sara and Micaela ( <a title=\"sm\" href=\"https:\/\/www.dropbox.com\/s\/hq65t6gkksk9is6\/VID_00000042_WMV%20V9.wmv?n=105879507\" target=\"_blank\">video<\/a>),\u00a0 Caterina and Patricia (<a title=\"cp\" href=\"https:\/\/www.dropbox.com\/s\/eiaodphtahmu95j\/VID_00000050_WMV%20V9.wmv?n=105879507\" target=\"_blank\">video en espa\u00f1ol<\/a>) , Dominic ( <a title=\"d\" href=\"https:\/\/www.dropbox.com\/s\/apr18sbu46bm1gc\/VID_00000051_WMV%20V9.wmv?n=105879507\" target=\"_blank\">video en espa\u00f1o<\/a>l), Ines (<a title=\"i\" href=\"https:\/\/www.dropbox.com\/s\/0bui5g8vrr9hpqj\/VID_00000052_WMV%20V9.wmv?n=105879507\" target=\"_blank\">video en espa\u00f1ol<\/a>), Rodrigo and Gonzalo (<a title=\"vr\" href=\"https:\/\/www.dropbox.com\/s\/jyoo085akczvgi8\/VID_00000054_WMV%20V9.wmv?n=105879507\" target=\"_blank\">videos e n espa\u00f1ol<\/a>), una m\u00e1s ( <a title=\"f\" href=\"https:\/\/www.dropbox.com\/s\/ndfotiie9k75lrz\/VID_00000055_WMV%20V9.wmv?n=105879507\" target=\"_blank\">video en espa\u00f1ol<\/a>) In\u00e9s (<a title=\"ii\" href=\"https:\/\/www.dropbox.com\/s\/elwskpdeg2h6fyh\/VID_00000056_WMV%20V9.wmv?n=105879507\" target=\"_blank\">video en espa\u00f1ol<\/a>) )<\/li>\n<\/ul>\n<p style=\"text-align: center\"><a title=\"diada del llibre\" href=\"http:\/\/youtu.be\/K-UJkVb7JCc\" target=\"_blank\">visioneu el v\u00eddeo clicant aqu\u00ed<\/a><\/p>\n<p style=\"text-align: center\">&nbsp;<\/p>\n<p style=\"text-align: center\"><object width=\"560\" height=\"315\"><param name=\"movie\" value=\"http:\/\/www.youtube.com\/v\/K-UJkVb7JCc?version=3&amp;hl=ca_ES\" \/><param name=\"allowFullScreen\" value=\"true\" \/><param name=\"allowscriptaccess\" value=\"always\" \/><embed type=\"application\/x-shockwave-flash\" width=\"560\" height=\"315\" src=\"http:\/\/www.youtube.com\/v\/K-UJkVb7JCc?version=3&amp;hl=ca_ES\" allowscriptaccess=\"always\"><\/embed><\/object><\/p>\n<p style=\"text-align: center\">&nbsp;<\/p>\n<p style=\"text-align: center\">&nbsp;<\/p>\n<p style=\"text-align: center\">Uns v\u00eddeos dels alumnes del Ges 1<\/p>\n<p style=\"text-align: center\"><object width=\"560\" height=\"315\"><param name=\"movie\" value=\"http:\/\/www.youtube.com\/v\/6IerTaEQe8s?hl=ca_ES&amp;version=3\" \/><param name=\"allowFullScreen\" value=\"true\" \/><param name=\"allowscriptaccess\" value=\"always\" \/><embed type=\"application\/x-shockwave-flash\" width=\"560\" height=\"315\" src=\"http:\/\/www.youtube.com\/v\/6IerTaEQe8s?hl=ca_ES&amp;version=3\" allowscriptaccess=\"always\"><\/embed><\/object><\/p>\n<p style=\"text-align: center\">.<\/p>\n","protected":false},"excerpt":{"rendered":"<p>Hem celebrat durant quinze dies el dia de llibre. Com activitats vam fer una sortida a Barcelona en el dia de Sant Jordi i en el centre vam crear L&#8217;arbre dels llibres. Els alumnes del centre han penjat les seves recomanacions de lectura, en un paper que podien penjar en el suro o en l&#8217;abre\u00a0 [&hellip;]<\/p>\n","protected":false},"author":1,"featured_media":0,"comment_status":"open","ping_status":"open","sticky":false,"template":"","format":"standard","meta":{"_bbp_topic_count":0,"_bbp_reply_count":0,"_bbp_total_topic_count":0,"_bbp_total_reply_count":0,"_bbp_voice_count":0,"_bbp_anonymous_reply_count":0,"_bbp_topic_count_hidden":0,"_bbp_reply_count_hidden":0,"_bbp_forum_subforum_count":0,"site-sidebar-layout":"default","site-content-layout":"","ast-site-content-layout":"","site-content-style":"default","site-sidebar-style":"default","ast-global-header-display":"","ast-banner-title-visibility":"","ast-main-header-display":"","ast-hfb-above-header-display":"","ast-hfb-below-header-display":"","ast-hfb-mobile-header-display":"","site-post-title":"","ast-breadcrumbs-content":"","ast-featured-img":"","footer-sml-layout":"","theme-transparent-header-meta":"","adv-header-id-meta":"","stick-header-meta":"","header-above-stick-meta":"","header-main-stick-meta":"","header-below-stick-meta":"","astra-migrate-meta-layouts":"default","ast-page-background-enabled":"default","ast-page-background-meta":{"desktop":{"background-color":"var(--ast-global-color-4)","background-image":"","background-repeat":"repeat","background-position":"center center","background-size":"auto","background-attachment":"scroll","background-type":"","background-media":"","overlay-type":"","overlay-color":"","overlay-opacity":"","overlay-gradient":""},"tablet":{"background-color":"","background-image":"","background-repeat":"repeat","background-position":"center center","background-size":"auto","background-attachment":"scroll","background-type":"","background-media":"","overlay-type":"","overlay-color":"","overlay-opacity":"","overlay-gradient":""},"mobile":{"background-color":"","background-image":"","background-repeat":"repeat","background-position":"center center","background-size":"auto","background-attachment":"scroll","background-type":"","background-media":"","overlay-type":"","overlay-color":"","overlay-opacity":"","overlay-gradient":""}},"ast-content-background-meta":{"desktop":{"background-color":"var(--ast-global-color-5)","background-image":"","background-repeat":"repeat","background-position":"center center","background-size":"auto","background-attachment":"scroll","background-type":"","background-media":"","overlay-type":"","overlay-color":"","overlay-opacity":"","overlay-gradient":""},"tablet":{"background-color":"var(--ast-global-color-5)","background-image":"","background-repeat":"repeat","background-position":"center center","background-size":"auto","background-attachment":"scroll","background-type":"","background-media":"","overlay-type":"","overlay-color":"","overlay-opacity":"","overlay-gradient":""},"mobile":{"background-color":"var(--ast-global-color-5)","background-image":"","background-repeat":"repeat","background-position":"center center","background-size":"auto","background-attachment":"scroll","background-type":"","background-media":"","overlay-type":"","overlay-color":"","overlay-opacity":"","overlay-gradient":""}},"footnotes":""},"categories":[1,86],"tags":[],"class_list":["post-706","post","type-post","status-publish","format-standard","hentry","category-general","category-muralla-digital-revista"],"post_mailing_queue_ids":[],"_links":{"self":[{"href":"https:\/\/agora.xtec.cat\/cfacastelldefels\/wp-json\/wp\/v2\/posts\/706","targetHints":{"allow":["GET"]}}],"collection":[{"href":"https:\/\/agora.xtec.cat\/cfacastelldefels\/wp-json\/wp\/v2\/posts"}],"about":[{"href":"https:\/\/agora.xtec.cat\/cfacastelldefels\/wp-json\/wp\/v2\/types\/post"}],"author":[{"embeddable":true,"href":"https:\/\/agora.xtec.cat\/cfacastelldefels\/wp-json\/wp\/v2\/users\/1"}],"replies":[{"embeddable":true,"href":"https:\/\/agora.xtec.cat\/cfacastelldefels\/wp-json\/wp\/v2\/comments?post=706"}],"version-history":[{"count":1,"href":"https:\/\/agora.xtec.cat\/cfacastelldefels\/wp-json\/wp\/v2\/posts\/706\/revisions"}],"predecessor-version":[{"id":742,"href":"https:\/\/agora.xtec.cat\/cfacastelldefels\/wp-json\/wp\/v2\/posts\/706\/revisions\/742"}],"wp:attachment":[{"href":"https:\/\/agora.xtec.cat\/cfacastelldefels\/wp-json\/wp\/v2\/media?parent=706"}],"wp:term":[{"taxonomy":"category","embeddable":true,"href":"https:\/\/agora.xtec.cat\/cfacastelldefels\/wp-json\/wp\/v2\/categories?post=706"},{"taxonomy":"post_tag","embeddable":true,"href":"https:\/\/agora.xtec.cat\/cfacastelldefels\/wp-json\/wp\/v2\/tags?post=706"}],"curies":[{"name":"wp","href":"https:\/\/api.w.org\/{rel}","templated":true}]}}