{"id":703,"date":"2012-12-22T21:05:27","date_gmt":"2012-12-22T20:05:27","guid":{"rendered":"http:\/\/blocs.xtec.cat\/cfajverdaguer\/?p=66"},"modified":"2016-03-28T17:44:43","modified_gmt":"2016-03-28T16:44:43","slug":"66","status":"publish","type":"post","link":"https:\/\/agora.xtec.cat\/cfacastelldefels\/general\/66\/","title":{"rendered":"Sortida a Besal\u00fa narrada per dos alumnes"},"content":{"rendered":"<p>Us presento en pimer lloc\u00a0 la cr\u00f2nica d&#8217;una alumna d&#8217;angl\u00e8s inicial que van participar en la sortida de la Fageda<\/p>\n<p>SALIDA : \u201cLA FAGEDA D\u2019EN JORD\u00c0\u201d \u2013 BESAL\u00da.<br \/>\nEl pasado 21 de noviembre, el colegio program\u00f3 una salida a \u201cLa Fageda d\u2019en Jord\u00e0\u201d, una de las reservas naturales de la zona volc\u00e1nica de la comarca de la Garrotxa, y fuente de inspiraci\u00f3n de artistas como el poeta Joan Maragall o el arquitecto Gaud\u00ed. Por la ma\u00f1ana, recorrimos la bella ciudad medieval de Besal\u00fa, con su incomparable puente del siglo XII, elevado sobre las aguas del caudaloso rio Fluvi\u00e1.En esta ciudad, compartimos paseo, conversaciones, y buena comida.Por la tarde, recorrimos \u201cLa Fageda\u201d en sus t\u00edpicos carros tirados por caballos. \u00a1Una maravillosaestampa en su m\u00e1ximo esplendor oto\u00f1al!<br \/>\nJuntos (\u00e9ramos unos 60), disfrutamos de un magn\u00edfico d\u00eda, tanto a nivel climatol\u00f3gico, como de camarader\u00eda. Esperamos m\u00e1s salidas como \u00e9sta.<\/p>\n<p>SORTIDA : \u201cLA FAGEDA D\u2019EN JORD\u00c0\u201d- BESAL\u00da.<br \/>\nEl passat 21 de novembre, el col.legi va programar una sortida a \u201cLa Fageda d\u2019enJord\u00e0\u201d, una de les reserves naturals de la zona volc\u00e0nica de la comarca de laGarrotxa, i font d\u2019inspiraci\u00f3 d\u2019artistes com el poeta Joan Maragall o l\u2019arquitecte AntoniGaud\u00ed. Pel mat\u00ed, van fer un tomb per la bonica ciutat medievalde Besal\u00fa, amb el seu incomparable pont del segle XII, enlairat a sobre del cabal\u00f3s riu Fluvi\u00e0. En aquesta ciutat, vam compartir passeig,conversa i bon dinar. Despr\u00e9s de dinar, vam fer un recorregut per \u201cLa Fageda\u201d a sobre dels seus t\u00edpics carros de cavalls. \u00a1Una meravellosa postal de tardor! \u00c9rem uns 60, i junts, vam gaudir d\u2019un magn\u00edfic dia, tant a nivell climatol\u00f2gic com de companys.<br \/>\nEsperem m\u00e9s sortides com aquesta!<\/p>\n<p>C. Rodriguez Basic English<\/p>\n<p>Ara podeu llegir la cr\u00f2nica que en va fer una altre alumnes d&#8217;angl\u00e8s<\/p>\n<p>CRONICA DE LA EXCURSION A LA GARROTXA<br \/>\nMi\u00e9rcoles 21 de noviembre, a las 8,15 con puntualidad exacta aparece el  autocar en  Plaza Joan XXIII casi todos esper\u00e1bamos, falta alguno, por  lo que el veh\u00edculo\u00a0 nos da dos vueltas al ruedo esperando los  rezagados, por fin llegan y salimos direcci\u00f3n  AP7, a la altura del  Montseny hace un alto en el camino para tomar un refrigerio y estirar  las piernas o lo que haga falta, pasados 30 minutos continuamos ruta a  BESALU, el gu\u00eda nos deleita con sus conocimientos sobre los lugares a  visitar.<\/p>\n<p>A\u00a0 la llegada al pueblo ya se divisa el majestuoso PORTICO  PUENTE MEDIAVAL, pues el Hospital-Sinagoga-Iglesia no entusiasman, el  recorrido por el casco urbano es r\u00e1pido, fotos por doquier  inmortalizando el lugar, en muchas fachadas penden sillas de un artista  local, y por la proximidad a las fiesta navide\u00f1as, buscamos loter\u00eda,  cual es nuestra sorpresa en un pueblo medieval , la administraci\u00f3n es de  \u00faltima generaci\u00f3n, es decir, interactiva, bueno todo sea por la suerte, nos  informan que ha cambiado el programa por causas ajenas a la organizaci\u00f3n  y que en vez de visitar la FAGEDA seguidamente iremos al restaurante a  lo que nadie protesta pues la hora lo requer\u00eda, y la visita al bosque  quedaba postpuesta a las 16,30.<\/p>\n<p>Acomodados el los carruajes comienza la  visita, majestuosos percherones nos conducen a trav\u00e9s de la inmensa  arboleda donde reina el olor a tierra mojada, paz y tranquilidad solo  interrumpida por el trinar de los p\u00e1jaros, los empleados nos piden  silencio para escuchar el caminar de los equinos, de pronto resuena la  tormenta seguida del defecar del caballo con el consiguiente perfume   que con la brisa impregna el lugar y da lugar a toda clase de  comentarios, finalizada la visita iniciamos el regreso por los t\u00faneles  de BRACONS vuelta tranquila y por las dimensiones del veh\u00edculo (un tres  ejes) se aconseja hacer la entrada en Castelldefels por la Sentiu pues  las calles a circular son estrechas para tal monstruo. \u00a1Ah! Llevaba un  m\u00f3vil de \u00faltima generaci\u00f3n con c\u00e1mara digital yo ve\u00eda que las fotos  quedaban como  con niebla, cuando las reviso, me percato de que no le  hab\u00eda quitado el protector de pl\u00e1stico al objetivo, en fin gajes del  oficio.<br \/>\nJos\u00e9 Espigares, ingles b\u00e1sico<\/p>\n<p>Recordeu que la revista digital MURALLA est\u00e0 oberta a la vostra participaci\u00f3<\/p>\n","protected":false},"excerpt":{"rendered":"<p>Us presento en pimer lloc\u00a0 la cr\u00f2nica d&#8217;una alumna d&#8217;angl\u00e8s inicial que van participar en la sortida de la Fageda SALIDA : \u201cLA FAGEDA D\u2019EN JORD\u00c0\u201d \u2013 BESAL\u00da. El pasado 21 de noviembre, el colegio program\u00f3 una salida a \u201cLa Fageda d\u2019en Jord\u00e0\u201d, una de las reservas naturales de la zona volc\u00e1nica de la comarca [&hellip;]<\/p>\n","protected":false},"author":1,"featured_media":0,"comment_status":"open","ping_status":"open","sticky":false,"template":"","format":"standard","meta":{"_bbp_topic_count":0,"_bbp_reply_count":0,"_bbp_total_topic_count":0,"_bbp_total_reply_count":0,"_bbp_voice_count":0,"_bbp_anonymous_reply_count":0,"_bbp_topic_count_hidden":0,"_bbp_reply_count_hidden":0,"_bbp_forum_subforum_count":0,"site-sidebar-layout":"default","site-content-layout":"","ast-site-content-layout":"","site-content-style":"default","site-sidebar-style":"default","ast-global-header-display":"","ast-banner-title-visibility":"","ast-main-header-display":"","ast-hfb-above-header-display":"","ast-hfb-below-header-display":"","ast-hfb-mobile-header-display":"","site-post-title":"","ast-breadcrumbs-content":"","ast-featured-img":"","footer-sml-layout":"","theme-transparent-header-meta":"","adv-header-id-meta":"","stick-header-meta":"","header-above-stick-meta":"","header-main-stick-meta":"","header-below-stick-meta":"","astra-migrate-meta-layouts":"default","ast-page-background-enabled":"default","ast-page-background-meta":{"desktop":{"background-color":"var(--ast-global-color-4)","background-image":"","background-repeat":"repeat","background-position":"center center","background-size":"auto","background-attachment":"scroll","background-type":"","background-media":"","overlay-type":"","overlay-color":"","overlay-opacity":"","overlay-gradient":""},"tablet":{"background-color":"","background-image":"","background-repeat":"repeat","background-position":"center center","background-size":"auto","background-attachment":"scroll","background-type":"","background-media":"","overlay-type":"","overlay-color":"","overlay-opacity":"","overlay-gradient":""},"mobile":{"background-color":"","background-image":"","background-repeat":"repeat","background-position":"center center","background-size":"auto","background-attachment":"scroll","background-type":"","background-media":"","overlay-type":"","overlay-color":"","overlay-opacity":"","overlay-gradient":""}},"ast-content-background-meta":{"desktop":{"background-color":"var(--ast-global-color-5)","background-image":"","background-repeat":"repeat","background-position":"center center","background-size":"auto","background-attachment":"scroll","background-type":"","background-media":"","overlay-type":"","overlay-color":"","overlay-opacity":"","overlay-gradient":""},"tablet":{"background-color":"var(--ast-global-color-5)","background-image":"","background-repeat":"repeat","background-position":"center center","background-size":"auto","background-attachment":"scroll","background-type":"","background-media":"","overlay-type":"","overlay-color":"","overlay-opacity":"","overlay-gradient":""},"mobile":{"background-color":"var(--ast-global-color-5)","background-image":"","background-repeat":"repeat","background-position":"center center","background-size":"auto","background-attachment":"scroll","background-type":"","background-media":"","overlay-type":"","overlay-color":"","overlay-opacity":"","overlay-gradient":""}},"footnotes":""},"categories":[1,86],"tags":[],"class_list":["post-703","post","type-post","status-publish","format-standard","hentry","category-general","category-muralla-digital-revista"],"post_mailing_queue_ids":[],"_links":{"self":[{"href":"https:\/\/agora.xtec.cat\/cfacastelldefels\/wp-json\/wp\/v2\/posts\/703","targetHints":{"allow":["GET"]}}],"collection":[{"href":"https:\/\/agora.xtec.cat\/cfacastelldefels\/wp-json\/wp\/v2\/posts"}],"about":[{"href":"https:\/\/agora.xtec.cat\/cfacastelldefels\/wp-json\/wp\/v2\/types\/post"}],"author":[{"embeddable":true,"href":"https:\/\/agora.xtec.cat\/cfacastelldefels\/wp-json\/wp\/v2\/users\/1"}],"replies":[{"embeddable":true,"href":"https:\/\/agora.xtec.cat\/cfacastelldefels\/wp-json\/wp\/v2\/comments?post=703"}],"version-history":[{"count":1,"href":"https:\/\/agora.xtec.cat\/cfacastelldefels\/wp-json\/wp\/v2\/posts\/703\/revisions"}],"predecessor-version":[{"id":731,"href":"https:\/\/agora.xtec.cat\/cfacastelldefels\/wp-json\/wp\/v2\/posts\/703\/revisions\/731"}],"wp:attachment":[{"href":"https:\/\/agora.xtec.cat\/cfacastelldefels\/wp-json\/wp\/v2\/media?parent=703"}],"wp:term":[{"taxonomy":"category","embeddable":true,"href":"https:\/\/agora.xtec.cat\/cfacastelldefels\/wp-json\/wp\/v2\/categories?post=703"},{"taxonomy":"post_tag","embeddable":true,"href":"https:\/\/agora.xtec.cat\/cfacastelldefels\/wp-json\/wp\/v2\/tags?post=703"}],"curies":[{"name":"wp","href":"https:\/\/api.w.org\/{rel}","templated":true}]}}