{"id":686,"date":"2016-04-25T20:40:04","date_gmt":"2016-04-25T19:40:04","guid":{"rendered":"http:\/\/agora.xtec.cat\/cfajverdaguercastelldefels\/?p=686"},"modified":"2016-06-20T21:32:37","modified_gmt":"2016-06-20T20:32:37","slug":"preinscripcio-i-matricula-curs-2016-2017","status":"publish","type":"post","link":"https:\/\/agora.xtec.cat\/cfacastelldefels\/general\/preinscripcio-i-matricula-curs-2016-2017\/","title":{"rendered":"Preinscripci\u00f3 i matricula curs 2016-2017"},"content":{"rendered":"<p><strong><a href=\"http:\/\/agora.xtec.cat\/cfajverdaguercastelldefels\/el-centre\/preinscripcio-i-matricula\/\" target=\"_blank\">Preinscripci\u00f3 i matr\u00edcula en centre d&#8217;adults per al curs 2016-2017<\/a><\/strong><\/p>\n<p><a href=\"http:\/\/agora.xtec.cat\/cfajverdaguercastelldefels\/wp-content\/uploads\/usu251\/2016\/03\/187567849.jpg\"><img loading=\"lazy\" decoding=\"async\" class=\"alignnone wp-image-687\" src=\"http:\/\/agora.xtec.cat\/cfajverdaguercastelldefels\/wp-content\/uploads\/usu251\/2016\/03\/187567849.jpg\" alt=\"187567849\" width=\"199\" height=\"83\" srcset=\"https:\/\/agora.xtec.cat\/cfacastelldefels\/wp-content\/uploads\/usu251\/2016\/03\/187567849.jpg 641w, https:\/\/agora.xtec.cat\/cfacastelldefels\/wp-content\/uploads\/usu251\/2016\/03\/187567849-300x125.jpg 300w\" sizes=\"auto, (max-width: 199px) 100vw, 199px\" \/><\/a><\/p>\n<p>Les dates de <strong>preinscripci\u00f3 seran del <span style=\"text-decoration: underline;\">20 al 28 de Juny<\/span> i la matr\u00edcula del 2 al 9 de setembre<\/strong><\/p>\n<p><em><span style=\"color: #993366;\">Fechas \u00a0de preinscripci\u00f3n curso 2016-2017 \u00a0centros adultos del <span style=\"text-decoration: underline;\">20 al 28 de Junio<\/span>. Matr\u00edcula del 2 al 9 de septiembre<\/span><\/em><\/p>\n<p><span style=\"color: #0000ff;\">Admissi\u00f3 2016-2017 <span style=\"text-decoration: underline;\">June 20th to 28th<\/span>. Final enrolment in September (2nd-9th)\u00a0<\/span><\/p>\n<p><span style=\"text-decoration: underline;\"><strong>Cursos que es poden estudiar<\/strong><\/span><\/p>\n<ul>\n<li><strong>GES<\/strong> ( graduat educaci\u00f3 secund\u00e0ria) (Presencial i a dist\u00e0ncia) Horari tarda vespre<\/li>\n<li><strong>Idiomes<\/strong>: catal\u00e0 A1,A2, English(horaris de mat\u00ed i tarda-vespre )A1, A2, A2+, &#8220;Espa\u00f1ol como lengua extranjera&#8221; A1, A2, B1<\/li>\n<li><strong>Infom\u00e0tica<\/strong>: competic inicial, b\u00e0sic i mitj\u00e0 (horaris de mat\u00ed i tarda-vespre)<\/li>\n<li><strong>Curs de preparaci\u00f3 cicles formatius de grau superior <\/strong>(horaris de mat\u00ed i tarda-vespre)<\/li>\n<li>Acc\u00e9s universitat per majors de 25 anys \/40 (tamb\u00e9 v\u00e0lid per CFGS)<\/li>\n<\/ul>\n<p><a href=\"https:\/\/drive.google.com\/open?id=0B6ERI--Cl4x3ek14T2RxUDRvRjA\" target=\"_blank\">Full resum<\/a><\/p>\n","protected":false},"excerpt":{"rendered":"<p>preinscripci\u00f3 2016-2017<\/p>\n","protected":false},"author":1,"featured_media":687,"comment_status":"open","ping_status":"open","sticky":true,"template":"","format":"standard","meta":{"_bbp_topic_count":0,"_bbp_reply_count":0,"_bbp_total_topic_count":0,"_bbp_total_reply_count":0,"_bbp_voice_count":0,"_bbp_anonymous_reply_count":0,"_bbp_topic_count_hidden":0,"_bbp_reply_count_hidden":0,"_bbp_forum_subforum_count":0,"site-sidebar-layout":"default","site-content-layout":"","ast-site-content-layout":"","site-content-style":"default","site-sidebar-style":"default","ast-global-header-display":"","ast-banner-title-visibility":"","ast-main-header-display":"","ast-hfb-above-header-display":"","ast-hfb-below-header-display":"","ast-hfb-mobile-header-display":"","site-post-title":"","ast-breadcrumbs-content":"","ast-featured-img":"","footer-sml-layout":"","theme-transparent-header-meta":"","adv-header-id-meta":"","stick-header-meta":"","header-above-stick-meta":"","header-main-stick-meta":"","header-below-stick-meta":"","astra-migrate-meta-layouts":"default","ast-page-background-enabled":"default","ast-page-background-meta":{"desktop":{"background-color":"var(--ast-global-color-4)","background-image":"","background-repeat":"repeat","background-position":"center center","background-size":"auto","background-attachment":"scroll","background-type":"","background-media":"","overlay-type":"","overlay-color":"","overlay-opacity":"","overlay-gradient":""},"tablet":{"background-color":"","background-image":"","background-repeat":"repeat","background-position":"center center","background-size":"auto","background-attachment":"scroll","background-type":"","background-media":"","overlay-type":"","overlay-color":"","overlay-opacity":"","overlay-gradient":""},"mobile":{"background-color":"","background-image":"","background-repeat":"repeat","background-position":"center center","background-size":"auto","background-attachment":"scroll","background-type":"","background-media":"","overlay-type":"","overlay-color":"","overlay-opacity":"","overlay-gradient":""}},"ast-content-background-meta":{"desktop":{"background-color":"var(--ast-global-color-5)","background-image":"","background-repeat":"repeat","background-position":"center center","background-size":"auto","background-attachment":"scroll","background-type":"","background-media":"","overlay-type":"","overlay-color":"","overlay-opacity":"","overlay-gradient":""},"tablet":{"background-color":"var(--ast-global-color-5)","background-image":"","background-repeat":"repeat","background-position":"center center","background-size":"auto","background-attachment":"scroll","background-type":"","background-media":"","overlay-type":"","overlay-color":"","overlay-opacity":"","overlay-gradient":""},"mobile":{"background-color":"var(--ast-global-color-5)","background-image":"","background-repeat":"repeat","background-position":"center center","background-size":"auto","background-attachment":"scroll","background-type":"","background-media":"","overlay-type":"","overlay-color":"","overlay-opacity":"","overlay-gradient":""}},"footnotes":""},"categories":[1],"tags":[66],"class_list":["post-686","post","type-post","status-publish","format-standard","has-post-thumbnail","hentry","category-general","tag-matricula"],"post_mailing_queue_ids":[],"_links":{"self":[{"href":"https:\/\/agora.xtec.cat\/cfacastelldefels\/wp-json\/wp\/v2\/posts\/686","targetHints":{"allow":["GET"]}}],"collection":[{"href":"https:\/\/agora.xtec.cat\/cfacastelldefels\/wp-json\/wp\/v2\/posts"}],"about":[{"href":"https:\/\/agora.xtec.cat\/cfacastelldefels\/wp-json\/wp\/v2\/types\/post"}],"author":[{"embeddable":true,"href":"https:\/\/agora.xtec.cat\/cfacastelldefels\/wp-json\/wp\/v2\/users\/1"}],"replies":[{"embeddable":true,"href":"https:\/\/agora.xtec.cat\/cfacastelldefels\/wp-json\/wp\/v2\/comments?post=686"}],"version-history":[{"count":4,"href":"https:\/\/agora.xtec.cat\/cfacastelldefels\/wp-json\/wp\/v2\/posts\/686\/revisions"}],"predecessor-version":[{"id":918,"href":"https:\/\/agora.xtec.cat\/cfacastelldefels\/wp-json\/wp\/v2\/posts\/686\/revisions\/918"}],"wp:featuredmedia":[{"embeddable":true,"href":"https:\/\/agora.xtec.cat\/cfacastelldefels\/wp-json\/wp\/v2\/media\/687"}],"wp:attachment":[{"href":"https:\/\/agora.xtec.cat\/cfacastelldefels\/wp-json\/wp\/v2\/media?parent=686"}],"wp:term":[{"taxonomy":"category","embeddable":true,"href":"https:\/\/agora.xtec.cat\/cfacastelldefels\/wp-json\/wp\/v2\/categories?post=686"},{"taxonomy":"post_tag","embeddable":true,"href":"https:\/\/agora.xtec.cat\/cfacastelldefels\/wp-json\/wp\/v2\/tags?post=686"}],"curies":[{"name":"wp","href":"https:\/\/api.w.org\/{rel}","templated":true}]}}