{"id":656,"date":"2016-02-17T12:45:51","date_gmt":"2016-02-17T11:45:51","guid":{"rendered":"http:\/\/agora.xtec.cat\/cfajverdaguercastelldefels\/?p=656"},"modified":"2016-04-12T08:27:39","modified_gmt":"2016-04-12T07:27:39","slug":"proves-dacces-a-la-universitat-25-45","status":"publish","type":"post","link":"https:\/\/agora.xtec.cat\/cfacastelldefels\/general\/proves-dacces-a-la-universitat-25-45\/","title":{"rendered":"Proves d&#8217;acc\u00e9s a la universitat +25 \/45"},"content":{"rendered":"<p>Matr\u00edcula per majors 25 \/ 45<\/p>\n<p>del 17 al 29 de febrer<\/p>\n<p><a href=\"http:\/\/agora.xtec.cat\/cfajverdaguercastelldefels\/wp-content\/uploads\/usu251\/2016\/02\/Captura-de-pantalla-2016-02-17-a-les-12.25.03.png\"><img loading=\"lazy\" decoding=\"async\" class=\"alignnone size-full wp-image-658\" src=\"http:\/\/agora.xtec.cat\/cfajverdaguercastelldefels\/wp-content\/uploads\/usu251\/2016\/02\/Captura-de-pantalla-2016-02-17-a-les-12.25.03.png\" alt=\"Captura de pantalla 2016-02-17 a les 12.25.03\" width=\"669\" height=\"208\" srcset=\"https:\/\/agora.xtec.cat\/cfacastelldefels\/wp-content\/uploads\/usu251\/2016\/02\/Captura-de-pantalla-2016-02-17-a-les-12.25.03.png 669w, https:\/\/agora.xtec.cat\/cfacastelldefels\/wp-content\/uploads\/usu251\/2016\/02\/Captura-de-pantalla-2016-02-17-a-les-12.25.03-300x93.png 300w\" sizes=\"auto, (max-width: 669px) 100vw, 669px\" \/><\/a><\/p>\n<p><a href=\"http:\/\/agora.xtec.cat\/cfajverdaguercastelldefels\/wp-content\/uploads\/usu251\/2016\/02\/Captura-de-pantalla-2016-02-17-a-les-12.29.56.png\"><img loading=\"lazy\" decoding=\"async\" class=\"alignnone size-full wp-image-660\" src=\"http:\/\/agora.xtec.cat\/cfajverdaguercastelldefels\/wp-content\/uploads\/usu251\/2016\/02\/Captura-de-pantalla-2016-02-17-a-les-12.29.56.png\" alt=\"Captura de pantalla 2016-02-17 a les 12.29.56\" width=\"739\" height=\"453\" srcset=\"https:\/\/agora.xtec.cat\/cfacastelldefels\/wp-content\/uploads\/usu251\/2016\/02\/Captura-de-pantalla-2016-02-17-a-les-12.29.56.png 739w, https:\/\/agora.xtec.cat\/cfacastelldefels\/wp-content\/uploads\/usu251\/2016\/02\/Captura-de-pantalla-2016-02-17-a-les-12.29.56-300x184.png 300w\" sizes=\"auto, (max-width: 739px) 100vw, 739px\" \/><\/a><\/p>\n<p>M\u00e9s informaci\u00f3 en <a href=\"https:\/\/accesnet.gencat.cat\/accesnet\/AppJava\/html\/index.html\">Accesnet<\/a><\/p>\n<p><a href=\"http:\/\/universitatsirecerca.gencat.cat\/ca\/03_ambits_dactuacio\/acces_i_admissio_a_la_universitat\/proves_dacces_per_a_mes_grans_de_25_anys\/\">M\u00e9s grans de 25<\/a><\/p>\n<p>&nbsp;<\/p>\n","protected":false},"excerpt":{"rendered":"<p>Matr\u00edcula per majors 25 \/ 45 del 17 al 29 de febrer M\u00e9s informaci\u00f3 en Accesnet M\u00e9s grans de 25 &nbsp;<\/p>\n","protected":false},"author":1,"featured_media":660,"comment_status":"open","ping_status":"open","sticky":false,"template":"","format":"standard","meta":{"_bbp_topic_count":0,"_bbp_reply_count":0,"_bbp_total_topic_count":0,"_bbp_total_reply_count":0,"_bbp_voice_count":0,"_bbp_anonymous_reply_count":0,"_bbp_topic_count_hidden":0,"_bbp_reply_count_hidden":0,"_bbp_forum_subforum_count":0,"site-sidebar-layout":"default","site-content-layout":"","ast-site-content-layout":"","site-content-style":"default","site-sidebar-style":"default","ast-global-header-display":"","ast-banner-title-visibility":"","ast-main-header-display":"","ast-hfb-above-header-display":"","ast-hfb-below-header-display":"","ast-hfb-mobile-header-display":"","site-post-title":"","ast-breadcrumbs-content":"","ast-featured-img":"","footer-sml-layout":"","theme-transparent-header-meta":"","adv-header-id-meta":"","stick-header-meta":"","header-above-stick-meta":"","header-main-stick-meta":"","header-below-stick-meta":"","astra-migrate-meta-layouts":"default","ast-page-background-enabled":"default","ast-page-background-meta":{"desktop":{"background-color":"var(--ast-global-color-4)","background-image":"","background-repeat":"repeat","background-position":"center center","background-size":"auto","background-attachment":"scroll","background-type":"","background-media":"","overlay-type":"","overlay-color":"","overlay-opacity":"","overlay-gradient":""},"tablet":{"background-color":"","background-image":"","background-repeat":"repeat","background-position":"center center","background-size":"auto","background-attachment":"scroll","background-type":"","background-media":"","overlay-type":"","overlay-color":"","overlay-opacity":"","overlay-gradient":""},"mobile":{"background-color":"","background-image":"","background-repeat":"repeat","background-position":"center center","background-size":"auto","background-attachment":"scroll","background-type":"","background-media":"","overlay-type":"","overlay-color":"","overlay-opacity":"","overlay-gradient":""}},"ast-content-background-meta":{"desktop":{"background-color":"var(--ast-global-color-5)","background-image":"","background-repeat":"repeat","background-position":"center center","background-size":"auto","background-attachment":"scroll","background-type":"","background-media":"","overlay-type":"","overlay-color":"","overlay-opacity":"","overlay-gradient":""},"tablet":{"background-color":"var(--ast-global-color-5)","background-image":"","background-repeat":"repeat","background-position":"center center","background-size":"auto","background-attachment":"scroll","background-type":"","background-media":"","overlay-type":"","overlay-color":"","overlay-opacity":"","overlay-gradient":""},"mobile":{"background-color":"var(--ast-global-color-5)","background-image":"","background-repeat":"repeat","background-position":"center center","background-size":"auto","background-attachment":"scroll","background-type":"","background-media":"","overlay-type":"","overlay-color":"","overlay-opacity":"","overlay-gradient":""}},"footnotes":""},"categories":[71,1],"tags":[76,77],"class_list":["post-656","post","type-post","status-publish","format-standard","has-post-thumbnail","hentry","category-cfgs","category-general","tag-acces","tag-au25"],"post_mailing_queue_ids":[],"_links":{"self":[{"href":"https:\/\/agora.xtec.cat\/cfacastelldefels\/wp-json\/wp\/v2\/posts\/656","targetHints":{"allow":["GET"]}}],"collection":[{"href":"https:\/\/agora.xtec.cat\/cfacastelldefels\/wp-json\/wp\/v2\/posts"}],"about":[{"href":"https:\/\/agora.xtec.cat\/cfacastelldefels\/wp-json\/wp\/v2\/types\/post"}],"author":[{"embeddable":true,"href":"https:\/\/agora.xtec.cat\/cfacastelldefels\/wp-json\/wp\/v2\/users\/1"}],"replies":[{"embeddable":true,"href":"https:\/\/agora.xtec.cat\/cfacastelldefels\/wp-json\/wp\/v2\/comments?post=656"}],"version-history":[{"count":3,"href":"https:\/\/agora.xtec.cat\/cfacastelldefels\/wp-json\/wp\/v2\/posts\/656\/revisions"}],"predecessor-version":[{"id":662,"href":"https:\/\/agora.xtec.cat\/cfacastelldefels\/wp-json\/wp\/v2\/posts\/656\/revisions\/662"}],"wp:featuredmedia":[{"embeddable":true,"href":"https:\/\/agora.xtec.cat\/cfacastelldefels\/wp-json\/wp\/v2\/media\/660"}],"wp:attachment":[{"href":"https:\/\/agora.xtec.cat\/cfacastelldefels\/wp-json\/wp\/v2\/media?parent=656"}],"wp:term":[{"taxonomy":"category","embeddable":true,"href":"https:\/\/agora.xtec.cat\/cfacastelldefels\/wp-json\/wp\/v2\/categories?post=656"},{"taxonomy":"post_tag","embeddable":true,"href":"https:\/\/agora.xtec.cat\/cfacastelldefels\/wp-json\/wp\/v2\/tags?post=656"}],"curies":[{"name":"wp","href":"https:\/\/api.w.org\/{rel}","templated":true}]}}