{"id":5615,"date":"2026-04-28T13:06:47","date_gmt":"2026-04-28T11:06:47","guid":{"rendered":"https:\/\/agora.xtec.cat\/cfacastelldefels\/?p=5615"},"modified":"2026-04-28T13:45:15","modified_gmt":"2026-04-28T11:45:15","slug":"calendari-de-preinscripcio-i-matricula-per-al-curs-2026-2027","status":"publish","type":"post","link":"https:\/\/agora.xtec.cat\/cfacastelldefels\/general\/calendari-de-preinscripcio-i-matricula-per-al-curs-2026-2027\/","title":{"rendered":"Calendari de preinscripci\u00f3 i matr\u00edcula per al curs 2026-2027"},"content":{"rendered":"\n<p>El  23 de mar\u00e7 de 2026 es va publicar la Resoluci\u00f3 EDF\/814\/2026 de 19 de mar\u00e7 per la qual es determinen el calendari i les condicions de la preinscripci\u00f3 i matr\u00edcula per al curs 2026-2027 , entre d&#8217;altres,  per als ensenyaments impartits en centres i aules de formaci\u00f3 d&#8217;adults.  En la seg\u00fcent taula, trobareu les diferents fases de la preinscripci\u00f3.<\/p>\n\n\n\n<p><a href=\"https:\/\/preinscripcio.gencat.cat\/ca\/estudis\/educacio-adults\/inici\">https:\/\/preinscripcio.gencat.cat\/ca\/estudis\/educacio-adults\/inici<\/a><\/p>\n\n\n\n<figure class=\"wp-block-image size-large\"><a href=\"https:\/\/agora.xtec.cat\/cfacastelldefels\/wp-content\/uploads\/usu251\/2026\/04\/Calendari-preinscripcio-curs-2026-2027_page-0001.jpg\"><img loading=\"lazy\" decoding=\"async\" width=\"724\" height=\"1024\" src=\"https:\/\/agora.xtec.cat\/cfacastelldefels\/wp-content\/uploads\/usu251\/2026\/04\/Calendari-preinscripcio-curs-2026-2027_page-0001-724x1024.jpg\" alt=\"\" class=\"wp-image-5616\" srcset=\"https:\/\/agora.xtec.cat\/cfacastelldefels\/wp-content\/uploads\/usu251\/2026\/04\/Calendari-preinscripcio-curs-2026-2027_page-0001-724x1024.jpg 724w, https:\/\/agora.xtec.cat\/cfacastelldefels\/wp-content\/uploads\/usu251\/2026\/04\/Calendari-preinscripcio-curs-2026-2027_page-0001-212x300.jpg 212w, https:\/\/agora.xtec.cat\/cfacastelldefels\/wp-content\/uploads\/usu251\/2026\/04\/Calendari-preinscripcio-curs-2026-2027_page-0001-768x1086.jpg 768w, https:\/\/agora.xtec.cat\/cfacastelldefels\/wp-content\/uploads\/usu251\/2026\/04\/Calendari-preinscripcio-curs-2026-2027_page-0001-1086x1536.jpg 1086w, https:\/\/agora.xtec.cat\/cfacastelldefels\/wp-content\/uploads\/usu251\/2026\/04\/Calendari-preinscripcio-curs-2026-2027_page-0001.jpg 1241w\" sizes=\"auto, (max-width: 724px) 100vw, 724px\" \/><\/a><\/figure>\n","protected":false},"excerpt":{"rendered":"<p>El 23 de mar\u00e7 de 2026 es va publicar la Resoluci\u00f3 EDF\/814\/2026 de 19 de mar\u00e7 per la qual es determinen el calendari i les condicions de la preinscripci\u00f3 i matr\u00edcula per al curs 2026-2027 , entre d&#8217;altres, per als ensenyaments impartits en centres i aules de formaci\u00f3 d&#8217;adults. En la seg\u00fcent taula, trobareu les [&hellip;]<\/p>\n","protected":false},"author":1,"featured_media":0,"comment_status":"open","ping_status":"open","sticky":false,"template":"","format":"standard","meta":{"_bbp_topic_count":0,"_bbp_reply_count":0,"_bbp_total_topic_count":0,"_bbp_total_reply_count":0,"_bbp_voice_count":0,"_bbp_anonymous_reply_count":0,"_bbp_topic_count_hidden":0,"_bbp_reply_count_hidden":0,"_bbp_forum_subforum_count":0,"site-sidebar-layout":"default","site-content-layout":"","ast-site-content-layout":"default","site-content-style":"default","site-sidebar-style":"default","ast-global-header-display":"","ast-banner-title-visibility":"","ast-main-header-display":"","ast-hfb-above-header-display":"","ast-hfb-below-header-display":"","ast-hfb-mobile-header-display":"","site-post-title":"","ast-breadcrumbs-content":"","ast-featured-img":"","footer-sml-layout":"","theme-transparent-header-meta":"","adv-header-id-meta":"","stick-header-meta":"","header-above-stick-meta":"","header-main-stick-meta":"","header-below-stick-meta":"","astra-migrate-meta-layouts":"set","ast-page-background-enabled":"default","ast-page-background-meta":{"desktop":{"background-color":"var(--ast-global-color-4)","background-image":"","background-repeat":"repeat","background-position":"center center","background-size":"auto","background-attachment":"scroll","background-type":"","background-media":"","overlay-type":"","overlay-color":"","overlay-opacity":"","overlay-gradient":""},"tablet":{"background-color":"","background-image":"","background-repeat":"repeat","background-position":"center center","background-size":"auto","background-attachment":"scroll","background-type":"","background-media":"","overlay-type":"","overlay-color":"","overlay-opacity":"","overlay-gradient":""},"mobile":{"background-color":"","background-image":"","background-repeat":"repeat","background-position":"center center","background-size":"auto","background-attachment":"scroll","background-type":"","background-media":"","overlay-type":"","overlay-color":"","overlay-opacity":"","overlay-gradient":""}},"ast-content-background-meta":{"desktop":{"background-color":"var(--ast-global-color-5)","background-image":"","background-repeat":"repeat","background-position":"center center","background-size":"auto","background-attachment":"scroll","background-type":"","background-media":"","overlay-type":"","overlay-color":"","overlay-opacity":"","overlay-gradient":""},"tablet":{"background-color":"var(--ast-global-color-5)","background-image":"","background-repeat":"repeat","background-position":"center center","background-size":"auto","background-attachment":"scroll","background-type":"","background-media":"","overlay-type":"","overlay-color":"","overlay-opacity":"","overlay-gradient":""},"mobile":{"background-color":"var(--ast-global-color-5)","background-image":"","background-repeat":"repeat","background-position":"center center","background-size":"auto","background-attachment":"scroll","background-type":"","background-media":"","overlay-type":"","overlay-color":"","overlay-opacity":"","overlay-gradient":""}},"footnotes":""},"categories":[74,140,137,190,182,183,71,165,73,80,72,172,1,70,86,29,191,192],"tags":[57,117,56,66,193,125],"class_list":["post-5615","post","type-post","status-publish","format-standard","hentry","category-ajuntament","category-associacio","category-au25-45","category-calendari-de-preinscripcio-i-matricula-per-al-curs-2026-2027","category-castella","category-catala","category-cfgs","category-coeducacio","category-tic","category-educacio","category-english","category-francais","category-general","category-ges","category-muralla-digital-revista","category-portada","category-preiscripcio-i-matricula","category-preiscripcio-i-matricula-preiscripcio-i-matricula","tag-centre","tag-cfacastelldefels","tag-informacio","tag-matricula","tag-preinscripcio-i-matricula","tag-transversal"],"post_mailing_queue_ids":[],"_links":{"self":[{"href":"https:\/\/agora.xtec.cat\/cfacastelldefels\/wp-json\/wp\/v2\/posts\/5615","targetHints":{"allow":["GET"]}}],"collection":[{"href":"https:\/\/agora.xtec.cat\/cfacastelldefels\/wp-json\/wp\/v2\/posts"}],"about":[{"href":"https:\/\/agora.xtec.cat\/cfacastelldefels\/wp-json\/wp\/v2\/types\/post"}],"author":[{"embeddable":true,"href":"https:\/\/agora.xtec.cat\/cfacastelldefels\/wp-json\/wp\/v2\/users\/1"}],"replies":[{"embeddable":true,"href":"https:\/\/agora.xtec.cat\/cfacastelldefels\/wp-json\/wp\/v2\/comments?post=5615"}],"version-history":[{"count":2,"href":"https:\/\/agora.xtec.cat\/cfacastelldefels\/wp-json\/wp\/v2\/posts\/5615\/revisions"}],"predecessor-version":[{"id":5625,"href":"https:\/\/agora.xtec.cat\/cfacastelldefels\/wp-json\/wp\/v2\/posts\/5615\/revisions\/5625"}],"wp:attachment":[{"href":"https:\/\/agora.xtec.cat\/cfacastelldefels\/wp-json\/wp\/v2\/media?parent=5615"}],"wp:term":[{"taxonomy":"category","embeddable":true,"href":"https:\/\/agora.xtec.cat\/cfacastelldefels\/wp-json\/wp\/v2\/categories?post=5615"},{"taxonomy":"post_tag","embeddable":true,"href":"https:\/\/agora.xtec.cat\/cfacastelldefels\/wp-json\/wp\/v2\/tags?post=5615"}],"curies":[{"name":"wp","href":"https:\/\/api.w.org\/{rel}","templated":true}]}}