{"id":558,"date":"2015-07-14T13:16:54","date_gmt":"2015-07-14T12:16:54","guid":{"rendered":"http:\/\/agora.xtec.cat\/cfajverdaguercastelldefels\/?p=558"},"modified":"2015-09-18T19:44:43","modified_gmt":"2015-09-18T18:44:43","slug":"matricula-curs-2015-2016","status":"publish","type":"post","link":"https:\/\/agora.xtec.cat\/cfacastelldefels\/general\/matricula-curs-2015-2016\/","title":{"rendered":"Matr\u00edcula curs 2015-2016"},"content":{"rendered":"<p>Els alumnes admesos en el centre i els que van demanar continu\u00eftat per reserva han de formalitza la matr\u00edcula en setembre<\/p>\n<ul>\n<li><strong>Dia 2 i 4 de setembre de 10 a 13h<\/strong><\/li>\n<li><strong>Dia 3 i 7 de setembre de 16 a 19h<\/strong><\/li>\n<\/ul>\n<p><span style=\"color: #ff0000;\"><strong>Els alumnes que no van fer la preinscripci\u00f3<\/strong><\/span> poden <strong>passar pel centre<\/strong> per informar-se per als cursos amb vacants i apuntar-se al llistat de llista d&#8217;espera.<\/p>\n<p>Recordem que els alumnes del curs de preparaci\u00f3 a PPACFGS\u00a0 han de participar en una sessi\u00f3 orientadora, <strong>passeu pel centre<\/strong> per confirmar data.<\/p>\n<p>Per a <span style=\"color: #ff0000;\"><strong>cursos de catal\u00e0<\/strong><\/span> podeu\u00a0 fer la preinscripci\u00f3 en les mateixes dates i hores<\/p>\n<p>Para <span style=\"color: #993366;\"><strong>cursos de castellano para no castellano parlantes<\/strong><\/span> la preinscripci\u00f3n es los mismos d\u00edas y horas<\/p>\n<p>Podeu trobar m\u00e9s informaci\u00f3 en aquest web en el men\u00fa superior dret<\/p>\n<p><a href=\"http:\/\/agora.xtec.cat\/cfajverdaguercastelldefels\/wp-content\/uploads\/usu251\/2015\/07\/web-matricula.png\"><img loading=\"lazy\" decoding=\"async\" class=\"alignnone size-medium wp-image-559\" src=\"http:\/\/agora.xtec.cat\/cfajverdaguercastelldefels\/wp-content\/uploads\/usu251\/2015\/07\/web-matricula-300x220.png\" alt=\"web matricula\" width=\"300\" height=\"220\" srcset=\"https:\/\/agora.xtec.cat\/cfacastelldefels\/wp-content\/uploads\/usu251\/2015\/07\/web-matricula-300x220.png 300w, https:\/\/agora.xtec.cat\/cfacastelldefels\/wp-content\/uploads\/usu251\/2015\/07\/web-matricula.png 350w\" sizes=\"auto, (max-width: 300px) 100vw, 300px\" \/><\/a><\/p>\n<p>Que passeu un bon estiu.<\/p>\n","protected":false},"excerpt":{"rendered":"<p>Els alumnes admesos en el centre i els que van demanar continu\u00eftat per reserva han de formalitza la matr\u00edcula en setembre Dia 2 i 4 de setembre de 10 a 13h Dia 3 i 7 de setembre de 16 a 19h Els alumnes que no van fer la preinscripci\u00f3 poden passar pel centre per informar-se [&hellip;]<\/p>\n","protected":false},"author":1,"featured_media":0,"comment_status":"open","ping_status":"open","sticky":false,"template":"","format":"standard","meta":{"_bbp_topic_count":0,"_bbp_reply_count":0,"_bbp_total_topic_count":0,"_bbp_total_reply_count":0,"_bbp_voice_count":0,"_bbp_anonymous_reply_count":0,"_bbp_topic_count_hidden":0,"_bbp_reply_count_hidden":0,"_bbp_forum_subforum_count":0,"site-sidebar-layout":"default","site-content-layout":"","ast-site-content-layout":"","site-content-style":"default","site-sidebar-style":"default","ast-global-header-display":"","ast-banner-title-visibility":"","ast-main-header-display":"","ast-hfb-above-header-display":"","ast-hfb-below-header-display":"","ast-hfb-mobile-header-display":"","site-post-title":"","ast-breadcrumbs-content":"","ast-featured-img":"","footer-sml-layout":"","theme-transparent-header-meta":"","adv-header-id-meta":"","stick-header-meta":"","header-above-stick-meta":"","header-main-stick-meta":"","header-below-stick-meta":"","astra-migrate-meta-layouts":"default","ast-page-background-enabled":"default","ast-page-background-meta":{"desktop":{"background-color":"var(--ast-global-color-4)","background-image":"","background-repeat":"repeat","background-position":"center center","background-size":"auto","background-attachment":"scroll","background-type":"","background-media":"","overlay-type":"","overlay-color":"","overlay-opacity":"","overlay-gradient":""},"tablet":{"background-color":"","background-image":"","background-repeat":"repeat","background-position":"center center","background-size":"auto","background-attachment":"scroll","background-type":"","background-media":"","overlay-type":"","overlay-color":"","overlay-opacity":"","overlay-gradient":""},"mobile":{"background-color":"","background-image":"","background-repeat":"repeat","background-position":"center center","background-size":"auto","background-attachment":"scroll","background-type":"","background-media":"","overlay-type":"","overlay-color":"","overlay-opacity":"","overlay-gradient":""}},"ast-content-background-meta":{"desktop":{"background-color":"var(--ast-global-color-5)","background-image":"","background-repeat":"repeat","background-position":"center center","background-size":"auto","background-attachment":"scroll","background-type":"","background-media":"","overlay-type":"","overlay-color":"","overlay-opacity":"","overlay-gradient":""},"tablet":{"background-color":"var(--ast-global-color-5)","background-image":"","background-repeat":"repeat","background-position":"center center","background-size":"auto","background-attachment":"scroll","background-type":"","background-media":"","overlay-type":"","overlay-color":"","overlay-opacity":"","overlay-gradient":""},"mobile":{"background-color":"var(--ast-global-color-5)","background-image":"","background-repeat":"repeat","background-position":"center center","background-size":"auto","background-attachment":"scroll","background-type":"","background-media":"","overlay-type":"","overlay-color":"","overlay-opacity":"","overlay-gradient":""}},"footnotes":""},"categories":[1],"tags":[57,66],"class_list":["post-558","post","type-post","status-publish","format-standard","hentry","category-general","tag-centre","tag-matricula"],"post_mailing_queue_ids":[],"_links":{"self":[{"href":"https:\/\/agora.xtec.cat\/cfacastelldefels\/wp-json\/wp\/v2\/posts\/558","targetHints":{"allow":["GET"]}}],"collection":[{"href":"https:\/\/agora.xtec.cat\/cfacastelldefels\/wp-json\/wp\/v2\/posts"}],"about":[{"href":"https:\/\/agora.xtec.cat\/cfacastelldefels\/wp-json\/wp\/v2\/types\/post"}],"author":[{"embeddable":true,"href":"https:\/\/agora.xtec.cat\/cfacastelldefels\/wp-json\/wp\/v2\/users\/1"}],"replies":[{"embeddable":true,"href":"https:\/\/agora.xtec.cat\/cfacastelldefels\/wp-json\/wp\/v2\/comments?post=558"}],"version-history":[{"count":2,"href":"https:\/\/agora.xtec.cat\/cfacastelldefels\/wp-json\/wp\/v2\/posts\/558\/revisions"}],"predecessor-version":[{"id":561,"href":"https:\/\/agora.xtec.cat\/cfacastelldefels\/wp-json\/wp\/v2\/posts\/558\/revisions\/561"}],"wp:attachment":[{"href":"https:\/\/agora.xtec.cat\/cfacastelldefels\/wp-json\/wp\/v2\/media?parent=558"}],"wp:term":[{"taxonomy":"category","embeddable":true,"href":"https:\/\/agora.xtec.cat\/cfacastelldefels\/wp-json\/wp\/v2\/categories?post=558"},{"taxonomy":"post_tag","embeddable":true,"href":"https:\/\/agora.xtec.cat\/cfacastelldefels\/wp-json\/wp\/v2\/tags?post=558"}],"curies":[{"name":"wp","href":"https:\/\/api.w.org\/{rel}","templated":true}]}}