{"id":556,"date":"2015-06-14T20:48:22","date_gmt":"2015-06-14T19:48:22","guid":{"rendered":"http:\/\/agora.xtec.cat\/cfajverdaguercastelldefels\/?p=556"},"modified":"2015-07-14T13:19:07","modified_gmt":"2015-07-14T12:19:07","slug":"propostes-de-juny","status":"publish","type":"post","link":"https:\/\/agora.xtec.cat\/cfacastelldefels\/general\/propostes-de-juny\/","title":{"rendered":"Propostes de Juny"},"content":{"rendered":"<p><strong>La setmana del dilluns 15 al 19 iniciem la recta final del curs i inici del nou<\/strong><\/p>\n<p>Dilluns 15 a la tarda fem les proves de validaci\u00f3 dels alumnes de l&#8217;IOC que han de fer-les<\/p>\n<p>Dijous 18 fem entrega dels informes a les 16.00 i posteriorment farem una petita celebraci\u00f3 amb actuaci\u00f3 musical. Farem tamb\u00e9 un petit tast de coca i cava com a preparaci\u00f3 de Sant Joan. Caldr\u00e0 una mica d&#8217;ajuda \u00a0per fer els preparatius.<\/p>\n<p>&nbsp;<\/p>\n<p>Divendres 19 al mat\u00ed fem la primera sessi\u00f3 orientaci\u00f3 pel alumnes que volen matricular-se en el curs de preparaci\u00f3 a Grau superior. Fer aquesta sssi\u00f3 \u00e9s obligat\u00f2ria per poder fer la preinscripci\u00f3. Cal portar els certificats del estudis realitzats<\/p>\n<p>Volem felicitar a tots els alumnes pel gran \u00e8xit de la sortida de Reus, va ser una bona experi\u00e8ncia<\/p>\n<figure style=\"width: 300px\" class=\"wp-caption alignnone\"><img loading=\"lazy\" decoding=\"async\" class=\"\" src=\"http:\/\/www.pct-turisme.cat\/intranet\/sites\/default\/files\/institut_pere_mata_Reus_cedidaPaisatgeGenis.jpg\" alt=\"\" width=\"300\" height=\"300\" \/><figcaption class=\"wp-caption-text\">Institut Pere Mata Reus<\/figcaption><\/figure>\n","protected":false},"excerpt":{"rendered":"<p>La setmana del dilluns 15 al 19 iniciem la recta final del curs i inici del nou Dilluns 15 a la tarda fem les proves de validaci\u00f3 dels alumnes de l&#8217;IOC que han de fer-les Dijous 18 fem entrega dels informes a les 16.00 i posteriorment farem una petita celebraci\u00f3 amb actuaci\u00f3 musical. Farem tamb\u00e9 [&hellip;]<\/p>\n","protected":false},"author":1,"featured_media":0,"comment_status":"open","ping_status":"open","sticky":false,"template":"","format":"standard","meta":{"_bbp_topic_count":0,"_bbp_reply_count":0,"_bbp_total_topic_count":0,"_bbp_total_reply_count":0,"_bbp_voice_count":0,"_bbp_anonymous_reply_count":0,"_bbp_topic_count_hidden":0,"_bbp_reply_count_hidden":0,"_bbp_forum_subforum_count":0,"site-sidebar-layout":"default","site-content-layout":"","ast-site-content-layout":"","site-content-style":"default","site-sidebar-style":"default","ast-global-header-display":"","ast-banner-title-visibility":"","ast-main-header-display":"","ast-hfb-above-header-display":"","ast-hfb-below-header-display":"","ast-hfb-mobile-header-display":"","site-post-title":"","ast-breadcrumbs-content":"","ast-featured-img":"","footer-sml-layout":"","theme-transparent-header-meta":"","adv-header-id-meta":"","stick-header-meta":"","header-above-stick-meta":"","header-main-stick-meta":"","header-below-stick-meta":"","astra-migrate-meta-layouts":"default","ast-page-background-enabled":"default","ast-page-background-meta":{"desktop":{"background-color":"var(--ast-global-color-4)","background-image":"","background-repeat":"repeat","background-position":"center center","background-size":"auto","background-attachment":"scroll","background-type":"","background-media":"","overlay-type":"","overlay-color":"","overlay-opacity":"","overlay-gradient":""},"tablet":{"background-color":"","background-image":"","background-repeat":"repeat","background-position":"center center","background-size":"auto","background-attachment":"scroll","background-type":"","background-media":"","overlay-type":"","overlay-color":"","overlay-opacity":"","overlay-gradient":""},"mobile":{"background-color":"","background-image":"","background-repeat":"repeat","background-position":"center center","background-size":"auto","background-attachment":"scroll","background-type":"","background-media":"","overlay-type":"","overlay-color":"","overlay-opacity":"","overlay-gradient":""}},"ast-content-background-meta":{"desktop":{"background-color":"var(--ast-global-color-5)","background-image":"","background-repeat":"repeat","background-position":"center center","background-size":"auto","background-attachment":"scroll","background-type":"","background-media":"","overlay-type":"","overlay-color":"","overlay-opacity":"","overlay-gradient":""},"tablet":{"background-color":"var(--ast-global-color-5)","background-image":"","background-repeat":"repeat","background-position":"center center","background-size":"auto","background-attachment":"scroll","background-type":"","background-media":"","overlay-type":"","overlay-color":"","overlay-opacity":"","overlay-gradient":""},"mobile":{"background-color":"var(--ast-global-color-5)","background-image":"","background-repeat":"repeat","background-position":"center center","background-size":"auto","background-attachment":"scroll","background-type":"","background-media":"","overlay-type":"","overlay-color":"","overlay-opacity":"","overlay-gradient":""}},"footnotes":""},"categories":[1],"tags":[65,56],"class_list":["post-556","post","type-post","status-publish","format-standard","hentry","category-general","tag-cfajverdaguer","tag-informacio"],"post_mailing_queue_ids":[],"_links":{"self":[{"href":"https:\/\/agora.xtec.cat\/cfacastelldefels\/wp-json\/wp\/v2\/posts\/556","targetHints":{"allow":["GET"]}}],"collection":[{"href":"https:\/\/agora.xtec.cat\/cfacastelldefels\/wp-json\/wp\/v2\/posts"}],"about":[{"href":"https:\/\/agora.xtec.cat\/cfacastelldefels\/wp-json\/wp\/v2\/types\/post"}],"author":[{"embeddable":true,"href":"https:\/\/agora.xtec.cat\/cfacastelldefels\/wp-json\/wp\/v2\/users\/1"}],"replies":[{"embeddable":true,"href":"https:\/\/agora.xtec.cat\/cfacastelldefels\/wp-json\/wp\/v2\/comments?post=556"}],"version-history":[{"count":1,"href":"https:\/\/agora.xtec.cat\/cfacastelldefels\/wp-json\/wp\/v2\/posts\/556\/revisions"}],"predecessor-version":[{"id":557,"href":"https:\/\/agora.xtec.cat\/cfacastelldefels\/wp-json\/wp\/v2\/posts\/556\/revisions\/557"}],"wp:attachment":[{"href":"https:\/\/agora.xtec.cat\/cfacastelldefels\/wp-json\/wp\/v2\/media?parent=556"}],"wp:term":[{"taxonomy":"category","embeddable":true,"href":"https:\/\/agora.xtec.cat\/cfacastelldefels\/wp-json\/wp\/v2\/categories?post=556"},{"taxonomy":"post_tag","embeddable":true,"href":"https:\/\/agora.xtec.cat\/cfacastelldefels\/wp-json\/wp\/v2\/tags?post=556"}],"curies":[{"name":"wp","href":"https:\/\/api.w.org\/{rel}","templated":true}]}}