{"id":5533,"date":"2025-12-26T07:48:55","date_gmt":"2025-12-26T06:48:55","guid":{"rendered":"https:\/\/agora.xtec.cat\/cfacastelldefels\/?p=5533"},"modified":"2025-12-26T07:59:09","modified_gmt":"2025-12-26T06:59:09","slug":"xerrada-divulgativa-sobre-la-ia","status":"publish","type":"post","link":"https:\/\/agora.xtec.cat\/cfacastelldefels\/general\/xerrada-divulgativa-sobre-la-ia\/","title":{"rendered":"Xerrada divulgativa sobre la IA"},"content":{"rendered":"\n<p><br>Dins el marc de les confer\u00e8ncies de divulgaci\u00f3 STEAM de la UPC, el dimecres 14 de gener de 2026 a la 13h, tindr\u00e0 lloc al CFA Castelldefels la xerrada divulgativa &#8220;La intel\u00b7lig\u00e8ncia artificial, com est\u00e0 impactant a les nostres vides?&#8221;, que oferir\u00e0 el ponent Cecilio Angulo, Doctor en Ci\u00e8ncies Matem\u00e0tiques per la Universitat Polit\u00e8cnica de Catalunya i Director del &#8220;Centro de Investigaci\u00f3n en Inteligencia Artificial y Ciencia de Datos Inteligente (IDEAI-UPC)&#8221;.<\/p>\n\n\n\n<figure class=\"wp-block-image size-large\"><a href=\"https:\/\/agora.xtec.cat\/cfacastelldefels\/wp-content\/uploads\/usu251\/2025\/12\/IA.png\"><img loading=\"lazy\" decoding=\"async\" width=\"1024\" height=\"573\" src=\"https:\/\/agora.xtec.cat\/cfacastelldefels\/wp-content\/uploads\/usu251\/2025\/12\/IA-1024x573.png\" alt=\"\" class=\"wp-image-5534\" srcset=\"https:\/\/agora.xtec.cat\/cfacastelldefels\/wp-content\/uploads\/usu251\/2025\/12\/IA-1024x573.png 1024w, https:\/\/agora.xtec.cat\/cfacastelldefels\/wp-content\/uploads\/usu251\/2025\/12\/IA-300x168.png 300w, https:\/\/agora.xtec.cat\/cfacastelldefels\/wp-content\/uploads\/usu251\/2025\/12\/IA-768x430.png 768w, https:\/\/agora.xtec.cat\/cfacastelldefels\/wp-content\/uploads\/usu251\/2025\/12\/IA-1536x860.png 1536w, https:\/\/agora.xtec.cat\/cfacastelldefels\/wp-content\/uploads\/usu251\/2025\/12\/IA.png 1600w\" sizes=\"auto, (max-width: 1024px) 100vw, 1024px\" \/><\/a><\/figure>\n","protected":false},"excerpt":{"rendered":"<p>Dins el marc de les confer\u00e8ncies de divulgaci\u00f3 STEAM de la UPC, el dimecres 14 de gener de 2026 a la 13h, tindr\u00e0 lloc al CFA Castelldefels la xerrada divulgativa &#8220;La intel\u00b7lig\u00e8ncia artificial, com est\u00e0 impactant a les nostres vides?&#8221;, que oferir\u00e0 el ponent Cecilio Angulo, Doctor en Ci\u00e8ncies Matem\u00e0tiques per la Universitat Polit\u00e8cnica de [&hellip;]<\/p>\n","protected":false},"author":1,"featured_media":0,"comment_status":"open","ping_status":"open","sticky":false,"template":"","format":"standard","meta":{"_bbp_topic_count":0,"_bbp_reply_count":0,"_bbp_total_topic_count":0,"_bbp_total_reply_count":0,"_bbp_voice_count":0,"_bbp_anonymous_reply_count":0,"_bbp_topic_count_hidden":0,"_bbp_reply_count_hidden":0,"_bbp_forum_subforum_count":0,"site-sidebar-layout":"default","site-content-layout":"","ast-site-content-layout":"default","site-content-style":"default","site-sidebar-style":"default","ast-global-header-display":"","ast-banner-title-visibility":"","ast-main-header-display":"","ast-hfb-above-header-display":"","ast-hfb-below-header-display":"","ast-hfb-mobile-header-display":"","site-post-title":"","ast-breadcrumbs-content":"","ast-featured-img":"","footer-sml-layout":"","theme-transparent-header-meta":"","adv-header-id-meta":"","stick-header-meta":"","header-above-stick-meta":"","header-main-stick-meta":"","header-below-stick-meta":"","astra-migrate-meta-layouts":"set","ast-page-background-enabled":"default","ast-page-background-meta":{"desktop":{"background-color":"var(--ast-global-color-4)","background-image":"","background-repeat":"repeat","background-position":"center center","background-size":"auto","background-attachment":"scroll","background-type":"","background-media":"","overlay-type":"","overlay-color":"","overlay-opacity":"","overlay-gradient":""},"tablet":{"background-color":"","background-image":"","background-repeat":"repeat","background-position":"center center","background-size":"auto","background-attachment":"scroll","background-type":"","background-media":"","overlay-type":"","overlay-color":"","overlay-opacity":"","overlay-gradient":""},"mobile":{"background-color":"","background-image":"","background-repeat":"repeat","background-position":"center center","background-size":"auto","background-attachment":"scroll","background-type":"","background-media":"","overlay-type":"","overlay-color":"","overlay-opacity":"","overlay-gradient":""}},"ast-content-background-meta":{"desktop":{"background-color":"var(--ast-global-color-5)","background-image":"","background-repeat":"repeat","background-position":"center center","background-size":"auto","background-attachment":"scroll","background-type":"","background-media":"","overlay-type":"","overlay-color":"","overlay-opacity":"","overlay-gradient":""},"tablet":{"background-color":"var(--ast-global-color-5)","background-image":"","background-repeat":"repeat","background-position":"center center","background-size":"auto","background-attachment":"scroll","background-type":"","background-media":"","overlay-type":"","overlay-color":"","overlay-opacity":"","overlay-gradient":""},"mobile":{"background-color":"var(--ast-global-color-5)","background-image":"","background-repeat":"repeat","background-position":"center center","background-size":"auto","background-attachment":"scroll","background-type":"","background-media":"","overlay-type":"","overlay-color":"","overlay-opacity":"","overlay-gradient":""}},"footnotes":""},"categories":[74,137,182,183,71,165,73,72,172,1,70,29],"tags":[],"class_list":["post-5533","post","type-post","status-publish","format-standard","hentry","category-ajuntament","category-au25-45","category-castella","category-catala","category-cfgs","category-coeducacio","category-tic","category-english","category-francais","category-general","category-ges","category-portada"],"post_mailing_queue_ids":[],"_links":{"self":[{"href":"https:\/\/agora.xtec.cat\/cfacastelldefels\/wp-json\/wp\/v2\/posts\/5533","targetHints":{"allow":["GET"]}}],"collection":[{"href":"https:\/\/agora.xtec.cat\/cfacastelldefels\/wp-json\/wp\/v2\/posts"}],"about":[{"href":"https:\/\/agora.xtec.cat\/cfacastelldefels\/wp-json\/wp\/v2\/types\/post"}],"author":[{"embeddable":true,"href":"https:\/\/agora.xtec.cat\/cfacastelldefels\/wp-json\/wp\/v2\/users\/1"}],"replies":[{"embeddable":true,"href":"https:\/\/agora.xtec.cat\/cfacastelldefels\/wp-json\/wp\/v2\/comments?post=5533"}],"version-history":[{"count":5,"href":"https:\/\/agora.xtec.cat\/cfacastelldefels\/wp-json\/wp\/v2\/posts\/5533\/revisions"}],"predecessor-version":[{"id":5539,"href":"https:\/\/agora.xtec.cat\/cfacastelldefels\/wp-json\/wp\/v2\/posts\/5533\/revisions\/5539"}],"wp:attachment":[{"href":"https:\/\/agora.xtec.cat\/cfacastelldefels\/wp-json\/wp\/v2\/media?parent=5533"}],"wp:term":[{"taxonomy":"category","embeddable":true,"href":"https:\/\/agora.xtec.cat\/cfacastelldefels\/wp-json\/wp\/v2\/categories?post=5533"},{"taxonomy":"post_tag","embeddable":true,"href":"https:\/\/agora.xtec.cat\/cfacastelldefels\/wp-json\/wp\/v2\/tags?post=5533"}],"curies":[{"name":"wp","href":"https:\/\/api.w.org\/{rel}","templated":true}]}}