{"id":4899,"date":"2024-07-17T06:46:01","date_gmt":"2024-07-17T04:46:01","guid":{"rendered":"https:\/\/agora.xtec.cat\/cfacastelldefels\/?p=4899"},"modified":"2024-07-17T07:00:24","modified_gmt":"2024-07-17T05:00:24","slug":"matricula-del-curs-2024-2025-al-cfa-castelldefels","status":"publish","type":"post","link":"https:\/\/agora.xtec.cat\/cfacastelldefels\/general\/matricula-del-curs-2024-2025-al-cfa-castelldefels\/","title":{"rendered":"Matr\u00edcula del curs 2024-2025 al CFA Castelldefels"},"content":{"rendered":"\n<p><strong>L\u2019alumnat amb reserva (alumnat del curs passat)<\/strong>&nbsp;ha de confirmar l\u2019assist\u00e8ncia a classe mitjan\u00e7ant la resposta al correu al seu professorat tutor. L\u2019inici de les classes \u00e9s el 16 de setembre.<\/p>\n\n\n\n<p><strong>Els alumnes admesos&nbsp;a la preinscripci\u00f3<\/strong> cal que tramitin la matr\u00edcula:<\/p>\n\n\n\n<ul class=\"wp-block-list\">\n<li>Dimecres 4 i dilluns 9 de setembre: tarda de 16 a 18h.<\/li>\n\n\n\n<li>Dijous 5 i divendres 6 de setembre: matins de 10:30 a 13h.<\/li>\n<\/ul>\n\n\n\n<p><strong>Els nous alumnes en llista d\u2019espera. <\/strong>Si hi ha places vacants es tramitar\u00e0 la matr\u00edcula:<\/p>\n\n\n\n<ul class=\"wp-block-list\">\n<li>Dilluns 9 de setembre: tarda de 18 a 20h.<\/li>\n\n\n\n<li>Dimarts 10 de setembre: mat\u00ed de 10:30 a 13h.<\/li>\n<\/ul>\n\n\n\n<p><strong>L\u2019alumnat nou que no ha fet preinscripci\u00f3<\/strong>: el dimecres 11 de setembre es podr\u00e0 consultar a la p\u00e0gina web els grups on han quedat places vacants. Si \u00e9s aix\u00ed, la matr\u00edcula es tramita:<\/p>\n\n\n\n<ul class=\"wp-block-list\">\n<li>Dijous 12 de setembre: tarda de 16 a 20h.<\/li>\n\n\n\n<li>Divendres 13 de setembre: mat\u00ed de 10.30 a 13h.<\/li>\n<\/ul>\n\n\n\n<p><strong>Al llarg del curs<\/strong>: hi ha una llista d\u2019espera disponible a la consergeria del centre.<\/p>\n\n\n\n<p>En tots els casos en els que es tramiti matr\u00edcula, <strong>cal portar<\/strong>:<\/p>\n\n\n\n<ul class=\"wp-block-list\">\n<li>Original i fotoc\u00f2pia del DNI\/NIE\/Passaport<\/li>\n\n\n\n<li>Original i fotoc\u00f2pia de la tarja sanit\u00e0ria<\/li>\n\n\n\n<li>Fotografia actual mida carnet<\/li>\n\n\n\n<li>L\u2019alumnat de GES i Prov\u00e9s d\u2019acc\u00e9s cal que porti el certificat de notes<\/li>\n\n\n\n<li>Si l\u2019adre\u00e7a que figura a la documentaci\u00f3 no \u00e9s actual, el certificat d\u2019empadronament<\/li>\n\n\n\n<li>Preu del material: 20 euros<\/li>\n<\/ul>\n\n\n\n<p><strong>Altres dates importants:<\/strong><\/p>\n\n\n\n<p>La&nbsp;<strong>prova de nivell de l\u2019alumnat de GES:<\/strong><\/p>\n\n\n\n<ul class=\"wp-block-list\">\n<li>Dimarts 10 de setembre a les 10h<\/li>\n<\/ul>\n\n\n\n<p>La&nbsp;<strong>matr\u00edcula de l\u2019alumnat de IOC GES a dist\u00e0ncia<\/strong>:<\/p>\n\n\n\n<ul class=\"wp-block-list\">\n<li>Primer cal omplir el formulari de preinscripci\u00f3 al web del IOC i pujar-hi escanejats els documents necessaris.<\/li>\n\n\n\n<li>Del 4 al 10 de setembre: demanar hora per fer l\u2019entrevista personal al nostre centre per tal de confirmar la matr\u00edcula.<\/li>\n<\/ul>\n","protected":false},"excerpt":{"rendered":"<p>L\u2019alumnat amb reserva (alumnat del curs passat)&nbsp;ha de confirmar l\u2019assist\u00e8ncia a classe mitjan\u00e7ant la resposta al correu al seu professorat tutor. L\u2019inici de les classes \u00e9s el 16 de setembre. Els alumnes admesos&nbsp;a la preinscripci\u00f3 cal que tramitin la matr\u00edcula: Els nous alumnes en llista d\u2019espera. Si hi ha places vacants es tramitar\u00e0 la matr\u00edcula: [&hellip;]<\/p>\n","protected":false},"author":1,"featured_media":0,"comment_status":"open","ping_status":"open","sticky":false,"template":"","format":"standard","meta":{"_bbp_topic_count":0,"_bbp_reply_count":0,"_bbp_total_topic_count":0,"_bbp_total_reply_count":0,"_bbp_voice_count":0,"_bbp_anonymous_reply_count":0,"_bbp_topic_count_hidden":0,"_bbp_reply_count_hidden":0,"_bbp_forum_subforum_count":0,"site-sidebar-layout":"default","site-content-layout":"","ast-site-content-layout":"","site-content-style":"default","site-sidebar-style":"default","ast-global-header-display":"","ast-banner-title-visibility":"","ast-main-header-display":"","ast-hfb-above-header-display":"","ast-hfb-below-header-display":"","ast-hfb-mobile-header-display":"","site-post-title":"","ast-breadcrumbs-content":"","ast-featured-img":"","footer-sml-layout":"","theme-transparent-header-meta":"","adv-header-id-meta":"","stick-header-meta":"","header-above-stick-meta":"","header-main-stick-meta":"","header-below-stick-meta":"","astra-migrate-meta-layouts":"default","ast-page-background-enabled":"default","ast-page-background-meta":{"desktop":{"background-color":"var(--ast-global-color-4)","background-image":"","background-repeat":"repeat","background-position":"center center","background-size":"auto","background-attachment":"scroll","background-type":"","background-media":"","overlay-type":"","overlay-color":"","overlay-opacity":"","overlay-gradient":""},"tablet":{"background-color":"","background-image":"","background-repeat":"repeat","background-position":"center center","background-size":"auto","background-attachment":"scroll","background-type":"","background-media":"","overlay-type":"","overlay-color":"","overlay-opacity":"","overlay-gradient":""},"mobile":{"background-color":"","background-image":"","background-repeat":"repeat","background-position":"center center","background-size":"auto","background-attachment":"scroll","background-type":"","background-media":"","overlay-type":"","overlay-color":"","overlay-opacity":"","overlay-gradient":""}},"ast-content-background-meta":{"desktop":{"background-color":"var(--ast-global-color-5)","background-image":"","background-repeat":"repeat","background-position":"center center","background-size":"auto","background-attachment":"scroll","background-type":"","background-media":"","overlay-type":"","overlay-color":"","overlay-opacity":"","overlay-gradient":""},"tablet":{"background-color":"var(--ast-global-color-5)","background-image":"","background-repeat":"repeat","background-position":"center center","background-size":"auto","background-attachment":"scroll","background-type":"","background-media":"","overlay-type":"","overlay-color":"","overlay-opacity":"","overlay-gradient":""},"mobile":{"background-color":"var(--ast-global-color-5)","background-image":"","background-repeat":"repeat","background-position":"center center","background-size":"auto","background-attachment":"scroll","background-type":"","background-media":"","overlay-type":"","overlay-color":"","overlay-opacity":"","overlay-gradient":""}},"footnotes":""},"categories":[137,182,183,71,73,80,72,172,1,70,29],"tags":[],"class_list":["post-4899","post","type-post","status-publish","format-standard","hentry","category-au25-45","category-castella","category-catala","category-cfgs","category-tic","category-educacio","category-english","category-francais","category-general","category-ges","category-portada"],"post_mailing_queue_ids":[],"_links":{"self":[{"href":"https:\/\/agora.xtec.cat\/cfacastelldefels\/wp-json\/wp\/v2\/posts\/4899","targetHints":{"allow":["GET"]}}],"collection":[{"href":"https:\/\/agora.xtec.cat\/cfacastelldefels\/wp-json\/wp\/v2\/posts"}],"about":[{"href":"https:\/\/agora.xtec.cat\/cfacastelldefels\/wp-json\/wp\/v2\/types\/post"}],"author":[{"embeddable":true,"href":"https:\/\/agora.xtec.cat\/cfacastelldefels\/wp-json\/wp\/v2\/users\/1"}],"replies":[{"embeddable":true,"href":"https:\/\/agora.xtec.cat\/cfacastelldefels\/wp-json\/wp\/v2\/comments?post=4899"}],"version-history":[{"count":5,"href":"https:\/\/agora.xtec.cat\/cfacastelldefels\/wp-json\/wp\/v2\/posts\/4899\/revisions"}],"predecessor-version":[{"id":4918,"href":"https:\/\/agora.xtec.cat\/cfacastelldefels\/wp-json\/wp\/v2\/posts\/4899\/revisions\/4918"}],"wp:attachment":[{"href":"https:\/\/agora.xtec.cat\/cfacastelldefels\/wp-json\/wp\/v2\/media?parent=4899"}],"wp:term":[{"taxonomy":"category","embeddable":true,"href":"https:\/\/agora.xtec.cat\/cfacastelldefels\/wp-json\/wp\/v2\/categories?post=4899"},{"taxonomy":"post_tag","embeddable":true,"href":"https:\/\/agora.xtec.cat\/cfacastelldefels\/wp-json\/wp\/v2\/tags?post=4899"}],"curies":[{"name":"wp","href":"https:\/\/api.w.org\/{rel}","templated":true}]}}