{"id":4586,"date":"2024-03-12T10:50:01","date_gmt":"2024-03-12T09:50:01","guid":{"rendered":"https:\/\/agora.xtec.cat\/cfacastelldefels\/?p=4586"},"modified":"2024-03-12T10:50:01","modified_gmt":"2024-03-12T09:50:01","slug":"xerrada-dorientacio-educativa-la-continuitat-formativa-despres-de-lescola-dadults","status":"publish","type":"post","link":"https:\/\/agora.xtec.cat\/cfacastelldefels\/portada\/xerrada-dorientacio-educativa-la-continuitat-formativa-despres-de-lescola-dadults\/","title":{"rendered":"Xerrada d&#8217;Orientaci\u00f3 Educativa &#8220;La continu\u00eftat formativa despr\u00e9s de l&#8217;escola d&#8217;adults&#8221;"},"content":{"rendered":"<p>En el marc de les Jornades d&#8217;Orientaci\u00f3 Educativa organitzades per l&#8217;Ajuntament de Castelldefels, al CFA Castelldefels es far\u00e0 la xerrada d&#8217;Orientaci\u00f3 Educativa &#8220;La continu\u00eftat formativa despr\u00e9s de l&#8217;escola d&#8217;adults&#8221;.\u00a0 Ser\u00e0 el dijous 21 de mar\u00e7 a les 10h.<\/p>\n<p><img loading=\"lazy\" decoding=\"async\" class=\" wp-image-4585 alignleft\" src=\"https:\/\/agora.xtec.cat\/cfacastelldefels\/wp-content\/uploads\/usu251\/2024\/03\/Cartell-xerrada-cfa-731x1024.jpg\" alt=\"\" width=\"470\" height=\"658\" srcset=\"https:\/\/agora.xtec.cat\/cfacastelldefels\/wp-content\/uploads\/usu251\/2024\/03\/Cartell-xerrada-cfa-731x1024.jpg 731w, https:\/\/agora.xtec.cat\/cfacastelldefels\/wp-content\/uploads\/usu251\/2024\/03\/Cartell-xerrada-cfa-214x300.jpg 214w, https:\/\/agora.xtec.cat\/cfacastelldefels\/wp-content\/uploads\/usu251\/2024\/03\/Cartell-xerrada-cfa-768x1076.jpg 768w, https:\/\/agora.xtec.cat\/cfacastelldefels\/wp-content\/uploads\/usu251\/2024\/03\/Cartell-xerrada-cfa-1096x1536.jpg 1096w, https:\/\/agora.xtec.cat\/cfacastelldefels\/wp-content\/uploads\/usu251\/2024\/03\/Cartell-xerrada-cfa.jpg 1427w\" sizes=\"auto, (max-width: 470px) 100vw, 470px\" \/><\/p>\n","protected":false},"excerpt":{"rendered":"<p>En el marc de les Jornades d&#8217;Orientaci\u00f3 Educativa organitzades per l&#8217;Ajuntament de Castelldefels, al CFA Castelldefels es far\u00e0 la xerrada d&#8217;Orientaci\u00f3 Educativa &#8220;La continu\u00eftat formativa despr\u00e9s de l&#8217;escola d&#8217;adults&#8221;.\u00a0 Ser\u00e0 el dijous 21 de mar\u00e7 a les 10h.<\/p>\n","protected":false},"author":1,"featured_media":0,"comment_status":"open","ping_status":"closed","sticky":false,"template":"","format":"standard","meta":{"_bbp_topic_count":0,"_bbp_reply_count":0,"_bbp_total_topic_count":0,"_bbp_total_reply_count":0,"_bbp_voice_count":0,"_bbp_anonymous_reply_count":0,"_bbp_topic_count_hidden":0,"_bbp_reply_count_hidden":0,"_bbp_forum_subforum_count":0,"site-sidebar-layout":"default","site-content-layout":"","ast-site-content-layout":"","site-content-style":"default","site-sidebar-style":"default","ast-global-header-display":"","ast-banner-title-visibility":"","ast-main-header-display":"","ast-hfb-above-header-display":"","ast-hfb-below-header-display":"","ast-hfb-mobile-header-display":"","site-post-title":"","ast-breadcrumbs-content":"","ast-featured-img":"","footer-sml-layout":"","theme-transparent-header-meta":"","adv-header-id-meta":"","stick-header-meta":"","header-above-stick-meta":"","header-main-stick-meta":"","header-below-stick-meta":"","astra-migrate-meta-layouts":"default","ast-page-background-enabled":"default","ast-page-background-meta":{"desktop":{"background-color":"var(--ast-global-color-4)","background-image":"","background-repeat":"repeat","background-position":"center center","background-size":"auto","background-attachment":"scroll","background-type":"","background-media":"","overlay-type":"","overlay-color":"","overlay-opacity":"","overlay-gradient":""},"tablet":{"background-color":"","background-image":"","background-repeat":"repeat","background-position":"center center","background-size":"auto","background-attachment":"scroll","background-type":"","background-media":"","overlay-type":"","overlay-color":"","overlay-opacity":"","overlay-gradient":""},"mobile":{"background-color":"","background-image":"","background-repeat":"repeat","background-position":"center center","background-size":"auto","background-attachment":"scroll","background-type":"","background-media":"","overlay-type":"","overlay-color":"","overlay-opacity":"","overlay-gradient":""}},"ast-content-background-meta":{"desktop":{"background-color":"var(--ast-global-color-5)","background-image":"","background-repeat":"repeat","background-position":"center center","background-size":"auto","background-attachment":"scroll","background-type":"","background-media":"","overlay-type":"","overlay-color":"","overlay-opacity":"","overlay-gradient":""},"tablet":{"background-color":"var(--ast-global-color-5)","background-image":"","background-repeat":"repeat","background-position":"center center","background-size":"auto","background-attachment":"scroll","background-type":"","background-media":"","overlay-type":"","overlay-color":"","overlay-opacity":"","overlay-gradient":""},"mobile":{"background-color":"var(--ast-global-color-5)","background-image":"","background-repeat":"repeat","background-position":"center center","background-size":"auto","background-attachment":"scroll","background-type":"","background-media":"","overlay-type":"","overlay-color":"","overlay-opacity":"","overlay-gradient":""}},"footnotes":""},"categories":[74,137,71,70,29],"tags":[],"class_list":["post-4586","post","type-post","status-publish","format-standard","hentry","category-ajuntament","category-au25-45","category-cfgs","category-ges","category-portada"],"post_mailing_queue_ids":[],"_links":{"self":[{"href":"https:\/\/agora.xtec.cat\/cfacastelldefels\/wp-json\/wp\/v2\/posts\/4586","targetHints":{"allow":["GET"]}}],"collection":[{"href":"https:\/\/agora.xtec.cat\/cfacastelldefels\/wp-json\/wp\/v2\/posts"}],"about":[{"href":"https:\/\/agora.xtec.cat\/cfacastelldefels\/wp-json\/wp\/v2\/types\/post"}],"author":[{"embeddable":true,"href":"https:\/\/agora.xtec.cat\/cfacastelldefels\/wp-json\/wp\/v2\/users\/1"}],"replies":[{"embeddable":true,"href":"https:\/\/agora.xtec.cat\/cfacastelldefels\/wp-json\/wp\/v2\/comments?post=4586"}],"version-history":[{"count":1,"href":"https:\/\/agora.xtec.cat\/cfacastelldefels\/wp-json\/wp\/v2\/posts\/4586\/revisions"}],"predecessor-version":[{"id":4587,"href":"https:\/\/agora.xtec.cat\/cfacastelldefels\/wp-json\/wp\/v2\/posts\/4586\/revisions\/4587"}],"wp:attachment":[{"href":"https:\/\/agora.xtec.cat\/cfacastelldefels\/wp-json\/wp\/v2\/media?parent=4586"}],"wp:term":[{"taxonomy":"category","embeddable":true,"href":"https:\/\/agora.xtec.cat\/cfacastelldefels\/wp-json\/wp\/v2\/categories?post=4586"},{"taxonomy":"post_tag","embeddable":true,"href":"https:\/\/agora.xtec.cat\/cfacastelldefels\/wp-json\/wp\/v2\/tags?post=4586"}],"curies":[{"name":"wp","href":"https:\/\/api.w.org\/{rel}","templated":true}]}}