{"id":3561,"date":"2022-09-17T17:39:27","date_gmt":"2022-09-17T15:39:27","guid":{"rendered":"https:\/\/agora.xtec.cat\/cfacastelldefels\/?p=3561"},"modified":"2022-09-17T17:40:43","modified_gmt":"2022-09-17T15:40:43","slug":"benvinguda-al-curs-2022-2023","status":"publish","type":"post","link":"https:\/\/agora.xtec.cat\/cfacastelldefels\/general\/benvinguda-al-curs-2022-2023\/","title":{"rendered":"Benvinguda al curs 2022-2023"},"content":{"rendered":"<p style=\"text-align: center;\">Dilluns s\u2019inicia un nou curs al CFA Castelldefels. L\u2019inici d\u2019un curs diferent, de normalitat, d\u2019obertura, de comprom\u00eds, de prud\u00e8ncia, de treball, de perseveran\u00e7a, acompanyat d\u2019unes ganes i il\u00b7lusi\u00f3 que ens esperonen a continuar endavant, sempre endavant.<\/p>\n<p style=\"text-align: center;\">Aquest \u00e9s el fonament principal de la formaci\u00f3 al llarg de la vida: un projecte de vida que sempre continua, que no frena, tot gaudint d\u2019un trajecte profund i inspirador.<\/p>\n<p style=\"text-align: center;\">Volem convidar-te a acompanyar-nos en aquest viatge carregat de projectes i idees; i on plegats posem les mirades a l\u2019horitz\u00f3.<\/p>\n<p style=\"text-align: center;\"><strong><em>Evita mirar el rellotge i fes com ell: no paris d&#8217;avan\u00e7ar<\/em><\/strong><\/p>\n<p><a href=\"https:\/\/agora.xtec.cat\/cfacastelldefels\/wp-content\/uploads\/usu251\/2022\/09\/Benvinguda-curs-22-23-scaled.jpg\"><img loading=\"lazy\" decoding=\"async\" class=\" wp-image-3560 aligncenter\" src=\"https:\/\/agora.xtec.cat\/cfacastelldefels\/wp-content\/uploads\/usu251\/2022\/09\/Benvinguda-curs-22-23-240x300.jpg\" alt=\"\" width=\"162\" height=\"203\" srcset=\"https:\/\/agora.xtec.cat\/cfacastelldefels\/wp-content\/uploads\/usu251\/2022\/09\/Benvinguda-curs-22-23-240x300.jpg 240w, https:\/\/agora.xtec.cat\/cfacastelldefels\/wp-content\/uploads\/usu251\/2022\/09\/Benvinguda-curs-22-23-819x1024.jpg 819w, https:\/\/agora.xtec.cat\/cfacastelldefels\/wp-content\/uploads\/usu251\/2022\/09\/Benvinguda-curs-22-23-768x960.jpg 768w, https:\/\/agora.xtec.cat\/cfacastelldefels\/wp-content\/uploads\/usu251\/2022\/09\/Benvinguda-curs-22-23-1229x1536.jpg 1229w, https:\/\/agora.xtec.cat\/cfacastelldefels\/wp-content\/uploads\/usu251\/2022\/09\/Benvinguda-curs-22-23-1638x2048.jpg 1638w, https:\/\/agora.xtec.cat\/cfacastelldefels\/wp-content\/uploads\/usu251\/2022\/09\/Benvinguda-curs-22-23-scaled.jpg 2048w\" sizes=\"auto, (max-width: 162px) 100vw, 162px\" \/><\/a><\/p>\n","protected":false},"excerpt":{"rendered":"<p>Dilluns s\u2019inicia un nou curs al CFA Castelldefels. L\u2019inici d\u2019un curs diferent, de normalitat, d\u2019obertura, de comprom\u00eds, de prud\u00e8ncia, de treball, de perseveran\u00e7a, acompanyat d\u2019unes ganes i il\u00b7lusi\u00f3 que ens esperonen a continuar endavant, sempre endavant. Aquest \u00e9s el fonament principal de la formaci\u00f3 al llarg de la vida: un projecte de vida que sempre [&hellip;]<\/p>\n","protected":false},"author":1,"featured_media":0,"comment_status":"open","ping_status":"closed","sticky":false,"template":"","format":"standard","meta":{"_bbp_topic_count":0,"_bbp_reply_count":0,"_bbp_total_topic_count":0,"_bbp_total_reply_count":0,"_bbp_voice_count":0,"_bbp_anonymous_reply_count":0,"_bbp_topic_count_hidden":0,"_bbp_reply_count_hidden":0,"_bbp_forum_subforum_count":0,"site-sidebar-layout":"default","site-content-layout":"","ast-site-content-layout":"","site-content-style":"default","site-sidebar-style":"default","ast-global-header-display":"","ast-banner-title-visibility":"","ast-main-header-display":"","ast-hfb-above-header-display":"","ast-hfb-below-header-display":"","ast-hfb-mobile-header-display":"","site-post-title":"","ast-breadcrumbs-content":"","ast-featured-img":"","footer-sml-layout":"","theme-transparent-header-meta":"","adv-header-id-meta":"","stick-header-meta":"","header-above-stick-meta":"","header-main-stick-meta":"","header-below-stick-meta":"","astra-migrate-meta-layouts":"default","ast-page-background-enabled":"default","ast-page-background-meta":{"desktop":{"background-color":"var(--ast-global-color-4)","background-image":"","background-repeat":"repeat","background-position":"center center","background-size":"auto","background-attachment":"scroll","background-type":"","background-media":"","overlay-type":"","overlay-color":"","overlay-opacity":"","overlay-gradient":""},"tablet":{"background-color":"","background-image":"","background-repeat":"repeat","background-position":"center center","background-size":"auto","background-attachment":"scroll","background-type":"","background-media":"","overlay-type":"","overlay-color":"","overlay-opacity":"","overlay-gradient":""},"mobile":{"background-color":"","background-image":"","background-repeat":"repeat","background-position":"center center","background-size":"auto","background-attachment":"scroll","background-type":"","background-media":"","overlay-type":"","overlay-color":"","overlay-opacity":"","overlay-gradient":""}},"ast-content-background-meta":{"desktop":{"background-color":"var(--ast-global-color-5)","background-image":"","background-repeat":"repeat","background-position":"center center","background-size":"auto","background-attachment":"scroll","background-type":"","background-media":"","overlay-type":"","overlay-color":"","overlay-opacity":"","overlay-gradient":""},"tablet":{"background-color":"var(--ast-global-color-5)","background-image":"","background-repeat":"repeat","background-position":"center center","background-size":"auto","background-attachment":"scroll","background-type":"","background-media":"","overlay-type":"","overlay-color":"","overlay-opacity":"","overlay-gradient":""},"mobile":{"background-color":"var(--ast-global-color-5)","background-image":"","background-repeat":"repeat","background-position":"center center","background-size":"auto","background-attachment":"scroll","background-type":"","background-media":"","overlay-type":"","overlay-color":"","overlay-opacity":"","overlay-gradient":""}},"footnotes":""},"categories":[1,29],"tags":[],"class_list":["post-3561","post","type-post","status-publish","format-standard","hentry","category-general","category-portada"],"post_mailing_queue_ids":[],"_links":{"self":[{"href":"https:\/\/agora.xtec.cat\/cfacastelldefels\/wp-json\/wp\/v2\/posts\/3561","targetHints":{"allow":["GET"]}}],"collection":[{"href":"https:\/\/agora.xtec.cat\/cfacastelldefels\/wp-json\/wp\/v2\/posts"}],"about":[{"href":"https:\/\/agora.xtec.cat\/cfacastelldefels\/wp-json\/wp\/v2\/types\/post"}],"author":[{"embeddable":true,"href":"https:\/\/agora.xtec.cat\/cfacastelldefels\/wp-json\/wp\/v2\/users\/1"}],"replies":[{"embeddable":true,"href":"https:\/\/agora.xtec.cat\/cfacastelldefels\/wp-json\/wp\/v2\/comments?post=3561"}],"version-history":[{"count":4,"href":"https:\/\/agora.xtec.cat\/cfacastelldefels\/wp-json\/wp\/v2\/posts\/3561\/revisions"}],"predecessor-version":[{"id":3567,"href":"https:\/\/agora.xtec.cat\/cfacastelldefels\/wp-json\/wp\/v2\/posts\/3561\/revisions\/3567"}],"wp:attachment":[{"href":"https:\/\/agora.xtec.cat\/cfacastelldefels\/wp-json\/wp\/v2\/media?parent=3561"}],"wp:term":[{"taxonomy":"category","embeddable":true,"href":"https:\/\/agora.xtec.cat\/cfacastelldefels\/wp-json\/wp\/v2\/categories?post=3561"},{"taxonomy":"post_tag","embeddable":true,"href":"https:\/\/agora.xtec.cat\/cfacastelldefels\/wp-json\/wp\/v2\/tags?post=3561"}],"curies":[{"name":"wp","href":"https:\/\/api.w.org\/{rel}","templated":true}]}}