{"id":3414,"date":"2022-07-15T14:00:39","date_gmt":"2022-07-15T12:00:39","guid":{"rendered":"https:\/\/agora.xtec.cat\/cfacastelldefels\/?p=3414"},"modified":"2022-09-02T13:51:24","modified_gmt":"2022-09-02T11:51:24","slug":"matricula-curs-2022-2023","status":"publish","type":"post","link":"https:\/\/agora.xtec.cat\/cfacastelldefels\/general\/matricula-curs-2022-2023\/","title":{"rendered":"Matr\u00edcula curs 2022-2023"},"content":{"rendered":"<header class=\"entry-header\">\n<div class=\"edit-link\"><span class=\"entry-date\">15\/07\/2022<\/span><\/div>\n<div class=\"edit-link\"><span class=\"entry-date\">\u00a0\u00a0<\/span><\/div>\n<\/header>\n<div class=\"entry-summary\">\n<p>Matr\u00edcula del curs 2022-2023<\/p>\n<p><strong>L&#8217;alumnat amb reserva<\/strong> pot assistir a classe directament. L&#8217;inici de les classes \u00e9s el 19 de setembre. Consulta els <a href=\"https:\/\/agora.xtec.cat\/cfacastelldefels\/wp-content\/uploads\/usu251\/2022\/08\/HORARI-PER-CURSOS-2022-2023-CFA-CASTELLDEFELS-1.pdf\" target=\"_blank\" rel=\"noopener\">horaris del curs 22-23<\/a>.<\/p>\n<p><strong>Els alumnes admesos<\/strong> a preinscripci\u00f3 cal que tramitin la matr\u00edcula:<\/p>\n<ul>\n<li>Els matins de 10:30 a 13h: divendres 2, dimarts 6 i dijous 8 de setembre.<\/li>\n<li>Les tardes de 17:00 a 19:30h: dilluns 5 i dimecres 7 de setembre.<\/li>\n<\/ul>\n<p><strong>Els alumnes en llista d&#8217;espera<\/strong>: trucar el dilluns 12 de setembre entre 16 i 20h.<\/p>\n<p><strong>L&#8217;alumnat que no ha fet preinscripci\u00f3<\/strong>, apuntar-se a la llsta d&#8217;espera a partir del 2 de setembre, a consergeria. Si hi ha pla\u00e7a en l&#8217;ensenyament escollit, quan us truquin haureu de portar original i fotoc\u00f2pia del DNI\/NIE\/Passaport i de la tarja sanit\u00e0ria, m\u00e9s una foto actual mida carnet. L&#8217;alumnat de GES i Prov\u00e9s d&#8217;acc\u00e9s cal que porti el certificat de notes. Si l\u2019adre\u00e7a que figura a la vostra documentaci\u00f3 no \u00e9s l\u2019actual, cal el certificat d\u2019empadronament. Es matricular\u00e0 si hi ha vacant.<\/p>\n<p>La <strong>prova de nivell de l&#8217;alumnat de GES matriculat<\/strong> \u00e9s el dimarts 13 de setembre a les 10h.<\/p>\n<p>La <strong>matr\u00edcula de l&#8217;alumnat de IOC GES a dist\u00e0ncia<\/strong> \u00e9s del al web del IOC. Del 5 al 8 hi ha entrevistes personals per confirmar matr\u00edcula. Cal demanar hora.<\/p>\n<p><a href=\"https:\/\/agora.xtec.cat\/cfacastelldefels\/wp-content\/uploads\/usu251\/2022\/07\/ASSIGNACIONS-22_23.pdf\" target=\"_blank\" rel=\"noopener\">Alumnes assignats per cursos<\/a><\/p>\n<p><a href=\"https:\/\/agora.xtec.cat\/cfacastelldefels\/wp-content\/uploads\/usu251\/2022\/07\/LLISTA-DESPERA-22_23.pdf\" target=\"_blank\" rel=\"noopener\">Llista d&#8217;espera<\/a><\/p>\n<p><a href=\"https:\/\/agora.xtec.cat\/cfacastelldefels\/wp-content\/uploads\/usu251\/2022\/07\/ALUMNES-ASSIGNATS-22_23.pdf\" target=\"_blank\" rel=\"noopener\">Llista d&#8217;admesos per nom<\/a><\/p>\n<\/div>\n<div class=\"entry-summary\">\n<div class=\"container-wrapper-genially\">\n<div id=\"60f13d39c8f5860dda443508\" class=\"genially-embed\">\n<div class=\"provider-container\" data-view-id=\"6RejDipPM2HzZgG-URgSM\">\n<div class=\"router-container\" data-genially-name=\"genially\">\n<div class=\"pre-container\">\n<div class=\"genially-view-navigation-actions-container genially-view-without-option-button genially-view-no-in-autopagination-and-without-option-button genially-view-mono-slide-horizontal\">\n<div id=\"all-genially-view-navigation-actions-60f13d39c8f5860dda443508\" class=\"genially-view-navigation-actions\">\n<div class=\"Wrapper-sc-5vvvtp\">\n<div class=\"ChildrenWrapper-sc-f9ikke eQcmVi\" tabindex=\"0\">\n<div class=\"genially-view-icon\" role=\"button\"><a href=\"https:\/\/agora.xtec.cat\/cfacastelldefels\/wp-content\/uploads\/usu251\/2022\/07\/Matricula-setembre-22-23.jpg\"><img loading=\"lazy\" decoding=\"async\" class=\"wp-image-3418 alignleft\" src=\"https:\/\/agora.xtec.cat\/cfacastelldefels\/wp-content\/uploads\/usu251\/2022\/07\/Matricula-setembre-22-23-300x164.jpg\" alt=\"\" width=\"503\" height=\"275\" srcset=\"https:\/\/agora.xtec.cat\/cfacastelldefels\/wp-content\/uploads\/usu251\/2022\/07\/Matricula-setembre-22-23-300x164.jpg 300w, https:\/\/agora.xtec.cat\/cfacastelldefels\/wp-content\/uploads\/usu251\/2022\/07\/Matricula-setembre-22-23-1024x559.jpg 1024w, https:\/\/agora.xtec.cat\/cfacastelldefels\/wp-content\/uploads\/usu251\/2022\/07\/Matricula-setembre-22-23-768x419.jpg 768w, https:\/\/agora.xtec.cat\/cfacastelldefels\/wp-content\/uploads\/usu251\/2022\/07\/Matricula-setembre-22-23.jpg 1280w\" sizes=\"auto, (max-width: 503px) 100vw, 503px\" \/><\/a><\/div>\n<\/div>\n<\/div>\n<\/div>\n<\/div>\n<\/div>\n<\/div>\n<\/div>\n<\/div>\n<\/div>\n<\/div>\n","protected":false},"excerpt":{"rendered":"<p>15\/07\/2022 \u00a0\u00a0 Matr\u00edcula del curs 2022-2023 L&#8217;alumnat amb reserva pot assistir a classe directament. L&#8217;inici de les classes \u00e9s el 19 de setembre. Consulta els horaris del curs 22-23. Els alumnes admesos a preinscripci\u00f3 cal que tramitin la matr\u00edcula: Els matins de 10:30 a 13h: divendres 2, dimarts 6 i dijous 8 de setembre. Les [&hellip;]<\/p>\n","protected":false},"author":1,"featured_media":0,"comment_status":"open","ping_status":"closed","sticky":false,"template":"","format":"standard","meta":{"_bbp_topic_count":0,"_bbp_reply_count":0,"_bbp_total_topic_count":0,"_bbp_total_reply_count":0,"_bbp_voice_count":0,"_bbp_anonymous_reply_count":0,"_bbp_topic_count_hidden":0,"_bbp_reply_count_hidden":0,"_bbp_forum_subforum_count":0,"site-sidebar-layout":"default","site-content-layout":"","ast-site-content-layout":"","site-content-style":"default","site-sidebar-style":"default","ast-global-header-display":"","ast-banner-title-visibility":"","ast-main-header-display":"","ast-hfb-above-header-display":"","ast-hfb-below-header-display":"","ast-hfb-mobile-header-display":"","site-post-title":"","ast-breadcrumbs-content":"","ast-featured-img":"","footer-sml-layout":"","theme-transparent-header-meta":"","adv-header-id-meta":"","stick-header-meta":"","header-above-stick-meta":"","header-main-stick-meta":"","header-below-stick-meta":"","astra-migrate-meta-layouts":"default","ast-page-background-enabled":"default","ast-page-background-meta":{"desktop":{"background-color":"var(--ast-global-color-4)","background-image":"","background-repeat":"repeat","background-position":"center center","background-size":"auto","background-attachment":"scroll","background-type":"","background-media":"","overlay-type":"","overlay-color":"","overlay-opacity":"","overlay-gradient":""},"tablet":{"background-color":"","background-image":"","background-repeat":"repeat","background-position":"center center","background-size":"auto","background-attachment":"scroll","background-type":"","background-media":"","overlay-type":"","overlay-color":"","overlay-opacity":"","overlay-gradient":""},"mobile":{"background-color":"","background-image":"","background-repeat":"repeat","background-position":"center center","background-size":"auto","background-attachment":"scroll","background-type":"","background-media":"","overlay-type":"","overlay-color":"","overlay-opacity":"","overlay-gradient":""}},"ast-content-background-meta":{"desktop":{"background-color":"var(--ast-global-color-5)","background-image":"","background-repeat":"repeat","background-position":"center center","background-size":"auto","background-attachment":"scroll","background-type":"","background-media":"","overlay-type":"","overlay-color":"","overlay-opacity":"","overlay-gradient":""},"tablet":{"background-color":"var(--ast-global-color-5)","background-image":"","background-repeat":"repeat","background-position":"center center","background-size":"auto","background-attachment":"scroll","background-type":"","background-media":"","overlay-type":"","overlay-color":"","overlay-opacity":"","overlay-gradient":""},"mobile":{"background-color":"var(--ast-global-color-5)","background-image":"","background-repeat":"repeat","background-position":"center center","background-size":"auto","background-attachment":"scroll","background-type":"","background-media":"","overlay-type":"","overlay-color":"","overlay-opacity":"","overlay-gradient":""}},"footnotes":""},"categories":[80,1,29],"tags":[],"class_list":["post-3414","post","type-post","status-publish","format-standard","hentry","category-educacio","category-general","category-portada"],"post_mailing_queue_ids":[],"_links":{"self":[{"href":"https:\/\/agora.xtec.cat\/cfacastelldefels\/wp-json\/wp\/v2\/posts\/3414","targetHints":{"allow":["GET"]}}],"collection":[{"href":"https:\/\/agora.xtec.cat\/cfacastelldefels\/wp-json\/wp\/v2\/posts"}],"about":[{"href":"https:\/\/agora.xtec.cat\/cfacastelldefels\/wp-json\/wp\/v2\/types\/post"}],"author":[{"embeddable":true,"href":"https:\/\/agora.xtec.cat\/cfacastelldefels\/wp-json\/wp\/v2\/users\/1"}],"replies":[{"embeddable":true,"href":"https:\/\/agora.xtec.cat\/cfacastelldefels\/wp-json\/wp\/v2\/comments?post=3414"}],"version-history":[{"count":3,"href":"https:\/\/agora.xtec.cat\/cfacastelldefels\/wp-json\/wp\/v2\/posts\/3414\/revisions"}],"predecessor-version":[{"id":3508,"href":"https:\/\/agora.xtec.cat\/cfacastelldefels\/wp-json\/wp\/v2\/posts\/3414\/revisions\/3508"}],"wp:attachment":[{"href":"https:\/\/agora.xtec.cat\/cfacastelldefels\/wp-json\/wp\/v2\/media?parent=3414"}],"wp:term":[{"taxonomy":"category","embeddable":true,"href":"https:\/\/agora.xtec.cat\/cfacastelldefels\/wp-json\/wp\/v2\/categories?post=3414"},{"taxonomy":"post_tag","embeddable":true,"href":"https:\/\/agora.xtec.cat\/cfacastelldefels\/wp-json\/wp\/v2\/tags?post=3414"}],"curies":[{"name":"wp","href":"https:\/\/api.w.org\/{rel}","templated":true}]}}