{"id":3346,"date":"2022-06-29T19:22:28","date_gmt":"2022-06-29T17:22:28","guid":{"rendered":"https:\/\/agora.xtec.cat\/cfacastelldefels\/?p=3346"},"modified":"2022-06-29T19:23:14","modified_gmt":"2022-06-29T17:23:14","slug":"un-comiat","status":"publish","type":"post","link":"https:\/\/agora.xtec.cat\/cfacastelldefels\/general\/un-comiat\/","title":{"rendered":"Un comiat"},"content":{"rendered":"<p>Benvolguda comunitat educativa del CFA Castelldefels<\/p>\n<p>A partir de juliol comen\u00e7o una nova etapa en la vida. Despr\u00e9s de 10 cursos com a director del CFA Castelldefels deixar\u00e9 el c\u00e0rrec i en setembre em jubilar\u00e9. Han passat moltes coses en aquest anys. Us en recordo unes quantes<\/p>\n<ul>\n<li>Es va fer\u00a0 la reforma del centre, amb l&#8217;ajuda i suport de l&#8217;ajuntament, som una ciutat educativa. Ara gaudim d&#8217;unes instal\u00b7lacions envejables<a href=\"https:\/\/agora.xtec.cat\/cfacastelldefels\/wp-content\/uploads\/usu251\/2022\/06\/WIN_20210520_085946.jpg\"><img loading=\"lazy\" decoding=\"async\" class=\"wp-image-3347 alignright\" src=\"https:\/\/agora.xtec.cat\/cfacastelldefels\/wp-content\/uploads\/usu251\/2022\/06\/WIN_20210520_085946-1024x576.jpg\" alt=\"\" width=\"453\" height=\"255\" srcset=\"https:\/\/agora.xtec.cat\/cfacastelldefels\/wp-content\/uploads\/usu251\/2022\/06\/WIN_20210520_085946-1024x576.jpg 1024w, https:\/\/agora.xtec.cat\/cfacastelldefels\/wp-content\/uploads\/usu251\/2022\/06\/WIN_20210520_085946-300x169.jpg 300w, https:\/\/agora.xtec.cat\/cfacastelldefels\/wp-content\/uploads\/usu251\/2022\/06\/WIN_20210520_085946-768x432.jpg 768w, https:\/\/agora.xtec.cat\/cfacastelldefels\/wp-content\/uploads\/usu251\/2022\/06\/WIN_20210520_085946-1536x864.jpg 1536w, https:\/\/agora.xtec.cat\/cfacastelldefels\/wp-content\/uploads\/usu251\/2022\/06\/WIN_20210520_085946.jpg 1920w\" sizes=\"auto, (max-width: 453px) 100vw, 453px\" \/><\/a><\/li>\n<li>Hem completat i ampliat l&#8217;oferta formativa amb els cursos d&#8217;acc\u00e9s a la universitat per majors de 25 i 45 anys, els cursos de franc\u00e8s en tres nivell i el competic avan\u00e7at, que s&#8217;han afegit al que ja oferiem del graduat de secund\u00e0ria, angl\u00e8s, castell\u00e0, catal\u00e0 i preparaci\u00f3 a cicles de grau superior<\/li>\n<li>Hem introduit la formaci\u00f3 semipresencial i a dist\u00e0ncia per facilitar l&#8217;acc\u00e9s al centre per a tothom. En els cursos de Graduat de secund\u00e0ria, GES i competic.<\/li>\n<li>Ha canviat el perfil de l&#8217;alumnat, sempre tenint cura de les tres potes. Formaci\u00f3 al llarg de la vida professinal, millora i actualitzaci\u00f3 de les compet\u00e8ncies professionals, ara aquestes dues majorit\u00e0ries i, formaci\u00f3 per a gent gran, fa 10 cursos majorit\u00e0ria.<\/li>\n<li>Hem equipat el centre amb tots els recursos que podem usar avui en dia en les classes. Siguin pantalles, canons d&#8217;imatges, racons inform\u00e0tics, sala d&#8217;autoformaci\u00f3 o la implantaci\u00f3 de l&#8217;Entorn Virtual d&#8217;Aprenentatge per trencar les barreres f\u00edsiques i temporals.<\/li>\n<li>Una pand\u00e8mia que ens va fer canviar com afrontem la visa, la professi\u00f3 i la manera d&#8217;ensenyar.<\/li>\n<li>Una visualitzaci\u00f3 exterior del centre, amb cartell extern, web oberta a la xarxa, dissweny d&#8217;un logotip, participaci\u00f3 en seminaris transversals de centres en Castelldefels o d&#8217;adults en l&#8217;\u00e0mbit comarcal.<\/li>\n<li>Els nostre cursos d&#8217;idiomes de nivell 3 s\u00f3n passarel\u00b7la per poder atricular-se a una Escola Oficials d&#8217;Idiomes sense haver de fer prova de nivell, tot degut a<\/li>\n<li>Som membres permanents del consell escolar municipal<\/li>\n<\/ul>\n<p>Tot ha estat possible amb\u00a0 un equip professional\u00a0 dels quals, hi ha que ja va deixar el centre i, d&#8217;altres que continuaran\u00a0 sense els quals no hagu\u00e9s estat posssible tota la feina feta. Un especial record a aquells que han compartit amb mi temps en l&#8217;equip directiu, M\u00aa Teresa, Francesca, Juan Jos\u00e9, Magdalena i Crist\u00f3bal.<\/p>\n<p>Desitgem que el centre al qual hem dedicat una part de la nostra vida professional tingui un gran i ventur\u00f3s esdevenir aix\u00ed com el nou equip docent i directiu.<\/p>\n<p>M Rius<\/p>\n<p>&nbsp;<\/p>\n","protected":false},"excerpt":{"rendered":"<p>Benvolguda comunitat educativa del CFA Castelldefels A partir de juliol comen\u00e7o una nova etapa en la vida. Despr\u00e9s de 10 cursos com a director del CFA Castelldefels deixar\u00e9 el c\u00e0rrec i en setembre em jubilar\u00e9. Han passat moltes coses en aquest anys. Us en recordo unes quantes Es va fer\u00a0 la reforma del centre, amb [&hellip;]<\/p>\n","protected":false},"author":1,"featured_media":0,"comment_status":"closed","ping_status":"closed","sticky":false,"template":"","format":"standard","meta":{"_bbp_topic_count":0,"_bbp_reply_count":0,"_bbp_total_topic_count":0,"_bbp_total_reply_count":0,"_bbp_voice_count":0,"_bbp_anonymous_reply_count":0,"_bbp_topic_count_hidden":0,"_bbp_reply_count_hidden":0,"_bbp_forum_subforum_count":0,"site-sidebar-layout":"default","site-content-layout":"","ast-site-content-layout":"","site-content-style":"default","site-sidebar-style":"default","ast-global-header-display":"","ast-banner-title-visibility":"","ast-main-header-display":"","ast-hfb-above-header-display":"","ast-hfb-below-header-display":"","ast-hfb-mobile-header-display":"","site-post-title":"","ast-breadcrumbs-content":"","ast-featured-img":"","footer-sml-layout":"","theme-transparent-header-meta":"","adv-header-id-meta":"","stick-header-meta":"","header-above-stick-meta":"","header-main-stick-meta":"","header-below-stick-meta":"","astra-migrate-meta-layouts":"default","ast-page-background-enabled":"default","ast-page-background-meta":{"desktop":{"background-color":"var(--ast-global-color-4)","background-image":"","background-repeat":"repeat","background-position":"center center","background-size":"auto","background-attachment":"scroll","background-type":"","background-media":"","overlay-type":"","overlay-color":"","overlay-opacity":"","overlay-gradient":""},"tablet":{"background-color":"","background-image":"","background-repeat":"repeat","background-position":"center center","background-size":"auto","background-attachment":"scroll","background-type":"","background-media":"","overlay-type":"","overlay-color":"","overlay-opacity":"","overlay-gradient":""},"mobile":{"background-color":"","background-image":"","background-repeat":"repeat","background-position":"center center","background-size":"auto","background-attachment":"scroll","background-type":"","background-media":"","overlay-type":"","overlay-color":"","overlay-opacity":"","overlay-gradient":""}},"ast-content-background-meta":{"desktop":{"background-color":"var(--ast-global-color-5)","background-image":"","background-repeat":"repeat","background-position":"center center","background-size":"auto","background-attachment":"scroll","background-type":"","background-media":"","overlay-type":"","overlay-color":"","overlay-opacity":"","overlay-gradient":""},"tablet":{"background-color":"var(--ast-global-color-5)","background-image":"","background-repeat":"repeat","background-position":"center center","background-size":"auto","background-attachment":"scroll","background-type":"","background-media":"","overlay-type":"","overlay-color":"","overlay-opacity":"","overlay-gradient":""},"mobile":{"background-color":"var(--ast-global-color-5)","background-image":"","background-repeat":"repeat","background-position":"center center","background-size":"auto","background-attachment":"scroll","background-type":"","background-media":"","overlay-type":"","overlay-color":"","overlay-opacity":"","overlay-gradient":""}},"footnotes":""},"categories":[80,1,86,29],"tags":[57,161,119],"class_list":["post-3346","post","type-post","status-publish","format-standard","hentry","category-educacio","category-general","category-muralla-digital-revista","category-portada","tag-centre","tag-selv","tag-xarxa"],"post_mailing_queue_ids":[],"_links":{"self":[{"href":"https:\/\/agora.xtec.cat\/cfacastelldefels\/wp-json\/wp\/v2\/posts\/3346","targetHints":{"allow":["GET"]}}],"collection":[{"href":"https:\/\/agora.xtec.cat\/cfacastelldefels\/wp-json\/wp\/v2\/posts"}],"about":[{"href":"https:\/\/agora.xtec.cat\/cfacastelldefels\/wp-json\/wp\/v2\/types\/post"}],"author":[{"embeddable":true,"href":"https:\/\/agora.xtec.cat\/cfacastelldefels\/wp-json\/wp\/v2\/users\/1"}],"replies":[{"embeddable":true,"href":"https:\/\/agora.xtec.cat\/cfacastelldefels\/wp-json\/wp\/v2\/comments?post=3346"}],"version-history":[{"count":3,"href":"https:\/\/agora.xtec.cat\/cfacastelldefels\/wp-json\/wp\/v2\/posts\/3346\/revisions"}],"predecessor-version":[{"id":3351,"href":"https:\/\/agora.xtec.cat\/cfacastelldefels\/wp-json\/wp\/v2\/posts\/3346\/revisions\/3351"}],"wp:attachment":[{"href":"https:\/\/agora.xtec.cat\/cfacastelldefels\/wp-json\/wp\/v2\/media?parent=3346"}],"wp:term":[{"taxonomy":"category","embeddable":true,"href":"https:\/\/agora.xtec.cat\/cfacastelldefels\/wp-json\/wp\/v2\/categories?post=3346"},{"taxonomy":"post_tag","embeddable":true,"href":"https:\/\/agora.xtec.cat\/cfacastelldefels\/wp-json\/wp\/v2\/tags?post=3346"}],"curies":[{"name":"wp","href":"https:\/\/api.w.org\/{rel}","templated":true}]}}