{"id":3307,"date":"2022-05-16T19:52:39","date_gmt":"2022-05-16T17:52:39","guid":{"rendered":"https:\/\/agora.xtec.cat\/cfacastelldefels\/?p=3307"},"modified":"2022-05-31T13:02:56","modified_gmt":"2022-05-31T11:02:56","slug":"17-de-maig-dia-internacional-contra-la-lgtbifobia","status":"publish","type":"post","link":"https:\/\/agora.xtec.cat\/cfacastelldefels\/general\/17-de-maig-dia-internacional-contra-la-lgtbifobia\/","title":{"rendered":"17 de maig, Dia Internacional contra la LGTBIf\u00f2bia"},"content":{"rendered":"<p><strong>L\u2019Assemblea General de l\u2019Organitzaci\u00f3 Mundial de la Salut (OMS), el 17 de maig de 1990 va eliminar l\u2019homosexualitat femenina i masculina de la llista de malalties mentals. I des del 2004 en aquesta data es celebra el Dia Internacional contra la LGTBIf\u00f2bia.<\/strong><\/p>\n<p><strong>A m\u00e9s, l\u2019any 2014 es va aprovar a Catalunya la Llei 11\/2014 del 10 d\u2019octubre, per garantir els drets de lesbianes, gais, bisexuals, transg\u00e8neres i intersexuals i per erradicar l\u2019homof\u00f2bia, la bif\u00f2bia i la transf\u00f2bia.<\/strong><\/p>\n<p><strong>Malgrat el progr\u00e9s assolit en alguns pa\u00efsos, les persones LGTBI continuen enfrontant-se a grans desigualtats i alts nivells de viol\u00e8ncia.<\/strong><\/p>\n<p><strong>Segons dades recollides per l\u2019OHC (Observatori contra l\u2019Homof\u00f2bia), la visibilitat del col\u00b7lectiu ha crescut, per\u00f2 tamb\u00e9 ho ha fet la discriminaci\u00f3 que pateixen les persones per motius d\u2019orientaci\u00f3 sexual, identitat i\/o expressi\u00f3 de g\u00e8nere.<\/strong><\/p>\n<p><strong>Es considera que la tend\u00e8ncia a l\u2019al\u00e7a est\u00e0 directament relacionada amb l\u2019augment de discursos d\u2019odi dels \u00faltims anys, els quals estan tensant la societat fins al punt que algunes persones es veuen legitimades a discriminar, menys prear, insultar i fins i tot agredir f\u00edsicament la persona que \u00e9s diferent o que, segons la seva visi\u00f3, surt o no compleix la norma.<\/strong><\/p>\n<p><strong>\u00c9s per aix\u00f2 que cal educar, sensibilitzar i transformar des de casa, l\u2019escola el sistema sanitari, judicial o els mitjans de comunicaci\u00f3 que la diversitat afectivo-sexual i de g\u00e8nere \u00e9s una realitat.<\/strong><\/p>\n<p><img decoding=\"async\" class=\"aligncenter\" src=\"https:\/\/agora.xtec.cat\/cfacastelldefels\/wp-content\/uploads\/usu251\/2022\/05\/Tinte-de-la-bandera-del-dia-del-orgullo-con-fondo-de-personas-_-Vector-Premium.jpg\" \/><\/p>\n","protected":false},"excerpt":{"rendered":"<p>L\u2019Assemblea General de l\u2019Organitzaci\u00f3 Mundial de la Salut (OMS), el 17 de maig de 1990 va eliminar l\u2019homosexualitat femenina i masculina de la llista de malalties mentals. I des del 2004 en aquesta data es celebra el Dia Internacional contra la LGTBIf\u00f2bia. A m\u00e9s, l\u2019any 2014 es va aprovar a Catalunya la Llei 11\/2014 del [&hellip;]<\/p>\n","protected":false},"author":12,"featured_media":3304,"comment_status":"open","ping_status":"closed","sticky":false,"template":"","format":"standard","meta":{"_bbp_topic_count":0,"_bbp_reply_count":0,"_bbp_total_topic_count":0,"_bbp_total_reply_count":0,"_bbp_voice_count":0,"_bbp_anonymous_reply_count":0,"_bbp_topic_count_hidden":0,"_bbp_reply_count_hidden":0,"_bbp_forum_subforum_count":0,"site-sidebar-layout":"default","site-content-layout":"","ast-site-content-layout":"","site-content-style":"default","site-sidebar-style":"default","ast-global-header-display":"","ast-banner-title-visibility":"","ast-main-header-display":"","ast-hfb-above-header-display":"","ast-hfb-below-header-display":"","ast-hfb-mobile-header-display":"","site-post-title":"","ast-breadcrumbs-content":"","ast-featured-img":"","footer-sml-layout":"","theme-transparent-header-meta":"","adv-header-id-meta":"","stick-header-meta":"","header-above-stick-meta":"","header-main-stick-meta":"","header-below-stick-meta":"","astra-migrate-meta-layouts":"default","ast-page-background-enabled":"default","ast-page-background-meta":{"desktop":{"background-color":"var(--ast-global-color-4)","background-image":"","background-repeat":"repeat","background-position":"center center","background-size":"auto","background-attachment":"scroll","background-type":"","background-media":"","overlay-type":"","overlay-color":"","overlay-opacity":"","overlay-gradient":""},"tablet":{"background-color":"","background-image":"","background-repeat":"repeat","background-position":"center center","background-size":"auto","background-attachment":"scroll","background-type":"","background-media":"","overlay-type":"","overlay-color":"","overlay-opacity":"","overlay-gradient":""},"mobile":{"background-color":"","background-image":"","background-repeat":"repeat","background-position":"center center","background-size":"auto","background-attachment":"scroll","background-type":"","background-media":"","overlay-type":"","overlay-color":"","overlay-opacity":"","overlay-gradient":""}},"ast-content-background-meta":{"desktop":{"background-color":"var(--ast-global-color-5)","background-image":"","background-repeat":"repeat","background-position":"center center","background-size":"auto","background-attachment":"scroll","background-type":"","background-media":"","overlay-type":"","overlay-color":"","overlay-opacity":"","overlay-gradient":""},"tablet":{"background-color":"var(--ast-global-color-5)","background-image":"","background-repeat":"repeat","background-position":"center center","background-size":"auto","background-attachment":"scroll","background-type":"","background-media":"","overlay-type":"","overlay-color":"","overlay-opacity":"","overlay-gradient":""},"mobile":{"background-color":"var(--ast-global-color-5)","background-image":"","background-repeat":"repeat","background-position":"center center","background-size":"auto","background-attachment":"scroll","background-type":"","background-media":"","overlay-type":"","overlay-color":"","overlay-opacity":"","overlay-gradient":""}},"footnotes":""},"categories":[1,86,29],"tags":[],"class_list":["post-3307","post","type-post","status-publish","format-standard","has-post-thumbnail","hentry","category-general","category-muralla-digital-revista","category-portada"],"post_mailing_queue_ids":[],"_links":{"self":[{"href":"https:\/\/agora.xtec.cat\/cfacastelldefels\/wp-json\/wp\/v2\/posts\/3307","targetHints":{"allow":["GET"]}}],"collection":[{"href":"https:\/\/agora.xtec.cat\/cfacastelldefels\/wp-json\/wp\/v2\/posts"}],"about":[{"href":"https:\/\/agora.xtec.cat\/cfacastelldefels\/wp-json\/wp\/v2\/types\/post"}],"author":[{"embeddable":true,"href":"https:\/\/agora.xtec.cat\/cfacastelldefels\/wp-json\/wp\/v2\/users\/12"}],"replies":[{"embeddable":true,"href":"https:\/\/agora.xtec.cat\/cfacastelldefels\/wp-json\/wp\/v2\/comments?post=3307"}],"version-history":[{"count":4,"href":"https:\/\/agora.xtec.cat\/cfacastelldefels\/wp-json\/wp\/v2\/posts\/3307\/revisions"}],"predecessor-version":[{"id":3329,"href":"https:\/\/agora.xtec.cat\/cfacastelldefels\/wp-json\/wp\/v2\/posts\/3307\/revisions\/3329"}],"wp:featuredmedia":[{"embeddable":true,"href":"https:\/\/agora.xtec.cat\/cfacastelldefels\/wp-json\/wp\/v2\/media\/3304"}],"wp:attachment":[{"href":"https:\/\/agora.xtec.cat\/cfacastelldefels\/wp-json\/wp\/v2\/media?parent=3307"}],"wp:term":[{"taxonomy":"category","embeddable":true,"href":"https:\/\/agora.xtec.cat\/cfacastelldefels\/wp-json\/wp\/v2\/categories?post=3307"},{"taxonomy":"post_tag","embeddable":true,"href":"https:\/\/agora.xtec.cat\/cfacastelldefels\/wp-json\/wp\/v2\/tags?post=3307"}],"curies":[{"name":"wp","href":"https:\/\/api.w.org\/{rel}","templated":true}]}}