{"id":3102,"date":"2021-07-16T10:50:10","date_gmt":"2021-07-16T08:50:10","guid":{"rendered":"https:\/\/agora.xtec.cat\/cfacastelldefels\/?p=3102"},"modified":"2021-09-13T18:44:02","modified_gmt":"2021-09-13T16:44:02","slug":"matricula-curs-2021-2022","status":"publish","type":"post","link":"https:\/\/agora.xtec.cat\/cfacastelldefels\/general\/matricula-curs-2021-2022\/","title":{"rendered":"Matr\u00edcula curs 2021-2022"},"content":{"rendered":"<p>Matr\u00edcula del curs 2020-2021 Normes covid per gestionar la matr\u00edcula. Places limitades en funci\u00f3 de les dist\u00e0ncies de seguretat.<\/p>\n<p><strong>Alumnat amb reserva<\/strong> s&#8217;ha de confirmar\u00a0 per correu electr\u00f2nic a8055051@gmail.com indicant nom i cognoms, curs, nivell i torn en el qual es confirma, o passar pel centre i omplir formulari.<\/p>\n<p><strong>Alumnes admesos<\/strong> a preinscripci\u00f3 cal tramitar matr\u00edcula.<\/p>\n<p>Matins de 10:30 a 13 (\u00faltima entrada 10 minuts abans)\u00a0 divendres 3, dimarts 7 dijous 9, divendres 10 nom\u00e9s llista espera<\/p>\n<p>Tardes de 17:00 a 19:30\u00a0 (\u00faltima entrada 10 minuts abans)\u00a0\u00a0 dijous 2, dilluns 5, dimecres 8.<\/p>\n<p><strong>Alumnat que no ha fet preinscripci\u00f3<\/strong>, demanar cita pr\u00e8via a partir del 2 de setembre. Per demanar hora podeu fer-ho per tel\u00e8fon al 936641884 o passeu per consergeria. Haureu de portar original i fotoc\u00f2pia del DNI\/NIE\/Passaport i de la tarja sanit\u00e0ria, m\u00e9s una foto actual mida carnet. Alumnat de GES i Acc\u00e9s certificat de notes. Si l&#8217;adre\u00e7a que figura a la vostra documentaci\u00f3 no \u00e9s l&#8217;actual, certificat d&#8217;empadronament. Es matricular\u00e0 si hi ha vacant.<\/p>\n<p>Dijous 16 de setembre prova de nivell GES alumnes matriculats<br \/>\nALUMNAT IOC GES a dist\u00e0ncia del 2 al 8 automatr\u00edcula al web. Del 6 al 9 entrevistes personals per confirmar matr\u00edcula. Cal demanar hora<\/p>\n<p><a href=\"https:\/\/drive.google.com\/file\/d\/1pq3IOLRbDi97YImjgU1kv6vuvMZ0-9fK\/view?usp=sharing\" target=\"_blank\" rel=\"noopener noreferrer\">Llistes admesos per cursos\u00a0\u00a0\u00a0<\/a>\u00a0\u00a0\u00a0\u00a0\u00a0\u00a0\u00a0\u00a0\u00a0\u00a0\u00a0\u00a0\u00a0\u00a0\u00a0\u00a0\u00a0\u00a0\u00a0\u00a0\u00a0\u00a0\u00a0\u00a0\u00a0\u00a0\u00a0\u00a0\u00a0\u00a0\u00a0\u00a0\u00a0\u00a0\u00a0<a href=\"https:\/\/drive.google.com\/file\/d\/1dDRBboKU12uyvVLzdqrUDeb1lnqwQIOD\/view?usp=sharing\" target=\"_blank\" rel=\"noopener noreferrer\"> llista d&#8217;espera\u00a0<\/a>\u00a0\u00a0\u00a0\u00a0\u00a0\u00a0\u00a0\u00a0\u00a0\u00a0\u00a0\u00a0\u00a0\u00a0\u00a0\u00a0\u00a0\u00a0\u00a0\u00a0\u00a0\u00a0\u00a0\u00a0\u00a0\u00a0\u00a0\u00a0\u00a0\u00a0\u00a0\u00a0\u00a0\u00a0\u00a0\u00a0<a href=\"https:\/\/drive.google.com\/file\/d\/1DEi8EEpnXwQjO3JAXjIkqFu3QphUJdnY\/view?usp=sharing\" target=\"_blank\" rel=\"noopener noreferrer\"> Llista admesos per nom<\/a><\/p>\n<div class=\"container-wrapper-genially\" style=\"position: relative; min-height: 400px; max-width: 100%;\">\n<p><video class=\"loader-genially\" style=\"position: absolute; top: 45%; left: 50%; transform: translate(-50%, -50%); width: 80px; height: 80px; margin-bottom: 10%;\" autoplay=\"autoplay\" loop=\"loop\" muted=\"muted\" width=\"300\" height=\"150\"><source src=\"https:\/\/static.genial.ly\/resources\/panel-loader-low.mp4\" type=\"video\/mp4\" \/>Your browser does not support the video tag.<\/video><\/p>\n<div id=\"60f13d39c8f5860dda443508\" class=\"genially-embed\" style=\"margin: 0px auto; position: relative; height: auto; width: 100%;\"><\/div>\n<\/div>\n<p><script>(function (d) { var js, id = \"genially-embed-js\", ref = d.getElementsByTagName(\"script\")[0]; if (d.getElementById(id)) { return; } js = d.createElement(\"script\"); js.id = id; js.async = true; js.src = \"https:\/\/view.genial.ly\/static\/embed\/embed.js\"; ref.parentNode.insertBefore(js, ref); }(document));<\/script><\/p>\n<p>Recordeu que cal portar mascareta i el propi bol\u00edgraf<\/p>\n<p>&nbsp;<\/p>\n<p>&nbsp;<\/p>\n","protected":false},"excerpt":{"rendered":"<p>Matr\u00edcula del curs 2020-2021 Normes covid per gestionar la matr\u00edcula. Places limitades en funci\u00f3 de les dist\u00e0ncies de seguretat. Alumnat amb reserva s&#8217;ha de confirmar\u00a0 per correu electr\u00f2nic a8055051@gmail.com indicant nom i cognoms, curs, nivell i torn en el qual es confirma, o passar pel centre i omplir formulari. Alumnes admesos a preinscripci\u00f3 cal tramitar [&hellip;]<\/p>\n","protected":false},"author":1,"featured_media":0,"comment_status":"closed","ping_status":"closed","sticky":false,"template":"","format":"standard","meta":{"_bbp_topic_count":0,"_bbp_reply_count":0,"_bbp_total_topic_count":0,"_bbp_total_reply_count":0,"_bbp_voice_count":0,"_bbp_anonymous_reply_count":0,"_bbp_topic_count_hidden":0,"_bbp_reply_count_hidden":0,"_bbp_forum_subforum_count":0,"site-sidebar-layout":"default","site-content-layout":"","ast-site-content-layout":"","site-content-style":"default","site-sidebar-style":"default","ast-global-header-display":"","ast-banner-title-visibility":"","ast-main-header-display":"","ast-hfb-above-header-display":"","ast-hfb-below-header-display":"","ast-hfb-mobile-header-display":"","site-post-title":"","ast-breadcrumbs-content":"","ast-featured-img":"","footer-sml-layout":"","theme-transparent-header-meta":"","adv-header-id-meta":"","stick-header-meta":"","header-above-stick-meta":"","header-main-stick-meta":"","header-below-stick-meta":"","astra-migrate-meta-layouts":"default","ast-page-background-enabled":"default","ast-page-background-meta":{"desktop":{"background-color":"var(--ast-global-color-4)","background-image":"","background-repeat":"repeat","background-position":"center center","background-size":"auto","background-attachment":"scroll","background-type":"","background-media":"","overlay-type":"","overlay-color":"","overlay-opacity":"","overlay-gradient":""},"tablet":{"background-color":"","background-image":"","background-repeat":"repeat","background-position":"center center","background-size":"auto","background-attachment":"scroll","background-type":"","background-media":"","overlay-type":"","overlay-color":"","overlay-opacity":"","overlay-gradient":""},"mobile":{"background-color":"","background-image":"","background-repeat":"repeat","background-position":"center center","background-size":"auto","background-attachment":"scroll","background-type":"","background-media":"","overlay-type":"","overlay-color":"","overlay-opacity":"","overlay-gradient":""}},"ast-content-background-meta":{"desktop":{"background-color":"var(--ast-global-color-5)","background-image":"","background-repeat":"repeat","background-position":"center center","background-size":"auto","background-attachment":"scroll","background-type":"","background-media":"","overlay-type":"","overlay-color":"","overlay-opacity":"","overlay-gradient":""},"tablet":{"background-color":"var(--ast-global-color-5)","background-image":"","background-repeat":"repeat","background-position":"center center","background-size":"auto","background-attachment":"scroll","background-type":"","background-media":"","overlay-type":"","overlay-color":"","overlay-opacity":"","overlay-gradient":""},"mobile":{"background-color":"var(--ast-global-color-5)","background-image":"","background-repeat":"repeat","background-position":"center center","background-size":"auto","background-attachment":"scroll","background-type":"","background-media":"","overlay-type":"","overlay-color":"","overlay-opacity":"","overlay-gradient":""}},"footnotes":""},"categories":[80,1,86,29],"tags":[56,66,125],"class_list":["post-3102","post","type-post","status-publish","format-standard","hentry","category-educacio","category-general","category-muralla-digital-revista","category-portada","tag-informacio","tag-matricula","tag-transversal"],"post_mailing_queue_ids":[],"_links":{"self":[{"href":"https:\/\/agora.xtec.cat\/cfacastelldefels\/wp-json\/wp\/v2\/posts\/3102","targetHints":{"allow":["GET"]}}],"collection":[{"href":"https:\/\/agora.xtec.cat\/cfacastelldefels\/wp-json\/wp\/v2\/posts"}],"about":[{"href":"https:\/\/agora.xtec.cat\/cfacastelldefels\/wp-json\/wp\/v2\/types\/post"}],"author":[{"embeddable":true,"href":"https:\/\/agora.xtec.cat\/cfacastelldefels\/wp-json\/wp\/v2\/users\/1"}],"replies":[{"embeddable":true,"href":"https:\/\/agora.xtec.cat\/cfacastelldefels\/wp-json\/wp\/v2\/comments?post=3102"}],"version-history":[{"count":3,"href":"https:\/\/agora.xtec.cat\/cfacastelldefels\/wp-json\/wp\/v2\/posts\/3102\/revisions"}],"predecessor-version":[{"id":3120,"href":"https:\/\/agora.xtec.cat\/cfacastelldefels\/wp-json\/wp\/v2\/posts\/3102\/revisions\/3120"}],"wp:attachment":[{"href":"https:\/\/agora.xtec.cat\/cfacastelldefels\/wp-json\/wp\/v2\/media?parent=3102"}],"wp:term":[{"taxonomy":"category","embeddable":true,"href":"https:\/\/agora.xtec.cat\/cfacastelldefels\/wp-json\/wp\/v2\/categories?post=3102"},{"taxonomy":"post_tag","embeddable":true,"href":"https:\/\/agora.xtec.cat\/cfacastelldefels\/wp-json\/wp\/v2\/tags?post=3102"}],"curies":[{"name":"wp","href":"https:\/\/api.w.org\/{rel}","templated":true}]}}