{"id":2867,"date":"2020-12-11T13:21:37","date_gmt":"2020-12-11T12:21:37","guid":{"rendered":"https:\/\/agora.xtec.cat\/cfacastelldefels\/?p=2867"},"modified":"2021-01-31T12:48:13","modified_gmt":"2021-01-31T11:48:13","slug":"parelles-linguistiques","status":"publish","type":"post","link":"https:\/\/agora.xtec.cat\/cfacastelldefels\/general\/parelles-linguistiques\/","title":{"rendered":"Parelles ling\u00fc\u00edstiques"},"content":{"rendered":"<p><a href=\"https:\/\/agora.xtec.cat\/cfacastelldefels\/wp-content\/uploads\/usu251\/2020\/12\/Webp.net-resizeimage-2.jpg\"><img loading=\"lazy\" decoding=\"async\" class=\"size-medium wp-image-2872 alignright\" src=\"https:\/\/agora.xtec.cat\/cfacastelldefels\/wp-content\/uploads\/usu251\/2020\/12\/Webp.net-resizeimage-2-300x225.jpg\" alt=\"\" width=\"300\" height=\"225\" srcset=\"https:\/\/agora.xtec.cat\/cfacastelldefels\/wp-content\/uploads\/usu251\/2020\/12\/Webp.net-resizeimage-2-300x225.jpg 300w, https:\/\/agora.xtec.cat\/cfacastelldefels\/wp-content\/uploads\/usu251\/2020\/12\/Webp.net-resizeimage-2-768x576.jpg 768w, https:\/\/agora.xtec.cat\/cfacastelldefels\/wp-content\/uploads\/usu251\/2020\/12\/Webp.net-resizeimage-2-1024x768.jpg 1024w, https:\/\/agora.xtec.cat\/cfacastelldefels\/wp-content\/uploads\/usu251\/2020\/12\/Webp.net-resizeimage-2-200x150.jpg 200w, https:\/\/agora.xtec.cat\/cfacastelldefels\/wp-content\/uploads\/usu251\/2020\/12\/Webp.net-resizeimage-2.jpg 1032w\" sizes=\"auto, (max-width: 300px) 100vw, 300px\" \/><\/a>Un dels objectius del nostre\u00a0 centre \u00e9s la\u00a0 millora de la compet\u00e8ncia comunicativa en les diverses lleng\u00fces que impartim. El CFA Castelldefels promou la creaci\u00f3 de parelles ling\u00fc\u00edstiques entre l&#8217;alumnat del centre des de fa quatre cursos com a estrat\u00e8gia per assolir l&#8217;objectiu. Habitualment els alumnes aprofiten els per\u00edodes abans o despr\u00e9s de les classes per practicar\u00a0 la conversa. Des del centre disposem un espai senyalitzat per poder deixar una fitxa de contacte on l&#8217;alumnat deixa un av\u00eds sobre la llegua que ofereix i que vol practicar. En el curs passat ten\u00edem presents 56 nacionalitats diferents i un nombre important de lleng\u00fces maternes o segones lleng\u00fces. Destaca l&#8217;angl\u00e8s com a llengua demanda i actualment \u00e9s present el franc\u00e8s i en menor mesura el catal\u00e0. Els alumnes tamb\u00e9 s&#8217;organitzen grups per practicar l&#8217;angl\u00e8s fora de l&#8217;aula. Altres estrat\u00e8gies que realitzem s\u00f3n les activitats de la vida quotidiana en llengua L2 com visites en angl\u00e8s. Exemples s\u00f3n les visites a les mines de Gav\u00e0, a una cava del Pened\u00e8s, al Liceu, al castell de Castelldefels o itineraris i rutes culturals. Esperem que aviat el covid en permeti tornar a fer-les.<\/p>\n<p><a href=\"https:\/\/agora.xtec.cat\/cfacastelldefels\/wp-content\/uploads\/usu251\/2020\/12\/parellesling\u00fc\u00edstiques.gif\"><img loading=\"lazy\" decoding=\"async\" class=\"size-medium wp-image-2868 alignright\" src=\"https:\/\/agora.xtec.cat\/cfacastelldefels\/wp-content\/uploads\/usu251\/2020\/12\/parellesling\u00fc\u00edstiques-300x182.gif\" alt=\"\" width=\"300\" height=\"182\" \/><\/a><a href=\"https:\/\/agora.xtec.cat\/cfacastelldefels\/wp-content\/uploads\/usu251\/2020\/12\/Webp.net-resizeimage.jpg\"><img loading=\"lazy\" decoding=\"async\" class=\"size-medium wp-image-2870 alignleft\" src=\"https:\/\/agora.xtec.cat\/cfacastelldefels\/wp-content\/uploads\/usu251\/2020\/12\/Webp.net-resizeimage-300x225.jpg\" alt=\"\" width=\"300\" height=\"225\" srcset=\"https:\/\/agora.xtec.cat\/cfacastelldefels\/wp-content\/uploads\/usu251\/2020\/12\/Webp.net-resizeimage-300x225.jpg 300w, https:\/\/agora.xtec.cat\/cfacastelldefels\/wp-content\/uploads\/usu251\/2020\/12\/Webp.net-resizeimage-768x576.jpg 768w, https:\/\/agora.xtec.cat\/cfacastelldefels\/wp-content\/uploads\/usu251\/2020\/12\/Webp.net-resizeimage-200x150.jpg 200w, https:\/\/agora.xtec.cat\/cfacastelldefels\/wp-content\/uploads\/usu251\/2020\/12\/Webp.net-resizeimage.jpg 850w\" sizes=\"auto, (max-width: 300px) 100vw, 300px\" \/><\/a><a href=\"https:\/\/agora.xtec.cat\/cfacastelldefels\/wp-content\/uploads\/usu251\/2020\/12\/Webp.net-resizeimage-1.jpg\"><img loading=\"lazy\" decoding=\"async\" class=\"aligncenter size-medium wp-image-2869\" src=\"https:\/\/agora.xtec.cat\/cfacastelldefels\/wp-content\/uploads\/usu251\/2020\/12\/Webp.net-resizeimage-1-300x225.jpg\" alt=\"\" width=\"300\" height=\"225\" srcset=\"https:\/\/agora.xtec.cat\/cfacastelldefels\/wp-content\/uploads\/usu251\/2020\/12\/Webp.net-resizeimage-1-300x225.jpg 300w, https:\/\/agora.xtec.cat\/cfacastelldefels\/wp-content\/uploads\/usu251\/2020\/12\/Webp.net-resizeimage-1-768x576.jpg 768w, https:\/\/agora.xtec.cat\/cfacastelldefels\/wp-content\/uploads\/usu251\/2020\/12\/Webp.net-resizeimage-1-1024x768.jpg 1024w, https:\/\/agora.xtec.cat\/cfacastelldefels\/wp-content\/uploads\/usu251\/2020\/12\/Webp.net-resizeimage-1-200x150.jpg 200w, https:\/\/agora.xtec.cat\/cfacastelldefels\/wp-content\/uploads\/usu251\/2020\/12\/Webp.net-resizeimage-1.jpg 1238w\" sizes=\"auto, (max-width: 300px) 100vw, 300px\" \/><\/a><\/p>\n","protected":false},"excerpt":{"rendered":"<p>Un dels objectius del nostre\u00a0 centre \u00e9s la\u00a0 millora de la compet\u00e8ncia comunicativa en les diverses lleng\u00fces que impartim. El CFA Castelldefels promou la creaci\u00f3 de parelles ling\u00fc\u00edstiques entre l&#8217;alumnat del centre des de fa quatre cursos com a estrat\u00e8gia per assolir l&#8217;objectiu. Habitualment els alumnes aprofiten els per\u00edodes abans o despr\u00e9s de les classes [&hellip;]<\/p>\n","protected":false},"author":1,"featured_media":0,"comment_status":"closed","ping_status":"closed","sticky":false,"template":"","format":"standard","meta":{"_bbp_topic_count":0,"_bbp_reply_count":0,"_bbp_total_topic_count":0,"_bbp_total_reply_count":0,"_bbp_voice_count":0,"_bbp_anonymous_reply_count":0,"_bbp_topic_count_hidden":0,"_bbp_reply_count_hidden":0,"_bbp_forum_subforum_count":0,"site-sidebar-layout":"default","site-content-layout":"","ast-site-content-layout":"","site-content-style":"default","site-sidebar-style":"default","ast-global-header-display":"","ast-banner-title-visibility":"","ast-main-header-display":"","ast-hfb-above-header-display":"","ast-hfb-below-header-display":"","ast-hfb-mobile-header-display":"","site-post-title":"","ast-breadcrumbs-content":"","ast-featured-img":"","footer-sml-layout":"","theme-transparent-header-meta":"","adv-header-id-meta":"","stick-header-meta":"","header-above-stick-meta":"","header-main-stick-meta":"","header-below-stick-meta":"","astra-migrate-meta-layouts":"default","ast-page-background-enabled":"default","ast-page-background-meta":{"desktop":{"background-color":"var(--ast-global-color-4)","background-image":"","background-repeat":"repeat","background-position":"center center","background-size":"auto","background-attachment":"scroll","background-type":"","background-media":"","overlay-type":"","overlay-color":"","overlay-opacity":"","overlay-gradient":""},"tablet":{"background-color":"","background-image":"","background-repeat":"repeat","background-position":"center center","background-size":"auto","background-attachment":"scroll","background-type":"","background-media":"","overlay-type":"","overlay-color":"","overlay-opacity":"","overlay-gradient":""},"mobile":{"background-color":"","background-image":"","background-repeat":"repeat","background-position":"center center","background-size":"auto","background-attachment":"scroll","background-type":"","background-media":"","overlay-type":"","overlay-color":"","overlay-opacity":"","overlay-gradient":""}},"ast-content-background-meta":{"desktop":{"background-color":"var(--ast-global-color-5)","background-image":"","background-repeat":"repeat","background-position":"center center","background-size":"auto","background-attachment":"scroll","background-type":"","background-media":"","overlay-type":"","overlay-color":"","overlay-opacity":"","overlay-gradient":""},"tablet":{"background-color":"var(--ast-global-color-5)","background-image":"","background-repeat":"repeat","background-position":"center center","background-size":"auto","background-attachment":"scroll","background-type":"","background-media":"","overlay-type":"","overlay-color":"","overlay-opacity":"","overlay-gradient":""},"mobile":{"background-color":"var(--ast-global-color-5)","background-image":"","background-repeat":"repeat","background-position":"center center","background-size":"auto","background-attachment":"scroll","background-type":"","background-media":"","overlay-type":"","overlay-color":"","overlay-opacity":"","overlay-gradient":""}},"footnotes":""},"categories":[80,72,1,86,29],"tags":[62,117,123,161,125],"class_list":["post-2867","post","type-post","status-publish","format-standard","hentry","category-educacio","category-english","category-general","category-muralla-digital-revista","category-portada","tag-activitat","tag-cfacastelldefels","tag-interculturalitat","tag-selv","tag-transversal"],"post_mailing_queue_ids":[],"_links":{"self":[{"href":"https:\/\/agora.xtec.cat\/cfacastelldefels\/wp-json\/wp\/v2\/posts\/2867","targetHints":{"allow":["GET"]}}],"collection":[{"href":"https:\/\/agora.xtec.cat\/cfacastelldefels\/wp-json\/wp\/v2\/posts"}],"about":[{"href":"https:\/\/agora.xtec.cat\/cfacastelldefels\/wp-json\/wp\/v2\/types\/post"}],"author":[{"embeddable":true,"href":"https:\/\/agora.xtec.cat\/cfacastelldefels\/wp-json\/wp\/v2\/users\/1"}],"replies":[{"embeddable":true,"href":"https:\/\/agora.xtec.cat\/cfacastelldefels\/wp-json\/wp\/v2\/comments?post=2867"}],"version-history":[{"count":3,"href":"https:\/\/agora.xtec.cat\/cfacastelldefels\/wp-json\/wp\/v2\/posts\/2867\/revisions"}],"predecessor-version":[{"id":2874,"href":"https:\/\/agora.xtec.cat\/cfacastelldefels\/wp-json\/wp\/v2\/posts\/2867\/revisions\/2874"}],"wp:attachment":[{"href":"https:\/\/agora.xtec.cat\/cfacastelldefels\/wp-json\/wp\/v2\/media?parent=2867"}],"wp:term":[{"taxonomy":"category","embeddable":true,"href":"https:\/\/agora.xtec.cat\/cfacastelldefels\/wp-json\/wp\/v2\/categories?post=2867"},{"taxonomy":"post_tag","embeddable":true,"href":"https:\/\/agora.xtec.cat\/cfacastelldefels\/wp-json\/wp\/v2\/tags?post=2867"}],"curies":[{"name":"wp","href":"https:\/\/api.w.org\/{rel}","templated":true}]}}