{"id":2864,"date":"2020-12-09T18:55:07","date_gmt":"2020-12-09T17:55:07","guid":{"rendered":"https:\/\/agora.xtec.cat\/cfacastelldefels\/?p=2864"},"modified":"2020-12-11T12:52:32","modified_gmt":"2020-12-11T11:52:32","slug":"dates-importants-a-tenir-en-compte","status":"publish","type":"post","link":"https:\/\/agora.xtec.cat\/cfacastelldefels\/general\/dates-importants-a-tenir-en-compte\/","title":{"rendered":"Dates importants a tenir en compte"},"content":{"rendered":"<p><span style=\"color: #ff0000;\"><strong>Acc\u00e9s universitat<\/strong><\/span><\/p>\n<p><span style=\"color: #ff0000;\">Majors de 25<\/span> han sortit les dates de les proves seran la part comuna 17 d&#8217;abril i la part espec\u00edfica el 24 abril. La primera data part comuna i la segona l&#8217;espec\u00edfica. Encara no estan concretades les dates de matr\u00edcula, \u00a0\u00a0<a href=\"http:\/\/universitats.gencat.cat\/ca\/que_puc_fer\/25_anys\/calendari_horari\/\" target=\"_blank\" rel=\"noopener noreferrer\">m\u00e9s informaci\u00f3<\/a><\/p>\n<p><span style=\"color: #ff0000;\">Majors de 45<\/span> Habitualment la prova coincideix en data amb la general de +25 <a href=\"http:\/\/universitats.gencat.cat\/ca\/que_puc_fer\/45_anys\/\" target=\"_blank\" rel=\"noopener noreferrer\">m\u00e9s informaci\u00f3<\/a><\/p>\n<p><span style=\"color: #ff0000;\">GES<\/span> Propera convocat\u00f2ria de proves lliures per treure l&#8217;ESO per majors de 19 anys<\/p>\n<p>Les inscripcions seran a partir del 25 de gener la matr\u00edcula. les proves seran el 4 i 5 de mar\u00e7\u00a0 <a href=\"http:\/\/educacio.gencat.cat\/ca\/serveis-tramits\/proves\/proves-lliures-obtencio-titols\/obtencio-geso-mes-18-anys\/calendari\/\" target=\"_blank\" rel=\"noopener noreferrer\">m\u00e9s informaci\u00f3\u00a0<\/a><\/p>\n<p>&nbsp;<\/p>\n","protected":false},"excerpt":{"rendered":"<p>Acc\u00e9s universitat Majors de 25 han sortit les dates de les proves seran la part comuna 17 d&#8217;abril i la part espec\u00edfica el 24 abril. La primera data part comuna i la segona l&#8217;espec\u00edfica. Encara no estan concretades les dates de matr\u00edcula, \u00a0\u00a0m\u00e9s informaci\u00f3 Majors de 45 Habitualment la prova coincideix en data amb la [&hellip;]<\/p>\n","protected":false},"author":1,"featured_media":0,"comment_status":"closed","ping_status":"closed","sticky":false,"template":"","format":"standard","meta":{"_bbp_topic_count":0,"_bbp_reply_count":0,"_bbp_total_topic_count":0,"_bbp_total_reply_count":0,"_bbp_voice_count":0,"_bbp_anonymous_reply_count":0,"_bbp_topic_count_hidden":0,"_bbp_reply_count_hidden":0,"_bbp_forum_subforum_count":0,"site-sidebar-layout":"default","site-content-layout":"","ast-site-content-layout":"","site-content-style":"default","site-sidebar-style":"default","ast-global-header-display":"","ast-banner-title-visibility":"","ast-main-header-display":"","ast-hfb-above-header-display":"","ast-hfb-below-header-display":"","ast-hfb-mobile-header-display":"","site-post-title":"","ast-breadcrumbs-content":"","ast-featured-img":"","footer-sml-layout":"","theme-transparent-header-meta":"","adv-header-id-meta":"","stick-header-meta":"","header-above-stick-meta":"","header-main-stick-meta":"","header-below-stick-meta":"","astra-migrate-meta-layouts":"default","ast-page-background-enabled":"default","ast-page-background-meta":{"desktop":{"background-color":"var(--ast-global-color-4)","background-image":"","background-repeat":"repeat","background-position":"center center","background-size":"auto","background-attachment":"scroll","background-type":"","background-media":"","overlay-type":"","overlay-color":"","overlay-opacity":"","overlay-gradient":""},"tablet":{"background-color":"","background-image":"","background-repeat":"repeat","background-position":"center center","background-size":"auto","background-attachment":"scroll","background-type":"","background-media":"","overlay-type":"","overlay-color":"","overlay-opacity":"","overlay-gradient":""},"mobile":{"background-color":"","background-image":"","background-repeat":"repeat","background-position":"center center","background-size":"auto","background-attachment":"scroll","background-type":"","background-media":"","overlay-type":"","overlay-color":"","overlay-opacity":"","overlay-gradient":""}},"ast-content-background-meta":{"desktop":{"background-color":"var(--ast-global-color-5)","background-image":"","background-repeat":"repeat","background-position":"center center","background-size":"auto","background-attachment":"scroll","background-type":"","background-media":"","overlay-type":"","overlay-color":"","overlay-opacity":"","overlay-gradient":""},"tablet":{"background-color":"var(--ast-global-color-5)","background-image":"","background-repeat":"repeat","background-position":"center center","background-size":"auto","background-attachment":"scroll","background-type":"","background-media":"","overlay-type":"","overlay-color":"","overlay-opacity":"","overlay-gradient":""},"mobile":{"background-color":"var(--ast-global-color-5)","background-image":"","background-repeat":"repeat","background-position":"center center","background-size":"auto","background-attachment":"scroll","background-type":"","background-media":"","overlay-type":"","overlay-color":"","overlay-opacity":"","overlay-gradient":""}},"footnotes":""},"categories":[137,1,70,29],"tags":[77,160,159,64,148],"class_list":["post-2864","post","type-post","status-publish","format-standard","hentry","category-au25-45","category-general","category-ges","category-portada","tag-au25","tag-au45","tag-curs20202021","tag-general-2","tag-proves"],"post_mailing_queue_ids":[],"_links":{"self":[{"href":"https:\/\/agora.xtec.cat\/cfacastelldefels\/wp-json\/wp\/v2\/posts\/2864","targetHints":{"allow":["GET"]}}],"collection":[{"href":"https:\/\/agora.xtec.cat\/cfacastelldefels\/wp-json\/wp\/v2\/posts"}],"about":[{"href":"https:\/\/agora.xtec.cat\/cfacastelldefels\/wp-json\/wp\/v2\/types\/post"}],"author":[{"embeddable":true,"href":"https:\/\/agora.xtec.cat\/cfacastelldefels\/wp-json\/wp\/v2\/users\/1"}],"replies":[{"embeddable":true,"href":"https:\/\/agora.xtec.cat\/cfacastelldefels\/wp-json\/wp\/v2\/comments?post=2864"}],"version-history":[{"count":2,"href":"https:\/\/agora.xtec.cat\/cfacastelldefels\/wp-json\/wp\/v2\/posts\/2864\/revisions"}],"predecessor-version":[{"id":2866,"href":"https:\/\/agora.xtec.cat\/cfacastelldefels\/wp-json\/wp\/v2\/posts\/2864\/revisions\/2866"}],"wp:attachment":[{"href":"https:\/\/agora.xtec.cat\/cfacastelldefels\/wp-json\/wp\/v2\/media?parent=2864"}],"wp:term":[{"taxonomy":"category","embeddable":true,"href":"https:\/\/agora.xtec.cat\/cfacastelldefels\/wp-json\/wp\/v2\/categories?post=2864"},{"taxonomy":"post_tag","embeddable":true,"href":"https:\/\/agora.xtec.cat\/cfacastelldefels\/wp-json\/wp\/v2\/tags?post=2864"}],"curies":[{"name":"wp","href":"https:\/\/api.w.org\/{rel}","templated":true}]}}