{"id":2847,"date":"2020-11-26T19:00:10","date_gmt":"2020-11-26T18:00:10","guid":{"rendered":"https:\/\/agora.xtec.cat\/cfacastelldefels\/?p=2847"},"modified":"2020-12-15T22:38:23","modified_gmt":"2020-12-15T21:38:23","slug":"no-tens-el-graduat-de-secundaria-graduat-educacio-secundaria-ges","status":"publish","type":"post","link":"https:\/\/agora.xtec.cat\/cfacastelldefels\/general\/no-tens-el-graduat-de-secundaria-graduat-educacio-secundaria-ges\/","title":{"rendered":"No tens el Graduat de Secund\u00e0ria? GRADUAT EDUCACI\u00d3 SECUND\u00c0RIA &#8220;GES&#8221;"},"content":{"rendered":"<p>Del <a href=\"https:\/\/agora.xtec.cat\/cfacastelldefels\/wp-content\/uploads\/usu251\/2020\/11\/Unknown.jpg\"><img loading=\"lazy\" decoding=\"async\" class=\" wp-image-2848 alignleft\" src=\"https:\/\/agora.xtec.cat\/cfacastelldefels\/wp-content\/uploads\/usu251\/2020\/11\/Unknown.jpg\" alt=\"\" width=\"101\" height=\"101\" srcset=\"https:\/\/agora.xtec.cat\/cfacastelldefels\/wp-content\/uploads\/usu251\/2020\/11\/Unknown.jpg 225w, https:\/\/agora.xtec.cat\/cfacastelldefels\/wp-content\/uploads\/usu251\/2020\/11\/Unknown-150x150.jpg 150w\" sizes=\"auto, (max-width: 101px) 100vw, 101px\" \/><\/a><strong>30 de novembre al 2 de desembre<\/strong> obrim la matr\u00edcula per al segon trimestre del Graduat de secund\u00e0ria. S\u00f3n m\u00f2duls trimestrals. Si no vas matricular-te el primer trimestre, o fa temps que vas comen\u00e7ar i ho vas deixar, pots fer la matr\u00edcula per al trimestre que comen\u00e7ar\u00e0 el dia 9 de desembre.<\/p>\n<p><strong>Quins requisits calen?<\/strong><\/p>\n<p>Has de tenir 18 anys o fer-los abans d&#8217;acabar el 2020. Comen\u00e7ar\u00e0s en el primer nivell. El GES s\u00f3n 34 m\u00f2duls dividits en 6 trimestres i dos nivells. Far\u00e0s una prova d&#8217;avaluaci\u00f3 inicial per determinar el teu nivell si est\u00e0s \u00a0en condicions de comen\u00e7ar o si es poden convalidar m\u00f2duls. La prova es realitzar\u00e0 el dia 3 de desembre.<\/p>\n<p>Podr\u00e0s fer els m\u00f2duls que no s\u00f3n de continu\u00eftat respecte el trimestre anterior.<\/p>\n<p><strong>Quina documentaci\u00f3 has de portar?<\/strong><\/p>\n<p>Original i fotoc\u00f2pia del DNI\/NIE i de la targeta sanit\u00e0ria i una fotografia mida carnet. Si tens estudis superats de l&#8217;ESO porta un certificat de notes (no s\u00f3n v\u00e0lids els butlletins de notes). Si vas estudiar EGB, porta el graduat.<\/p>\n<p><strong>Qu\u00e8 he de fer?<\/strong><img loading=\"lazy\" decoding=\"async\" class=\"size-medium wp-image-384 alignright\" src=\"https:\/\/agora.xtec.cat\/cfacastelldefels\/wp-content\/uploads\/usu251\/2014\/09\/coffee-300x225.jpg\" alt=\"\" width=\"300\" height=\"225\" srcset=\"https:\/\/agora.xtec.cat\/cfacastelldefels\/wp-content\/uploads\/usu251\/2014\/09\/coffee-300x225.jpg 300w, https:\/\/agora.xtec.cat\/cfacastelldefels\/wp-content\/uploads\/usu251\/2014\/09\/coffee-200x150.jpg 200w, https:\/\/agora.xtec.cat\/cfacastelldefels\/wp-content\/uploads\/usu251\/2014\/09\/coffee.jpg 700w\" sizes=\"auto, (max-width: 300px) 100vw, 300px\" \/> Demana hora per fer la reserva de matr\u00edcula a consergeria. Ho pots fer trucant al tel\u00e8fon del centre 936641884 o presencialment. El dia de l&#8217;entrevista recorda que cal portar mascareta i bol\u00edgraf propi.<\/p>\n<p><strong>Quant val?<\/strong><\/p>\n<p>Els estudis del graduat de secund\u00e0ria s\u00f3n gratu\u00efts per a l&#8217;alumne. Aportar\u00e0s 10\u20ac per a material. En cas de fer angl\u00e8s caldr\u00e0 que compris el llibre.<\/p>\n<p>&nbsp;<\/p>\n<p><em><strong>\u00c0NIMS, SEMPRE HI SOM A TEMPS!<\/strong><\/em><\/p>\n<p>&nbsp;<\/p>\n","protected":false},"excerpt":{"rendered":"<p>Del 30 de novembre al 2 de desembre obrim la matr\u00edcula per al segon trimestre del Graduat de secund\u00e0ria. S\u00f3n m\u00f2duls trimestrals. Si no vas matricular-te el primer trimestre, o fa temps que vas comen\u00e7ar i ho vas deixar, pots fer la matr\u00edcula per al trimestre que comen\u00e7ar\u00e0 el dia 9 de desembre. Quins requisits [&hellip;]<\/p>\n","protected":false},"author":1,"featured_media":0,"comment_status":"closed","ping_status":"closed","sticky":false,"template":"","format":"standard","meta":{"_bbp_topic_count":0,"_bbp_reply_count":0,"_bbp_total_topic_count":0,"_bbp_total_reply_count":0,"_bbp_voice_count":0,"_bbp_anonymous_reply_count":0,"_bbp_topic_count_hidden":0,"_bbp_reply_count_hidden":0,"_bbp_forum_subforum_count":0,"site-sidebar-layout":"default","site-content-layout":"","ast-site-content-layout":"","site-content-style":"default","site-sidebar-style":"default","ast-global-header-display":"","ast-banner-title-visibility":"","ast-main-header-display":"","ast-hfb-above-header-display":"","ast-hfb-below-header-display":"","ast-hfb-mobile-header-display":"","site-post-title":"","ast-breadcrumbs-content":"","ast-featured-img":"","footer-sml-layout":"","theme-transparent-header-meta":"","adv-header-id-meta":"","stick-header-meta":"","header-above-stick-meta":"","header-main-stick-meta":"","header-below-stick-meta":"","astra-migrate-meta-layouts":"default","ast-page-background-enabled":"default","ast-page-background-meta":{"desktop":{"background-color":"var(--ast-global-color-4)","background-image":"","background-repeat":"repeat","background-position":"center center","background-size":"auto","background-attachment":"scroll","background-type":"","background-media":"","overlay-type":"","overlay-color":"","overlay-opacity":"","overlay-gradient":""},"tablet":{"background-color":"","background-image":"","background-repeat":"repeat","background-position":"center center","background-size":"auto","background-attachment":"scroll","background-type":"","background-media":"","overlay-type":"","overlay-color":"","overlay-opacity":"","overlay-gradient":""},"mobile":{"background-color":"","background-image":"","background-repeat":"repeat","background-position":"center center","background-size":"auto","background-attachment":"scroll","background-type":"","background-media":"","overlay-type":"","overlay-color":"","overlay-opacity":"","overlay-gradient":""}},"ast-content-background-meta":{"desktop":{"background-color":"var(--ast-global-color-5)","background-image":"","background-repeat":"repeat","background-position":"center center","background-size":"auto","background-attachment":"scroll","background-type":"","background-media":"","overlay-type":"","overlay-color":"","overlay-opacity":"","overlay-gradient":""},"tablet":{"background-color":"var(--ast-global-color-5)","background-image":"","background-repeat":"repeat","background-position":"center center","background-size":"auto","background-attachment":"scroll","background-type":"","background-media":"","overlay-type":"","overlay-color":"","overlay-opacity":"","overlay-gradient":""},"mobile":{"background-color":"var(--ast-global-color-5)","background-image":"","background-repeat":"repeat","background-position":"center center","background-size":"auto","background-attachment":"scroll","background-type":"","background-media":"","overlay-type":"","overlay-color":"","overlay-opacity":"","overlay-gradient":""}},"footnotes":""},"categories":[74,1,70,86,29],"tags":[58,66],"class_list":["post-2847","post","type-post","status-publish","format-standard","hentry","category-ajuntament","category-general","category-ges","category-muralla-digital-revista","category-portada","tag-ges","tag-matricula"],"post_mailing_queue_ids":[],"_links":{"self":[{"href":"https:\/\/agora.xtec.cat\/cfacastelldefels\/wp-json\/wp\/v2\/posts\/2847","targetHints":{"allow":["GET"]}}],"collection":[{"href":"https:\/\/agora.xtec.cat\/cfacastelldefels\/wp-json\/wp\/v2\/posts"}],"about":[{"href":"https:\/\/agora.xtec.cat\/cfacastelldefels\/wp-json\/wp\/v2\/types\/post"}],"author":[{"embeddable":true,"href":"https:\/\/agora.xtec.cat\/cfacastelldefels\/wp-json\/wp\/v2\/users\/1"}],"replies":[{"embeddable":true,"href":"https:\/\/agora.xtec.cat\/cfacastelldefels\/wp-json\/wp\/v2\/comments?post=2847"}],"version-history":[{"count":0,"href":"https:\/\/agora.xtec.cat\/cfacastelldefels\/wp-json\/wp\/v2\/posts\/2847\/revisions"}],"wp:attachment":[{"href":"https:\/\/agora.xtec.cat\/cfacastelldefels\/wp-json\/wp\/v2\/media?parent=2847"}],"wp:term":[{"taxonomy":"category","embeddable":true,"href":"https:\/\/agora.xtec.cat\/cfacastelldefels\/wp-json\/wp\/v2\/categories?post=2847"},{"taxonomy":"post_tag","embeddable":true,"href":"https:\/\/agora.xtec.cat\/cfacastelldefels\/wp-json\/wp\/v2\/tags?post=2847"}],"curies":[{"name":"wp","href":"https:\/\/api.w.org\/{rel}","templated":true}]}}