{"id":2732,"date":"2020-11-09T10:53:01","date_gmt":"2020-11-09T09:53:01","guid":{"rendered":"https:\/\/agora.xtec.cat\/cfacastelldefels\/?p=2732"},"modified":"2020-12-15T22:39:31","modified_gmt":"2020-12-15T21:39:31","slug":"eleccions-al-consells-escolars","status":"publish","type":"post","link":"https:\/\/agora.xtec.cat\/cfacastelldefels\/general\/eleccions-al-consells-escolars\/","title":{"rendered":"Eleccions al consells escolars"},"content":{"rendered":"<h4 class=\"ms-core-pageTitle\"><span id=\"DeltaPlaceHolderPageTitleInTitleArea\">Eleccions al consells escolars <\/span><\/h4>\n<div id=\"DeltaPlaceHolderPageDescription\" class=\"ms-displayInlineBlock ms-normalWrap\">\n<h6 id=\"h20\">Ajornament d&#8217;un any de la convocat\u00f2ria d&#8217;eleccions\u00a0per a la renovaci\u00f3 dels consells escolars\u200b<\/h6>\n<p>Durant el mes de novembre dels anys parells es duen a terme en els centres educatius les eleccions per a la renovaci\u00f3 dels consells escolars, acci\u00f3 que comporta l\u2019acc\u00e9s de moltes persones de la comunitat educativa als recintes dels centres educatius.<\/p>\n<p>Enguany el Departament d\u2019Educaci\u00f3, atesa la situaci\u00f3 de la pand\u00e8mia a Catalunya, ha pres la resoluci\u00f3 <strong>d\u2019ajornar per un any la convocat\u00f2ria d\u2019eleccions per a la renovaci\u00f3 parcial dels consells escolars<\/strong>, a fi de minimitzar el risc de contagi entre la poblaci\u00f3 i preservar l\u2019escola com un entorn segur. Aix\u00ed, a<b>ls i a les representants dels diferents sectors que havien de ser objecte de renovaci\u00f3, se&#8217;ls prorrogar\u00e0 el mandat fins a la celebraci\u00f3 de les eleccions<\/b>.<\/p>\n<p>Es prorroga el consell escolar actual de forma transit\u00f2ria durant aquest curs 2020-2021 i fins a la celebraci\u00f3 de les eleccions durant el primer trimestre del curs 2021-2022.<\/p>\n<\/div>\n","protected":false},"excerpt":{"rendered":"<p>Eleccions al consells escolars Ajornament d&#8217;un any de la convocat\u00f2ria d&#8217;eleccions\u00a0per a la renovaci\u00f3 dels consells escolars\u200b Durant el mes de novembre dels anys parells es duen a terme en els centres educatius les eleccions per a la renovaci\u00f3 dels consells escolars, acci\u00f3 que comporta l\u2019acc\u00e9s de moltes persones de la comunitat educativa als recintes [&hellip;]<\/p>\n","protected":false},"author":1,"featured_media":0,"comment_status":"closed","ping_status":"closed","sticky":false,"template":"","format":"standard","meta":{"_bbp_topic_count":0,"_bbp_reply_count":0,"_bbp_total_topic_count":0,"_bbp_total_reply_count":0,"_bbp_voice_count":0,"_bbp_anonymous_reply_count":0,"_bbp_topic_count_hidden":0,"_bbp_reply_count_hidden":0,"_bbp_forum_subforum_count":0,"site-sidebar-layout":"default","site-content-layout":"","ast-site-content-layout":"","site-content-style":"default","site-sidebar-style":"default","ast-global-header-display":"","ast-banner-title-visibility":"","ast-main-header-display":"","ast-hfb-above-header-display":"","ast-hfb-below-header-display":"","ast-hfb-mobile-header-display":"","site-post-title":"","ast-breadcrumbs-content":"","ast-featured-img":"","footer-sml-layout":"","theme-transparent-header-meta":"","adv-header-id-meta":"","stick-header-meta":"","header-above-stick-meta":"","header-main-stick-meta":"","header-below-stick-meta":"","astra-migrate-meta-layouts":"default","ast-page-background-enabled":"default","ast-page-background-meta":{"desktop":{"background-color":"var(--ast-global-color-4)","background-image":"","background-repeat":"repeat","background-position":"center center","background-size":"auto","background-attachment":"scroll","background-type":"","background-media":"","overlay-type":"","overlay-color":"","overlay-opacity":"","overlay-gradient":""},"tablet":{"background-color":"","background-image":"","background-repeat":"repeat","background-position":"center center","background-size":"auto","background-attachment":"scroll","background-type":"","background-media":"","overlay-type":"","overlay-color":"","overlay-opacity":"","overlay-gradient":""},"mobile":{"background-color":"","background-image":"","background-repeat":"repeat","background-position":"center center","background-size":"auto","background-attachment":"scroll","background-type":"","background-media":"","overlay-type":"","overlay-color":"","overlay-opacity":"","overlay-gradient":""}},"ast-content-background-meta":{"desktop":{"background-color":"var(--ast-global-color-5)","background-image":"","background-repeat":"repeat","background-position":"center center","background-size":"auto","background-attachment":"scroll","background-type":"","background-media":"","overlay-type":"","overlay-color":"","overlay-opacity":"","overlay-gradient":""},"tablet":{"background-color":"var(--ast-global-color-5)","background-image":"","background-repeat":"repeat","background-position":"center center","background-size":"auto","background-attachment":"scroll","background-type":"","background-media":"","overlay-type":"","overlay-color":"","overlay-opacity":"","overlay-gradient":""},"mobile":{"background-color":"var(--ast-global-color-5)","background-image":"","background-repeat":"repeat","background-position":"center center","background-size":"auto","background-attachment":"scroll","background-type":"","background-media":"","overlay-type":"","overlay-color":"","overlay-opacity":"","overlay-gradient":""}},"footnotes":""},"categories":[80,1,29],"tags":[],"class_list":["post-2732","post","type-post","status-publish","format-standard","hentry","category-educacio","category-general","category-portada"],"post_mailing_queue_ids":[],"_links":{"self":[{"href":"https:\/\/agora.xtec.cat\/cfacastelldefels\/wp-json\/wp\/v2\/posts\/2732","targetHints":{"allow":["GET"]}}],"collection":[{"href":"https:\/\/agora.xtec.cat\/cfacastelldefels\/wp-json\/wp\/v2\/posts"}],"about":[{"href":"https:\/\/agora.xtec.cat\/cfacastelldefels\/wp-json\/wp\/v2\/types\/post"}],"author":[{"embeddable":true,"href":"https:\/\/agora.xtec.cat\/cfacastelldefels\/wp-json\/wp\/v2\/users\/1"}],"replies":[{"embeddable":true,"href":"https:\/\/agora.xtec.cat\/cfacastelldefels\/wp-json\/wp\/v2\/comments?post=2732"}],"version-history":[{"count":1,"href":"https:\/\/agora.xtec.cat\/cfacastelldefels\/wp-json\/wp\/v2\/posts\/2732\/revisions"}],"predecessor-version":[{"id":2733,"href":"https:\/\/agora.xtec.cat\/cfacastelldefels\/wp-json\/wp\/v2\/posts\/2732\/revisions\/2733"}],"wp:attachment":[{"href":"https:\/\/agora.xtec.cat\/cfacastelldefels\/wp-json\/wp\/v2\/media?parent=2732"}],"wp:term":[{"taxonomy":"category","embeddable":true,"href":"https:\/\/agora.xtec.cat\/cfacastelldefels\/wp-json\/wp\/v2\/categories?post=2732"},{"taxonomy":"post_tag","embeddable":true,"href":"https:\/\/agora.xtec.cat\/cfacastelldefels\/wp-json\/wp\/v2\/tags?post=2732"}],"curies":[{"name":"wp","href":"https:\/\/api.w.org\/{rel}","templated":true}]}}