{"id":2722,"date":"2020-11-01T11:49:47","date_gmt":"2020-11-01T10:49:47","guid":{"rendered":"https:\/\/agora.xtec.cat\/cfacastelldefels\/?p=2722"},"modified":"2020-12-15T22:40:11","modified_gmt":"2020-12-15T21:40:11","slug":"informacio-curs-2020-21","status":"publish","type":"post","link":"https:\/\/agora.xtec.cat\/cfacastelldefels\/general\/informacio-curs-2020-21\/","title":{"rendered":"Informaci\u00f3 curs 2020-21"},"content":{"rendered":"<p style=\"text-align: left;\">Davant de les novetats sobre la pand\u00e8mia, el CFA Castelldefels ja t\u00e9 previstes les mesures de dist\u00e0ncia, de neteja, ventilaci\u00f3 i \u00fas obligatori de mascareta, recollides en el pla de reobertura del centre en el marc de la pand\u00e8mia. La propera setmana tenim previst continuar tal i com ho est\u00e0vem fent de manera presencial amb les restriccions ja vigents d&#8217;aforamen<a href=\"https:\/\/agora.xtec.cat\/cfacastelldefels\/wp-content\/uploads\/usu251\/2020\/11\/12OCTUBRE.png\"><img loading=\"lazy\" decoding=\"async\" class=\" wp-image-2723 alignright\" src=\"https:\/\/agora.xtec.cat\/cfacastelldefels\/wp-content\/uploads\/usu251\/2020\/11\/12OCTUBRE.png\" alt=\"\" width=\"183\" height=\"183\" srcset=\"https:\/\/agora.xtec.cat\/cfacastelldefels\/wp-content\/uploads\/usu251\/2020\/11\/12OCTUBRE.png 386w, https:\/\/agora.xtec.cat\/cfacastelldefels\/wp-content\/uploads\/usu251\/2020\/11\/12OCTUBRE-150x150.png 150w, https:\/\/agora.xtec.cat\/cfacastelldefels\/wp-content\/uploads\/usu251\/2020\/11\/12OCTUBRE-300x300.png 300w\" sizes=\"auto, (max-width: 183px) 100vw, 183px\" \/><\/a>t. <strong>Fins a noves instruccions, seguirem oberts amb classes presencials<\/strong>. Estigueu atents a possibles novetats que us puguin comunicar els tutors! <strong>Per contactar amb els tutors useu el correu o canals que us han facilitat i no el correu gen\u00e8ric del centre. <\/strong><\/p>\n<p>Us recordem que el proper DILLUNS 2 de NOVEMBRE \u00e9s festiu en els centres educatius de Castelldefels com a dia de lliure disposici\u00f3.<\/p>\n<p><strong>CURSOS ANUALS<\/strong><\/p>\n<p><span style=\"color: #ff0000;\">La matr\u00edcula per a cursos anuals est\u00e0 tancada.<\/span><\/p>\n<p><strong>CURSOS DE CAR\u00c0CTER MODULAR<\/strong><\/p>\n<p>El proper per\u00edode de matr\u00edcula de l&#8217;1 al 4 de desembre <strong>nom\u00e9s per a cursos de car\u00e0cter trimestral<\/strong>:\u00a0\u00a0 Competic 3 (cal tenir superat el competic2), Graduat de secund\u00e0ria I SEMPRE QUE HI\u00a0 HAGI VACANTS.\u00a0 Per tramitar la matr\u00edcula caldr\u00e0 original i fotoc\u00f2pia del DNI\/NIE, de la tarja sanit\u00e0ria, una foto, certificat de notes (tic 2 o notes de ESO). L&#8217;alumnat que presenti el passaport o que hagi canviat de domicili haur\u00e0 de presentar certificat d&#8217;empadronament.<\/p>\n","protected":false},"excerpt":{"rendered":"<p>Davant de les novetats sobre la pand\u00e8mia, el CFA Castelldefels ja t\u00e9 previstes les mesures de dist\u00e0ncia, de neteja, ventilaci\u00f3 i \u00fas obligatori de mascareta, recollides en el pla de reobertura del centre en el marc de la pand\u00e8mia. La propera setmana tenim previst continuar tal i com ho est\u00e0vem fent de manera presencial amb [&hellip;]<\/p>\n","protected":false},"author":1,"featured_media":0,"comment_status":"closed","ping_status":"closed","sticky":false,"template":"","format":"standard","meta":{"_bbp_topic_count":0,"_bbp_reply_count":0,"_bbp_total_topic_count":0,"_bbp_total_reply_count":0,"_bbp_voice_count":0,"_bbp_anonymous_reply_count":0,"_bbp_topic_count_hidden":0,"_bbp_reply_count_hidden":0,"_bbp_forum_subforum_count":0,"site-sidebar-layout":"default","site-content-layout":"","ast-site-content-layout":"","site-content-style":"default","site-sidebar-style":"default","ast-global-header-display":"","ast-banner-title-visibility":"","ast-main-header-display":"","ast-hfb-above-header-display":"","ast-hfb-below-header-display":"","ast-hfb-mobile-header-display":"","site-post-title":"","ast-breadcrumbs-content":"","ast-featured-img":"","footer-sml-layout":"","theme-transparent-header-meta":"","adv-header-id-meta":"","stick-header-meta":"","header-above-stick-meta":"","header-main-stick-meta":"","header-below-stick-meta":"","astra-migrate-meta-layouts":"default","ast-page-background-enabled":"default","ast-page-background-meta":{"desktop":{"background-color":"var(--ast-global-color-4)","background-image":"","background-repeat":"repeat","background-position":"center center","background-size":"auto","background-attachment":"scroll","background-type":"","background-media":"","overlay-type":"","overlay-color":"","overlay-opacity":"","overlay-gradient":""},"tablet":{"background-color":"","background-image":"","background-repeat":"repeat","background-position":"center center","background-size":"auto","background-attachment":"scroll","background-type":"","background-media":"","overlay-type":"","overlay-color":"","overlay-opacity":"","overlay-gradient":""},"mobile":{"background-color":"","background-image":"","background-repeat":"repeat","background-position":"center center","background-size":"auto","background-attachment":"scroll","background-type":"","background-media":"","overlay-type":"","overlay-color":"","overlay-opacity":"","overlay-gradient":""}},"ast-content-background-meta":{"desktop":{"background-color":"var(--ast-global-color-5)","background-image":"","background-repeat":"repeat","background-position":"center center","background-size":"auto","background-attachment":"scroll","background-type":"","background-media":"","overlay-type":"","overlay-color":"","overlay-opacity":"","overlay-gradient":""},"tablet":{"background-color":"var(--ast-global-color-5)","background-image":"","background-repeat":"repeat","background-position":"center center","background-size":"auto","background-attachment":"scroll","background-type":"","background-media":"","overlay-type":"","overlay-color":"","overlay-opacity":"","overlay-gradient":""},"mobile":{"background-color":"var(--ast-global-color-5)","background-image":"","background-repeat":"repeat","background-position":"center center","background-size":"auto","background-attachment":"scroll","background-type":"","background-media":"","overlay-type":"","overlay-color":"","overlay-opacity":"","overlay-gradient":""}},"footnotes":""},"categories":[1,86,29],"tags":[],"class_list":["post-2722","post","type-post","status-publish","format-standard","hentry","category-general","category-muralla-digital-revista","category-portada"],"post_mailing_queue_ids":[],"_links":{"self":[{"href":"https:\/\/agora.xtec.cat\/cfacastelldefels\/wp-json\/wp\/v2\/posts\/2722","targetHints":{"allow":["GET"]}}],"collection":[{"href":"https:\/\/agora.xtec.cat\/cfacastelldefels\/wp-json\/wp\/v2\/posts"}],"about":[{"href":"https:\/\/agora.xtec.cat\/cfacastelldefels\/wp-json\/wp\/v2\/types\/post"}],"author":[{"embeddable":true,"href":"https:\/\/agora.xtec.cat\/cfacastelldefels\/wp-json\/wp\/v2\/users\/1"}],"replies":[{"embeddable":true,"href":"https:\/\/agora.xtec.cat\/cfacastelldefels\/wp-json\/wp\/v2\/comments?post=2722"}],"version-history":[{"count":1,"href":"https:\/\/agora.xtec.cat\/cfacastelldefels\/wp-json\/wp\/v2\/posts\/2722\/revisions"}],"predecessor-version":[{"id":2724,"href":"https:\/\/agora.xtec.cat\/cfacastelldefels\/wp-json\/wp\/v2\/posts\/2722\/revisions\/2724"}],"wp:attachment":[{"href":"https:\/\/agora.xtec.cat\/cfacastelldefels\/wp-json\/wp\/v2\/media?parent=2722"}],"wp:term":[{"taxonomy":"category","embeddable":true,"href":"https:\/\/agora.xtec.cat\/cfacastelldefels\/wp-json\/wp\/v2\/categories?post=2722"},{"taxonomy":"post_tag","embeddable":true,"href":"https:\/\/agora.xtec.cat\/cfacastelldefels\/wp-json\/wp\/v2\/tags?post=2722"}],"curies":[{"name":"wp","href":"https:\/\/api.w.org\/{rel}","templated":true}]}}