{"id":2318,"date":"2020-05-13T10:40:44","date_gmt":"2020-05-13T08:40:44","guid":{"rendered":"https:\/\/agora.xtec.cat\/cfacastelldefels\/?p=2318"},"modified":"2020-06-30T10:30:11","modified_gmt":"2020-06-30T08:30:11","slug":"preinscripcio-curs-2020-2021","status":"publish","type":"post","link":"https:\/\/agora.xtec.cat\/cfacastelldefels\/general\/preinscripcio-curs-2020-2021\/","title":{"rendered":"Preinscripci\u00f3 curs 2020-2021"},"content":{"rendered":"<h1 style=\"text-align: center;\">PREINSCRIPCI\u00d3 CURS 2020-21<\/h1>\n<ul>\n<li>\u00a0Preinscripci\u00f3 en els centre de formaci\u00f3 d&#8217;adults\u00a0<strong>del 15 al 29 de juny\u00a0<\/strong> (<a href=\"https:\/\/agora.xtec.cat\/cfacastelldefels\/el-centre\/preinscripcio-i-matricula\/\" target=\"_blank\" rel=\"noopener noreferrer\">calendari<\/a>)<\/li>\n<\/ul>\n<div style=\"width: 100%;\">\n<div style=\"position: relative; padding-bottom: 56.25%; padding-top: 0; height: 0;\"><iframe loading=\"lazy\" src=\"https:\/\/view.genial.ly\/5ed3800f67693c1203b0d54e\" width=\"672px\" height=\"378px\" frameborder=\"0\"><\/iframe><\/div>\n<\/div>\n<ul>\n<li>\n<h3>M\u00c9S INFORMACI\u00d3: \u00a0 <a href=\"https:\/\/agora.xtec.cat\/cfacastelldefels\/serveis\/acollida\/\" target=\"_blank\" rel=\"noopener noreferrer\">tr\u00edptics informatius\u00a0<\/a> o <a href=\"https:\/\/agora.xtec.cat\/cfacastelldefels\/ensenyaments\/video-tutorials-sobre-oferta-formativa\/\" target=\"_blank\" rel=\"noopener noreferrer\">v\u00eddeos explicatius<\/a>.<\/h3>\n<\/li>\n<\/ul>\n<h4>La preinscripci\u00f3 ser\u00e0 preferentment telem\u00e0tica, el centre donar\u00e0 suport per fer-la.<\/h4>\n<p>Si voleu informaci\u00f3 que no est\u00e0 al web o demanar cita presencial,\u00a0 cliqueu a &#8220;fer una consulta\/cita pr\u00e8via&#8221;.<\/p>\n<p><span style=\"color: #ff0000;\">Formulari de preinscripci\u00f3 estar\u00e0 disponible a partir del dia 15 de Juny.<\/span><\/p>\n<h3 style=\"text-align: center;\"><strong>Alumnat que ja est\u00e0 matriculat en el curs 2019-2020<\/strong><\/h3>\n<p>Enviar un email de confirmaci\u00f3 a partir del 8 de juny o quan ho digui el tutor. Si encara no ho heu fet, contacteu amb el vostre tutor si voleu continuar el proper curs. Heu d&#8217;escriure (nom\u00e9s es far\u00e0 reserva si s&#8217;ha enviat el missatge i el professorat confirma recepci\u00f3):<\/p>\n<ul>\n<li>Tema\/assumpte: reserva de NOM del curs xxx.<\/li>\n<li><em>Text: NOM amb dni\/nie\/passaport xxx confirmo que vull reservar pla\u00e7a per al curs xxx de nivell xxx de torn xxx.<\/em><\/li>\n<li><em> En cas d&#8217;haver variat dades personals (domicili, dni\/ passaport&#8230; ) cal enviar-ho per correu electr\u00f2nic, fotografiat o escanejat, clarament llegible. Si no s&#8217;ha variat no cal. Recomanem escanejar amb el m\u00f2bil amb qualsevol app d&#8217;esc\u00e0ner gratu\u00efta.<br \/>\n<\/em><\/li>\n<li>L&#8217;alumnat que promociona de nivells anteriors t\u00e9 prefer\u00e8ncia en la matr\u00edcula.<\/li>\n<li>Cal confirmar la matr\u00edcula en la primera setmana de setembre i aportar el justificant de la quota de material.<\/li>\n<\/ul>\n<p>L\u00edmit dimecres 10 de juny.<\/p>\n","protected":false},"excerpt":{"rendered":"<p>PREINSCRIPCI\u00d3 CURS 2020-21 \u00a0Preinscripci\u00f3 en els centre de formaci\u00f3 d&#8217;adults\u00a0del 15 al 29 de juny\u00a0 (calendari) M\u00c9S INFORMACI\u00d3: \u00a0 tr\u00edptics informatius\u00a0 o v\u00eddeos explicatius. La preinscripci\u00f3 ser\u00e0 preferentment telem\u00e0tica, el centre donar\u00e0 suport per fer-la. Si voleu informaci\u00f3 que no est\u00e0 al web o demanar cita presencial,\u00a0 cliqueu a &#8220;fer una consulta\/cita pr\u00e8via&#8221;. Formulari de [&hellip;]<\/p>\n","protected":false},"author":1,"featured_media":0,"comment_status":"closed","ping_status":"closed","sticky":false,"template":"","format":"standard","meta":{"_bbp_topic_count":0,"_bbp_reply_count":0,"_bbp_total_topic_count":0,"_bbp_total_reply_count":0,"_bbp_voice_count":0,"_bbp_anonymous_reply_count":0,"_bbp_topic_count_hidden":0,"_bbp_reply_count_hidden":0,"_bbp_forum_subforum_count":0,"site-sidebar-layout":"default","site-content-layout":"","ast-site-content-layout":"","site-content-style":"default","site-sidebar-style":"default","ast-global-header-display":"","ast-banner-title-visibility":"","ast-main-header-display":"","ast-hfb-above-header-display":"","ast-hfb-below-header-display":"","ast-hfb-mobile-header-display":"","site-post-title":"","ast-breadcrumbs-content":"","ast-featured-img":"","footer-sml-layout":"","theme-transparent-header-meta":"","adv-header-id-meta":"","stick-header-meta":"","header-above-stick-meta":"","header-main-stick-meta":"","header-below-stick-meta":"","astra-migrate-meta-layouts":"default","ast-page-background-enabled":"default","ast-page-background-meta":{"desktop":{"background-color":"var(--ast-global-color-4)","background-image":"","background-repeat":"repeat","background-position":"center center","background-size":"auto","background-attachment":"scroll","background-type":"","background-media":"","overlay-type":"","overlay-color":"","overlay-opacity":"","overlay-gradient":""},"tablet":{"background-color":"","background-image":"","background-repeat":"repeat","background-position":"center center","background-size":"auto","background-attachment":"scroll","background-type":"","background-media":"","overlay-type":"","overlay-color":"","overlay-opacity":"","overlay-gradient":""},"mobile":{"background-color":"","background-image":"","background-repeat":"repeat","background-position":"center center","background-size":"auto","background-attachment":"scroll","background-type":"","background-media":"","overlay-type":"","overlay-color":"","overlay-opacity":"","overlay-gradient":""}},"ast-content-background-meta":{"desktop":{"background-color":"var(--ast-global-color-5)","background-image":"","background-repeat":"repeat","background-position":"center center","background-size":"auto","background-attachment":"scroll","background-type":"","background-media":"","overlay-type":"","overlay-color":"","overlay-opacity":"","overlay-gradient":""},"tablet":{"background-color":"var(--ast-global-color-5)","background-image":"","background-repeat":"repeat","background-position":"center center","background-size":"auto","background-attachment":"scroll","background-type":"","background-media":"","overlay-type":"","overlay-color":"","overlay-opacity":"","overlay-gradient":""},"mobile":{"background-color":"var(--ast-global-color-5)","background-image":"","background-repeat":"repeat","background-position":"center center","background-size":"auto","background-attachment":"scroll","background-type":"","background-media":"","overlay-type":"","overlay-color":"","overlay-opacity":"","overlay-gradient":""}},"footnotes":""},"categories":[1,86,29],"tags":[157,66,139],"class_list":["post-2318","post","type-post","status-publish","format-standard","hentry","category-general","category-muralla-digital-revista","category-portada","tag-confirmacio","tag-matricula","tag-preisncripcio"],"post_mailing_queue_ids":[],"_links":{"self":[{"href":"https:\/\/agora.xtec.cat\/cfacastelldefels\/wp-json\/wp\/v2\/posts\/2318","targetHints":{"allow":["GET"]}}],"collection":[{"href":"https:\/\/agora.xtec.cat\/cfacastelldefels\/wp-json\/wp\/v2\/posts"}],"about":[{"href":"https:\/\/agora.xtec.cat\/cfacastelldefels\/wp-json\/wp\/v2\/types\/post"}],"author":[{"embeddable":true,"href":"https:\/\/agora.xtec.cat\/cfacastelldefels\/wp-json\/wp\/v2\/users\/1"}],"replies":[{"embeddable":true,"href":"https:\/\/agora.xtec.cat\/cfacastelldefels\/wp-json\/wp\/v2\/comments?post=2318"}],"version-history":[{"count":3,"href":"https:\/\/agora.xtec.cat\/cfacastelldefels\/wp-json\/wp\/v2\/posts\/2318\/revisions"}],"predecessor-version":[{"id":2498,"href":"https:\/\/agora.xtec.cat\/cfacastelldefels\/wp-json\/wp\/v2\/posts\/2318\/revisions\/2498"}],"wp:attachment":[{"href":"https:\/\/agora.xtec.cat\/cfacastelldefels\/wp-json\/wp\/v2\/media?parent=2318"}],"wp:term":[{"taxonomy":"category","embeddable":true,"href":"https:\/\/agora.xtec.cat\/cfacastelldefels\/wp-json\/wp\/v2\/categories?post=2318"},{"taxonomy":"post_tag","embeddable":true,"href":"https:\/\/agora.xtec.cat\/cfacastelldefels\/wp-json\/wp\/v2\/tags?post=2318"}],"curies":[{"name":"wp","href":"https:\/\/api.w.org\/{rel}","templated":true}]}}