{"id":2272,"date":"2020-04-14T09:57:13","date_gmt":"2020-04-14T07:57:13","guid":{"rendered":"https:\/\/agora.xtec.cat\/cfacastelldefels\/?p=2272"},"modified":"2020-04-14T09:59:20","modified_gmt":"2020-04-14T07:59:20","slug":"reinici-del-curs-en-modalitat-online","status":"publish","type":"post","link":"https:\/\/agora.xtec.cat\/cfacastelldefels\/general\/reinici-del-curs-en-modalitat-online\/","title":{"rendered":"Reinici del curs en modalitat online"},"content":{"rendered":"<p style=\"text-align: center;\">Tornem a connectar i iniciar els cursos per\u00f2 en modalitat online\u00a0 nova adre\u00e7a moodle <a href=\"https:\/\/educaciodigital.cat\/cfacastelldefels\/moodle\/\">https:\/\/educaciodigital.cat\/cfacastelldefels\/moodle\/<\/a><\/p>\n<p>Avui 14 d&#8217;abril reiniciar\u00e0 el 3r trimestre, per\u00f2 de manera onlie.<\/p>\n<p>Continuem en situaci\u00f3 de pand\u00e8mia, un record sentit per tots els que han traspassat, els que estan patint, contra la qual tots estem lluitant, uns en primera l\u00ednia, als quals volem agrair tot el seu treball (sanitaris, personal d&#8217;administraci\u00f3, de neteja, repartidors, comer\u00e7 de bens necessaris&#8230;.) altres restant a casa.<\/p>\n<p>Esteu atents al correu electr\u00f2nic, f\u00f2rums de moodle, grups de conversa de telegram, whatsapp, o qualsevol altra manera que heu usat fins ara per comunicar-vos. No ha de ser el format\u00a0 online una replicaci\u00f3 de les classes, presencials per\u00f2 ens permetr\u00e0 avan\u00e7ar, especialment per a l&#8217;alumnat del GES que va iniciar en mar\u00e7 nous m\u00f2duls.<\/p>\n<p>Contacteu amb els companys cal fer un suport emocional. Si per qualsevol motiu no podeu seguir el curs, mireu de contactar amb el tutor\/a o professorat de la mat\u00e8ria.<\/p>\n<p>Una forta salutaci\u00f3 de part de tot l&#8217;equip de professorat del CFA Castelldefels<\/p>\n","protected":false},"excerpt":{"rendered":"<p>Tornem a connectar i iniciar els cursos per\u00f2 en modalitat online\u00a0 nova adre\u00e7a moodle https:\/\/educaciodigital.cat\/cfacastelldefels\/moodle\/ Avui 14 d&#8217;abril reiniciar\u00e0 el 3r trimestre, per\u00f2 de manera onlie. Continuem en situaci\u00f3 de pand\u00e8mia, un record sentit per tots els que han traspassat, els que estan patint, contra la qual tots estem lluitant, uns en primera l\u00ednia, als [&hellip;]<\/p>\n","protected":false},"author":1,"featured_media":0,"comment_status":"closed","ping_status":"closed","sticky":false,"template":"","format":"standard","meta":{"_bbp_topic_count":0,"_bbp_reply_count":0,"_bbp_total_topic_count":0,"_bbp_total_reply_count":0,"_bbp_voice_count":0,"_bbp_anonymous_reply_count":0,"_bbp_topic_count_hidden":0,"_bbp_reply_count_hidden":0,"_bbp_forum_subforum_count":0,"site-sidebar-layout":"default","site-content-layout":"","ast-site-content-layout":"","site-content-style":"default","site-sidebar-style":"default","ast-global-header-display":"","ast-banner-title-visibility":"","ast-main-header-display":"","ast-hfb-above-header-display":"","ast-hfb-below-header-display":"","ast-hfb-mobile-header-display":"","site-post-title":"","ast-breadcrumbs-content":"","ast-featured-img":"","footer-sml-layout":"","theme-transparent-header-meta":"","adv-header-id-meta":"","stick-header-meta":"","header-above-stick-meta":"","header-main-stick-meta":"","header-below-stick-meta":"","astra-migrate-meta-layouts":"default","ast-page-background-enabled":"default","ast-page-background-meta":{"desktop":{"background-color":"var(--ast-global-color-4)","background-image":"","background-repeat":"repeat","background-position":"center center","background-size":"auto","background-attachment":"scroll","background-type":"","background-media":"","overlay-type":"","overlay-color":"","overlay-opacity":"","overlay-gradient":""},"tablet":{"background-color":"","background-image":"","background-repeat":"repeat","background-position":"center center","background-size":"auto","background-attachment":"scroll","background-type":"","background-media":"","overlay-type":"","overlay-color":"","overlay-opacity":"","overlay-gradient":""},"mobile":{"background-color":"","background-image":"","background-repeat":"repeat","background-position":"center center","background-size":"auto","background-attachment":"scroll","background-type":"","background-media":"","overlay-type":"","overlay-color":"","overlay-opacity":"","overlay-gradient":""}},"ast-content-background-meta":{"desktop":{"background-color":"var(--ast-global-color-5)","background-image":"","background-repeat":"repeat","background-position":"center center","background-size":"auto","background-attachment":"scroll","background-type":"","background-media":"","overlay-type":"","overlay-color":"","overlay-opacity":"","overlay-gradient":""},"tablet":{"background-color":"var(--ast-global-color-5)","background-image":"","background-repeat":"repeat","background-position":"center center","background-size":"auto","background-attachment":"scroll","background-type":"","background-media":"","overlay-type":"","overlay-color":"","overlay-opacity":"","overlay-gradient":""},"mobile":{"background-color":"var(--ast-global-color-5)","background-image":"","background-repeat":"repeat","background-position":"center center","background-size":"auto","background-attachment":"scroll","background-type":"","background-media":"","overlay-type":"","overlay-color":"","overlay-opacity":"","overlay-gradient":""}},"footnotes":""},"categories":[80,1,29],"tags":[],"class_list":["post-2272","post","type-post","status-publish","format-standard","hentry","category-educacio","category-general","category-portada"],"post_mailing_queue_ids":[],"_links":{"self":[{"href":"https:\/\/agora.xtec.cat\/cfacastelldefels\/wp-json\/wp\/v2\/posts\/2272","targetHints":{"allow":["GET"]}}],"collection":[{"href":"https:\/\/agora.xtec.cat\/cfacastelldefels\/wp-json\/wp\/v2\/posts"}],"about":[{"href":"https:\/\/agora.xtec.cat\/cfacastelldefels\/wp-json\/wp\/v2\/types\/post"}],"author":[{"embeddable":true,"href":"https:\/\/agora.xtec.cat\/cfacastelldefels\/wp-json\/wp\/v2\/users\/1"}],"replies":[{"embeddable":true,"href":"https:\/\/agora.xtec.cat\/cfacastelldefels\/wp-json\/wp\/v2\/comments?post=2272"}],"version-history":[{"count":2,"href":"https:\/\/agora.xtec.cat\/cfacastelldefels\/wp-json\/wp\/v2\/posts\/2272\/revisions"}],"predecessor-version":[{"id":2275,"href":"https:\/\/agora.xtec.cat\/cfacastelldefels\/wp-json\/wp\/v2\/posts\/2272\/revisions\/2275"}],"wp:attachment":[{"href":"https:\/\/agora.xtec.cat\/cfacastelldefels\/wp-json\/wp\/v2\/media?parent=2272"}],"wp:term":[{"taxonomy":"category","embeddable":true,"href":"https:\/\/agora.xtec.cat\/cfacastelldefels\/wp-json\/wp\/v2\/categories?post=2272"},{"taxonomy":"post_tag","embeddable":true,"href":"https:\/\/agora.xtec.cat\/cfacastelldefels\/wp-json\/wp\/v2\/tags?post=2272"}],"curies":[{"name":"wp","href":"https:\/\/api.w.org\/{rel}","templated":true}]}}