{"id":2257,"date":"2020-04-03T20:25:21","date_gmt":"2020-04-03T18:25:21","guid":{"rendered":"https:\/\/agora.xtec.cat\/cfacastelldefels\/?p=2257"},"modified":"2020-06-09T10:51:58","modified_gmt":"2020-06-09T08:51:58","slug":"setmana-santa-primavera","status":"publish","type":"post","link":"https:\/\/agora.xtec.cat\/cfacastelldefels\/muralla-digital-revista\/setmana-santa-primavera\/","title":{"rendered":"Setmana Santa\/Primavera"},"content":{"rendered":"<p>Us informem que des d&#8217;avui Divendres 3 fins el dilluns 13 d&#8217;abril el professorat restar\u00e0 desconnectat per descans de Setmana Santa\/ Primavera. Us recordem que tots teniu plans de treball per a aquests propers dies. Us aconsellem aprofiteu per seguir treballant. El dia 14 d&#8217;abril comen\u00e7ar\u00e0 de manera virtual el 3r trimestre amb activitats avaluables. El seguiment de les mat\u00e8ries \u00e9s important i el treball personal que en feu. <strong>No s\u00f3n v\u00e0lides les propostes que no es fan personalment<\/strong>.<\/p>\n<p><strong>Us proposem que si useu Instagram o Twitter, podeu fer posts del que es veu des de la vostra finestra en forma de foto i fins i tot v\u00eddeos de nom\u00e9s de 10 segons. Useu el hashtag #cfacastelldefels<\/strong><\/p>\n<p><img loading=\"lazy\" decoding=\"async\" class=\"alignright\" src=\"https:\/\/www.worldatlas.com\/r\/w728-h425-c728x425\/upload\/81\/81\/4e\/shutterstock-565004161.jpg\" width=\"334\" height=\"195\" \/><\/p>\n<p><span style=\"color: #993366;\"><em><span style=\"color: #993366;\">Les informamos que desde hoy viernes 3 y hasta el lunes 13 de abril, el profesorado estar\u00e1 desconectado por descanso de Semana Santa\/ primavera. Les recordamos que todos ten\u00e9is\u00a0planes de trabajo para los pr\u00f3ximos d\u00edas. Les aconsejamos aprovechen para seguir trabando. El d\u00eda\u00a014 de abril empezar\u00e1 de manera virtual el 3r trimestre con actividades evaluables. El seguimiento de las materias es importante i el trabajo personal que realizan. <\/span><\/em><strong style=\"color: #993366;\"><em>No son v\u00e1lidas las propuestas no hechas personalmente por el alumnado.<\/em> <\/strong><\/span><\/p>\n<p><strong><span style=\"color: #993366;\"><em>Les proponemos que si usan Instagram o Twitter, pueden hacer posts de lo que se ve desde sus ventanas en forma de foto o v\u00eddeo de no m\u00e1s de 10 segundos. Usen el hashtag #cfacastelldefels<\/em><\/span><\/strong><\/p>\n<p>Salutacions de tot el professorat<\/p>\n","protected":false},"excerpt":{"rendered":"<p>Us informem que des d&#8217;avui Divendres 3 fins el dilluns 13 d&#8217;abril el professorat restar\u00e0 desconnectat per descans de Setmana Santa\/ Primavera. Us recordem que tots teniu plans de treball per a aquests propers dies. Us aconsellem aprofiteu per seguir treballant. El dia 14 d&#8217;abril comen\u00e7ar\u00e0 de manera virtual el 3r trimestre amb activitats avaluables. [&hellip;]<\/p>\n","protected":false},"author":1,"featured_media":2258,"comment_status":"closed","ping_status":"closed","sticky":false,"template":"","format":"standard","meta":{"_bbp_topic_count":0,"_bbp_reply_count":0,"_bbp_total_topic_count":0,"_bbp_total_reply_count":0,"_bbp_voice_count":0,"_bbp_anonymous_reply_count":0,"_bbp_topic_count_hidden":0,"_bbp_reply_count_hidden":0,"_bbp_forum_subforum_count":0,"site-sidebar-layout":"default","site-content-layout":"","ast-site-content-layout":"","site-content-style":"default","site-sidebar-style":"default","ast-global-header-display":"","ast-banner-title-visibility":"","ast-main-header-display":"","ast-hfb-above-header-display":"","ast-hfb-below-header-display":"","ast-hfb-mobile-header-display":"","site-post-title":"","ast-breadcrumbs-content":"","ast-featured-img":"","footer-sml-layout":"","theme-transparent-header-meta":"","adv-header-id-meta":"","stick-header-meta":"","header-above-stick-meta":"","header-main-stick-meta":"","header-below-stick-meta":"","astra-migrate-meta-layouts":"default","ast-page-background-enabled":"default","ast-page-background-meta":{"desktop":{"background-color":"var(--ast-global-color-4)","background-image":"","background-repeat":"repeat","background-position":"center center","background-size":"auto","background-attachment":"scroll","background-type":"","background-media":"","overlay-type":"","overlay-color":"","overlay-opacity":"","overlay-gradient":""},"tablet":{"background-color":"","background-image":"","background-repeat":"repeat","background-position":"center center","background-size":"auto","background-attachment":"scroll","background-type":"","background-media":"","overlay-type":"","overlay-color":"","overlay-opacity":"","overlay-gradient":""},"mobile":{"background-color":"","background-image":"","background-repeat":"repeat","background-position":"center center","background-size":"auto","background-attachment":"scroll","background-type":"","background-media":"","overlay-type":"","overlay-color":"","overlay-opacity":"","overlay-gradient":""}},"ast-content-background-meta":{"desktop":{"background-color":"var(--ast-global-color-5)","background-image":"","background-repeat":"repeat","background-position":"center center","background-size":"auto","background-attachment":"scroll","background-type":"","background-media":"","overlay-type":"","overlay-color":"","overlay-opacity":"","overlay-gradient":""},"tablet":{"background-color":"var(--ast-global-color-5)","background-image":"","background-repeat":"repeat","background-position":"center center","background-size":"auto","background-attachment":"scroll","background-type":"","background-media":"","overlay-type":"","overlay-color":"","overlay-opacity":"","overlay-gradient":""},"mobile":{"background-color":"var(--ast-global-color-5)","background-image":"","background-repeat":"repeat","background-position":"center center","background-size":"auto","background-attachment":"scroll","background-type":"","background-media":"","overlay-type":"","overlay-color":"","overlay-opacity":"","overlay-gradient":""}},"footnotes":""},"categories":[86],"tags":[],"class_list":["post-2257","post","type-post","status-publish","format-standard","has-post-thumbnail","hentry","category-muralla-digital-revista"],"post_mailing_queue_ids":[],"_links":{"self":[{"href":"https:\/\/agora.xtec.cat\/cfacastelldefels\/wp-json\/wp\/v2\/posts\/2257","targetHints":{"allow":["GET"]}}],"collection":[{"href":"https:\/\/agora.xtec.cat\/cfacastelldefels\/wp-json\/wp\/v2\/posts"}],"about":[{"href":"https:\/\/agora.xtec.cat\/cfacastelldefels\/wp-json\/wp\/v2\/types\/post"}],"author":[{"embeddable":true,"href":"https:\/\/agora.xtec.cat\/cfacastelldefels\/wp-json\/wp\/v2\/users\/1"}],"replies":[{"embeddable":true,"href":"https:\/\/agora.xtec.cat\/cfacastelldefels\/wp-json\/wp\/v2\/comments?post=2257"}],"version-history":[{"count":3,"href":"https:\/\/agora.xtec.cat\/cfacastelldefels\/wp-json\/wp\/v2\/posts\/2257\/revisions"}],"predecessor-version":[{"id":2325,"href":"https:\/\/agora.xtec.cat\/cfacastelldefels\/wp-json\/wp\/v2\/posts\/2257\/revisions\/2325"}],"wp:featuredmedia":[{"embeddable":true,"href":"https:\/\/agora.xtec.cat\/cfacastelldefels\/wp-json\/wp\/v2\/media\/2258"}],"wp:attachment":[{"href":"https:\/\/agora.xtec.cat\/cfacastelldefels\/wp-json\/wp\/v2\/media?parent=2257"}],"wp:term":[{"taxonomy":"category","embeddable":true,"href":"https:\/\/agora.xtec.cat\/cfacastelldefels\/wp-json\/wp\/v2\/categories?post=2257"},{"taxonomy":"post_tag","embeddable":true,"href":"https:\/\/agora.xtec.cat\/cfacastelldefels\/wp-json\/wp\/v2\/tags?post=2257"}],"curies":[{"name":"wp","href":"https:\/\/api.w.org\/{rel}","templated":true}]}}