{"id":2186,"date":"2020-01-25T13:15:23","date_gmt":"2020-01-25T12:15:23","guid":{"rendered":"https:\/\/agora.xtec.cat\/cfacastelldefels\/?p=2186"},"modified":"2020-01-25T13:15:23","modified_gmt":"2020-01-25T12:15:23","slug":"any-nou-xines-%e6%96%b0%e5%b9%b4%e5%bf%ab%e4%b9%90","status":"publish","type":"post","link":"https:\/\/agora.xtec.cat\/cfacastelldefels\/general\/any-nou-xines-%e6%96%b0%e5%b9%b4%e5%bf%ab%e4%b9%90\/","title":{"rendered":"Any nou Xin\u00e8s! \u65b0\u5e74\u5feb\u4e50"},"content":{"rendered":"<h4>El 25 de gener comen\u00e7a l&#8217;any nou xin\u00e8s, <span style=\"color: #ff0000;\">4717, any de la rata\u00a0\u00a0\u00a0\u00a0 <\/span><\/h4>\n<h3 style=\"text-align: center;\"><span lang=\"zh-CN\">\u65b0\u5e74\u5feb\u4e50<\/span><\/h3>\n<p>L\u2019any de la rata de metall 2020 comen\u00e7a el<strong>\u00a0dissabte 25 de gener\u00a0<\/strong>i acaba el dia 11 de febrer del 2021, i \u00e9s l\u2019any 4717 del calendari xin\u00e8s. Segons l\u2019hor\u00f2scop xin\u00e8s,<strong> ser\u00e0 un any d\u2019\u00e8xits, for\u00e7a, amor i diners<\/strong>, en el qual la gent mostrar\u00e0 especial determinaci\u00f3 pel que fa als seus prop\u00f2sits, aspiracions i, fins i tot, les seves aficions. Es considera, doncs, un <strong>bon any per emprendre projectes<\/strong> <strong>nous<\/strong>, perqu\u00e8 poden tenir futur.<\/p>\n<p><img loading=\"lazy\" decoding=\"async\" class=\"size-large alignleft\" src=\"https:\/\/www.ara.cat\/2019\/02\/01\/estils\/carrers-Eixample-Arc-Triomf-ompliran_2172392946_60109842_651x366.png\" width=\"651\" height=\"366\" \/><\/p>\n<p>En la llegenda xinesa, s\u2019explica que l\u2019Emperador de Jade va organitzar una cursa entre tots els animals per a decidir quin d\u2019ells formarien part de l\u2019hor\u00f2scop xin\u00e8s i en quin ordre, \u00e9s per aix\u00f2 que proposem la cursa de l\u2019hor\u00f2scop xin\u00e8s modern, per a descobrir quin animal ser\u00e0 el campi\u00f3! Ser\u00e0s tu qui guanyar\u00e0 la cursa?<\/p>\n<p>Rata, Bou, Tigre, Conill, Drac, Serp, Cavall, Cabra, Mico, Gall, Gos i Porc.<\/p>\n<p>Deistgem a tot el nostre alumnat un feli\u00e7 any nou<\/p>\n<p>&nbsp;<\/p>\n<p>&nbsp;<\/p>\n","protected":false},"excerpt":{"rendered":"<p>El 25 de gener comen\u00e7a l&#8217;any nou xin\u00e8s, 4717, any de la rata\u00a0\u00a0\u00a0\u00a0 \u65b0\u5e74\u5feb\u4e50 L\u2019any de la rata de metall 2020 comen\u00e7a el\u00a0dissabte 25 de gener\u00a0i acaba el dia 11 de febrer del 2021, i \u00e9s l\u2019any 4717 del calendari xin\u00e8s. Segons l\u2019hor\u00f2scop xin\u00e8s, ser\u00e0 un any d\u2019\u00e8xits, for\u00e7a, amor i diners, en el qual [&hellip;]<\/p>\n","protected":false},"author":1,"featured_media":2187,"comment_status":"open","ping_status":"closed","sticky":false,"template":"","format":"standard","meta":{"_bbp_topic_count":0,"_bbp_reply_count":0,"_bbp_total_topic_count":0,"_bbp_total_reply_count":0,"_bbp_voice_count":0,"_bbp_anonymous_reply_count":0,"_bbp_topic_count_hidden":0,"_bbp_reply_count_hidden":0,"_bbp_forum_subforum_count":0,"site-sidebar-layout":"default","site-content-layout":"","ast-site-content-layout":"","site-content-style":"default","site-sidebar-style":"default","ast-global-header-display":"","ast-banner-title-visibility":"","ast-main-header-display":"","ast-hfb-above-header-display":"","ast-hfb-below-header-display":"","ast-hfb-mobile-header-display":"","site-post-title":"","ast-breadcrumbs-content":"","ast-featured-img":"","footer-sml-layout":"","theme-transparent-header-meta":"","adv-header-id-meta":"","stick-header-meta":"","header-above-stick-meta":"","header-main-stick-meta":"","header-below-stick-meta":"","astra-migrate-meta-layouts":"default","ast-page-background-enabled":"default","ast-page-background-meta":{"desktop":{"background-color":"var(--ast-global-color-4)","background-image":"","background-repeat":"repeat","background-position":"center center","background-size":"auto","background-attachment":"scroll","background-type":"","background-media":"","overlay-type":"","overlay-color":"","overlay-opacity":"","overlay-gradient":""},"tablet":{"background-color":"","background-image":"","background-repeat":"repeat","background-position":"center center","background-size":"auto","background-attachment":"scroll","background-type":"","background-media":"","overlay-type":"","overlay-color":"","overlay-opacity":"","overlay-gradient":""},"mobile":{"background-color":"","background-image":"","background-repeat":"repeat","background-position":"center center","background-size":"auto","background-attachment":"scroll","background-type":"","background-media":"","overlay-type":"","overlay-color":"","overlay-opacity":"","overlay-gradient":""}},"ast-content-background-meta":{"desktop":{"background-color":"var(--ast-global-color-5)","background-image":"","background-repeat":"repeat","background-position":"center center","background-size":"auto","background-attachment":"scroll","background-type":"","background-media":"","overlay-type":"","overlay-color":"","overlay-opacity":"","overlay-gradient":""},"tablet":{"background-color":"var(--ast-global-color-5)","background-image":"","background-repeat":"repeat","background-position":"center center","background-size":"auto","background-attachment":"scroll","background-type":"","background-media":"","overlay-type":"","overlay-color":"","overlay-opacity":"","overlay-gradient":""},"mobile":{"background-color":"var(--ast-global-color-5)","background-image":"","background-repeat":"repeat","background-position":"center center","background-size":"auto","background-attachment":"scroll","background-type":"","background-media":"","overlay-type":"","overlay-color":"","overlay-opacity":"","overlay-gradient":""}},"footnotes":""},"categories":[1,86,29],"tags":[],"class_list":["post-2186","post","type-post","status-publish","format-standard","has-post-thumbnail","hentry","category-general","category-muralla-digital-revista","category-portada"],"post_mailing_queue_ids":[],"_links":{"self":[{"href":"https:\/\/agora.xtec.cat\/cfacastelldefels\/wp-json\/wp\/v2\/posts\/2186","targetHints":{"allow":["GET"]}}],"collection":[{"href":"https:\/\/agora.xtec.cat\/cfacastelldefels\/wp-json\/wp\/v2\/posts"}],"about":[{"href":"https:\/\/agora.xtec.cat\/cfacastelldefels\/wp-json\/wp\/v2\/types\/post"}],"author":[{"embeddable":true,"href":"https:\/\/agora.xtec.cat\/cfacastelldefels\/wp-json\/wp\/v2\/users\/1"}],"replies":[{"embeddable":true,"href":"https:\/\/agora.xtec.cat\/cfacastelldefels\/wp-json\/wp\/v2\/comments?post=2186"}],"version-history":[{"count":1,"href":"https:\/\/agora.xtec.cat\/cfacastelldefels\/wp-json\/wp\/v2\/posts\/2186\/revisions"}],"predecessor-version":[{"id":2188,"href":"https:\/\/agora.xtec.cat\/cfacastelldefels\/wp-json\/wp\/v2\/posts\/2186\/revisions\/2188"}],"wp:featuredmedia":[{"embeddable":true,"href":"https:\/\/agora.xtec.cat\/cfacastelldefels\/wp-json\/wp\/v2\/media\/2187"}],"wp:attachment":[{"href":"https:\/\/agora.xtec.cat\/cfacastelldefels\/wp-json\/wp\/v2\/media?parent=2186"}],"wp:term":[{"taxonomy":"category","embeddable":true,"href":"https:\/\/agora.xtec.cat\/cfacastelldefels\/wp-json\/wp\/v2\/categories?post=2186"},{"taxonomy":"post_tag","embeddable":true,"href":"https:\/\/agora.xtec.cat\/cfacastelldefels\/wp-json\/wp\/v2\/tags?post=2186"}],"curies":[{"name":"wp","href":"https:\/\/api.w.org\/{rel}","templated":true}]}}