{"id":2168,"date":"2020-01-20T16:13:35","date_gmt":"2020-01-20T15:13:35","guid":{"rendered":"https:\/\/agora.xtec.cat\/cfacastelldefels\/?p=2168"},"modified":"2020-01-20T16:17:46","modified_gmt":"2020-01-20T15:17:46","slug":"sortida-final-de-curs-a-andorra","status":"publish","type":"post","link":"https:\/\/agora.xtec.cat\/cfacastelldefels\/general\/sortida-final-de-curs-a-andorra\/","title":{"rendered":"Sortida final de curs a Andorra!"},"content":{"rendered":"<p>Benvolgut alumnat,<br \/>\nUs informem que el centre est\u00e0 preparant una sortida per al proper 18 de maig a Andorra. El programa \u00e9s el seg\u00fcent:<a href=\"https:\/\/agora.xtec.cat\/cfacastelldefels\/wp-content\/uploads\/usu251\/2020\/01\/625_2.jpg\"><img loading=\"lazy\" decoding=\"async\" class=\" wp-image-2169 alignright\" src=\"https:\/\/agora.xtec.cat\/cfacastelldefels\/wp-content\/uploads\/usu251\/2020\/01\/625_2.jpg\" alt=\"\" width=\"478\" height=\"310\" srcset=\"https:\/\/agora.xtec.cat\/cfacastelldefels\/wp-content\/uploads\/usu251\/2020\/01\/625_2.jpg 709w, https:\/\/agora.xtec.cat\/cfacastelldefels\/wp-content\/uploads\/usu251\/2020\/01\/625_2-300x195.jpg 300w\" sizes=\"auto, (max-width: 478px) 100vw, 478px\" \/><\/a><br \/>\n<strong>DIA 18 DE MAIG DE 2020<\/strong><\/p>\n<ul>\n<li>SORTIDA A LES 8H DE CASTELLDEFELS<\/li>\n<li>VISITA DEL <a href=\"http:\/\/www.rutaspirineos.org\/fotografias\/rec-del-sola-andorra-la-vella\"><strong>REC DEL SOL\u00c0<\/strong><\/a> I ESGL\u00c9SIA DE SANTA COLOMA<\/li>\n<li>ARRIBADA ABANS DE LES 14 HORES A L\u2019HOTEL PER <strong>DINAR<\/strong> I CHECK \u2013 IN HABITACIONS DOBLES<\/li>\n<li>TARDA LLIURE\u00a0 <strong>SOPAR<\/strong> A L\u2019HOTEL<\/li>\n<\/ul>\n<p><strong>DIA 19 DE MAIG de 2020<\/strong><\/p>\n<ul>\n<li><strong>ESMORZAR<\/strong> A L\u2019HOTEL<\/li>\n<li>ACTIVITAT TREKKING: EXCURSI\u00d3 DE BAIXA MUNTANYA. RECORREGUT F\u00c0CIL, AMB POC DESNIVELL POSITIU, APTA PER ATOTHOM. APROXIMADAMENT UNES 4 HORES.<\/li>\n<li>TORNADA A L\u2019HOTEL PER <strong>DINAR\u00a0\u00a0<\/strong>TORNADA A CASTELLDEFELS<\/li>\n<\/ul>\n<p><a href=\"https:\/\/www.google.cat\/search?q=hotel+panorama+andorra&amp;source=lnms&amp;tbm=isch&amp;sa=X&amp;ved=2ahUKEwibo-na0fTmAhVPx4UKHez-BHkQ_AUoAnoECBEQBA&amp;biw=1920&amp;bih=966\"><strong>L\u2019HOTEL PANORAMA 4*<\/strong><\/a> DISPOSA DE ZONA DE RELAX ON PODEM GAUDIR DE PISCINA CLIMATITZADA, SAUNA, JACUZZI, GIMN\u00c0S.<br \/>\nEST\u00c0 A TOCAR DE LA ZONA DE COMPRES, DE CALDEA I DEL MUSEU THYSSEN.<br \/>\n<strong>IMPORTANT: LES INSCRIPCIONS ES FORMALITZARAN PER ESTRICTE ORDRE DE PAGAMENT.<\/strong><\/p>\n","protected":false},"excerpt":{"rendered":"<p>El CFA de Castelldefels organitza una sortida de final de curs els dies 18 i 19 de maig. Encara sou a temps d&#8217;apuntar-vos-hi!<\/p>\n","protected":false},"author":1,"featured_media":0,"comment_status":"closed","ping_status":"closed","sticky":false,"template":"","format":"standard","meta":{"_bbp_topic_count":0,"_bbp_reply_count":0,"_bbp_total_topic_count":0,"_bbp_total_reply_count":0,"_bbp_voice_count":0,"_bbp_anonymous_reply_count":0,"_bbp_topic_count_hidden":0,"_bbp_reply_count_hidden":0,"_bbp_forum_subforum_count":0,"site-sidebar-layout":"default","site-content-layout":"","ast-site-content-layout":"","site-content-style":"default","site-sidebar-style":"default","ast-global-header-display":"","ast-banner-title-visibility":"","ast-main-header-display":"","ast-hfb-above-header-display":"","ast-hfb-below-header-display":"","ast-hfb-mobile-header-display":"","site-post-title":"","ast-breadcrumbs-content":"","ast-featured-img":"","footer-sml-layout":"","theme-transparent-header-meta":"","adv-header-id-meta":"","stick-header-meta":"","header-above-stick-meta":"","header-main-stick-meta":"","header-below-stick-meta":"","astra-migrate-meta-layouts":"default","ast-page-background-enabled":"default","ast-page-background-meta":{"desktop":{"background-color":"var(--ast-global-color-4)","background-image":"","background-repeat":"repeat","background-position":"center center","background-size":"auto","background-attachment":"scroll","background-type":"","background-media":"","overlay-type":"","overlay-color":"","overlay-opacity":"","overlay-gradient":""},"tablet":{"background-color":"","background-image":"","background-repeat":"repeat","background-position":"center center","background-size":"auto","background-attachment":"scroll","background-type":"","background-media":"","overlay-type":"","overlay-color":"","overlay-opacity":"","overlay-gradient":""},"mobile":{"background-color":"","background-image":"","background-repeat":"repeat","background-position":"center center","background-size":"auto","background-attachment":"scroll","background-type":"","background-media":"","overlay-type":"","overlay-color":"","overlay-opacity":"","overlay-gradient":""}},"ast-content-background-meta":{"desktop":{"background-color":"var(--ast-global-color-5)","background-image":"","background-repeat":"repeat","background-position":"center center","background-size":"auto","background-attachment":"scroll","background-type":"","background-media":"","overlay-type":"","overlay-color":"","overlay-opacity":"","overlay-gradient":""},"tablet":{"background-color":"var(--ast-global-color-5)","background-image":"","background-repeat":"repeat","background-position":"center center","background-size":"auto","background-attachment":"scroll","background-type":"","background-media":"","overlay-type":"","overlay-color":"","overlay-opacity":"","overlay-gradient":""},"mobile":{"background-color":"var(--ast-global-color-5)","background-image":"","background-repeat":"repeat","background-position":"center center","background-size":"auto","background-attachment":"scroll","background-type":"","background-media":"","overlay-type":"","overlay-color":"","overlay-opacity":"","overlay-gradient":""}},"footnotes":""},"categories":[74,140,1,86,29],"tags":[62,117,39,125],"class_list":["post-2168","post","type-post","status-publish","format-standard","hentry","category-ajuntament","category-associacio","category-general","category-muralla-digital-revista","category-portada","tag-activitat","tag-cfacastelldefels","tag-sortides","tag-transversal"],"post_mailing_queue_ids":[],"_links":{"self":[{"href":"https:\/\/agora.xtec.cat\/cfacastelldefels\/wp-json\/wp\/v2\/posts\/2168","targetHints":{"allow":["GET"]}}],"collection":[{"href":"https:\/\/agora.xtec.cat\/cfacastelldefels\/wp-json\/wp\/v2\/posts"}],"about":[{"href":"https:\/\/agora.xtec.cat\/cfacastelldefels\/wp-json\/wp\/v2\/types\/post"}],"author":[{"embeddable":true,"href":"https:\/\/agora.xtec.cat\/cfacastelldefels\/wp-json\/wp\/v2\/users\/1"}],"replies":[{"embeddable":true,"href":"https:\/\/agora.xtec.cat\/cfacastelldefels\/wp-json\/wp\/v2\/comments?post=2168"}],"version-history":[{"count":3,"href":"https:\/\/agora.xtec.cat\/cfacastelldefels\/wp-json\/wp\/v2\/posts\/2168\/revisions"}],"predecessor-version":[{"id":2175,"href":"https:\/\/agora.xtec.cat\/cfacastelldefels\/wp-json\/wp\/v2\/posts\/2168\/revisions\/2175"}],"wp:attachment":[{"href":"https:\/\/agora.xtec.cat\/cfacastelldefels\/wp-json\/wp\/v2\/media?parent=2168"}],"wp:term":[{"taxonomy":"category","embeddable":true,"href":"https:\/\/agora.xtec.cat\/cfacastelldefels\/wp-json\/wp\/v2\/categories?post=2168"},{"taxonomy":"post_tag","embeddable":true,"href":"https:\/\/agora.xtec.cat\/cfacastelldefels\/wp-json\/wp\/v2\/tags?post=2168"}],"curies":[{"name":"wp","href":"https:\/\/api.w.org\/{rel}","templated":true}]}}