{"id":2119,"date":"2020-01-16T18:53:25","date_gmt":"2020-01-16T17:53:25","guid":{"rendered":"https:\/\/agora.xtec.cat\/cfacastelldefels\/?p=2119"},"modified":"2020-02-06T11:07:18","modified_gmt":"2020-02-06T10:07:18","slug":"proves-lliures-del-ges","status":"publish","type":"post","link":"https:\/\/agora.xtec.cat\/cfacastelldefels\/portada\/proves-lliures-del-ges\/","title":{"rendered":"Proves lliures del GES"},"content":{"rendered":"<p>Proves lliures del GES primera convocat\u00f2ria (<a href=\"http:\/\/ensenyament.gencat.cat\/ca\/serveis-tramits\/proves\/proves-lliures-obtencio-titols\/obtencio-geso-mes-18-anys\/\" target=\"_blank\" rel=\"noopener noreferrer\">web<\/a>)<\/p>\n<div class=\"col-xs-12 columna_esquerra\">\n<div class=\"cos_bloc basic_text_peq pd-15\">\n<p><strong>Inscripci\u00f3<\/strong><\/p>\n<ul>\n<li>Termini: del 3 de febrer (a les 9 h) fins al 10 de febrer de 2020<\/li>\n<li>Presentaci\u00f3 de la documentaci\u00f3 per a l&#8217;exempci\u00f3 de la llengua catalana, si escau: del 3 de febrer al 10 de febrer de 2020<\/li>\n<li>Llista provisional de persones admeses i excloses: a partir del 14 de febrer de 2020<\/li>\n<li>Presentaci\u00f3 de reclamacions i\/o documentaci\u00f3 justificativa de la convalidaci\u00f3 d&#8217;\u00e0mbits: del 14 de febrer al 28 de febrer de 2020<\/li>\n<li>Llista definitiva de persones admeses i excloses: a partir del 4 de mar\u00e7 de 2020<\/li>\n<\/ul>\n<p><strong>Prova<\/strong><\/p>\n<p><strong>12 de mar\u00e7 de 2020<\/strong><\/p>\n<ul>\n<li>de 9.30 a 10 h: verificaci\u00f3 de la identitat dels aspirants<\/li>\n<li>de 10 a 13 h: examen de l&#8217;\u00e0mbit cientificotecnol\u00f2gic<\/li>\n<li>de 15 a 15.30 h: verificaci\u00f3 de la identitat dels aspirants<\/li>\n<li>de 15.30 a 17.30 h: examen de l&#8217;\u00e0mbit social<\/li>\n<\/ul>\n<p><strong>13 de mar\u00e7 de 2020<\/strong><\/p>\n<ul>\n<li>\u00a0de 9.30 a 10 h: verificaci\u00f3 de la identitat de les persones aspirants.<\/li>\n<li>de 10 a 13 h: examen de l&#8217;\u00e0mbit de la comunicaci\u00f3 (llengua castellana i llengua catalana)<\/li>\n<li>de 13 a 13.15h: descans<\/li>\n<li>de 13.15 a 13.30h: verificaci\u00f3 de la identitat dels aspirants<\/li>\n<li>de 13.30 a 14.30h: examen de l&#8217;\u00e0mbit de la comunicaci\u00f3 (llengua estrangera)<\/li>\n<\/ul>\n<p><strong>Qualificacions <\/strong><\/p>\n<ul>\n<li>Provisionals: a partir del 27 de mar\u00e7 de 2020<\/li>\n<li>Presentaci\u00f3 de reclamacions: del 30 de mar\u00e7 a l&#8217;1 d&#8217;abril de 2020<\/li>\n<li>Definitives: a partir del 3 d&#8217;abril de 2020<\/li>\n<\/ul>\n<\/div>\n<\/div>\n<div class=\"col-sm-4 columna_destacats\"><\/div>\n","protected":false},"excerpt":{"rendered":"<p>Proves lliures del GES primera convocat\u00f2ria (web) Inscripci\u00f3 Termini: del 3 de febrer (a les 9 h) fins al 10 de febrer de 2020 Presentaci\u00f3 de la documentaci\u00f3 per a l&#8217;exempci\u00f3 de la llengua catalana, si escau: del 3 de febrer al 10 de febrer de 2020 Llista provisional de persones admeses i excloses: a [&hellip;]<\/p>\n","protected":false},"author":1,"featured_media":0,"comment_status":"closed","ping_status":"closed","sticky":false,"template":"","format":"standard","meta":{"_bbp_topic_count":0,"_bbp_reply_count":0,"_bbp_total_topic_count":0,"_bbp_total_reply_count":0,"_bbp_voice_count":0,"_bbp_anonymous_reply_count":0,"_bbp_topic_count_hidden":0,"_bbp_reply_count_hidden":0,"_bbp_forum_subforum_count":0,"site-sidebar-layout":"default","site-content-layout":"","ast-site-content-layout":"","site-content-style":"default","site-sidebar-style":"default","ast-global-header-display":"","ast-banner-title-visibility":"","ast-main-header-display":"","ast-hfb-above-header-display":"","ast-hfb-below-header-display":"","ast-hfb-mobile-header-display":"","site-post-title":"","ast-breadcrumbs-content":"","ast-featured-img":"","footer-sml-layout":"","theme-transparent-header-meta":"","adv-header-id-meta":"","stick-header-meta":"","header-above-stick-meta":"","header-main-stick-meta":"","header-below-stick-meta":"","astra-migrate-meta-layouts":"default","ast-page-background-enabled":"default","ast-page-background-meta":{"desktop":{"background-color":"var(--ast-global-color-4)","background-image":"","background-repeat":"repeat","background-position":"center center","background-size":"auto","background-attachment":"scroll","background-type":"","background-media":"","overlay-type":"","overlay-color":"","overlay-opacity":"","overlay-gradient":""},"tablet":{"background-color":"","background-image":"","background-repeat":"repeat","background-position":"center center","background-size":"auto","background-attachment":"scroll","background-type":"","background-media":"","overlay-type":"","overlay-color":"","overlay-opacity":"","overlay-gradient":""},"mobile":{"background-color":"","background-image":"","background-repeat":"repeat","background-position":"center center","background-size":"auto","background-attachment":"scroll","background-type":"","background-media":"","overlay-type":"","overlay-color":"","overlay-opacity":"","overlay-gradient":""}},"ast-content-background-meta":{"desktop":{"background-color":"var(--ast-global-color-5)","background-image":"","background-repeat":"repeat","background-position":"center center","background-size":"auto","background-attachment":"scroll","background-type":"","background-media":"","overlay-type":"","overlay-color":"","overlay-opacity":"","overlay-gradient":""},"tablet":{"background-color":"var(--ast-global-color-5)","background-image":"","background-repeat":"repeat","background-position":"center center","background-size":"auto","background-attachment":"scroll","background-type":"","background-media":"","overlay-type":"","overlay-color":"","overlay-opacity":"","overlay-gradient":""},"mobile":{"background-color":"var(--ast-global-color-5)","background-image":"","background-repeat":"repeat","background-position":"center center","background-size":"auto","background-attachment":"scroll","background-type":"","background-media":"","overlay-type":"","overlay-color":"","overlay-opacity":"","overlay-gradient":""}},"footnotes":""},"categories":[70,86,29],"tags":[58,148],"class_list":["post-2119","post","type-post","status-publish","format-standard","hentry","category-ges","category-muralla-digital-revista","category-portada","tag-ges","tag-proves"],"post_mailing_queue_ids":[],"_links":{"self":[{"href":"https:\/\/agora.xtec.cat\/cfacastelldefels\/wp-json\/wp\/v2\/posts\/2119","targetHints":{"allow":["GET"]}}],"collection":[{"href":"https:\/\/agora.xtec.cat\/cfacastelldefels\/wp-json\/wp\/v2\/posts"}],"about":[{"href":"https:\/\/agora.xtec.cat\/cfacastelldefels\/wp-json\/wp\/v2\/types\/post"}],"author":[{"embeddable":true,"href":"https:\/\/agora.xtec.cat\/cfacastelldefels\/wp-json\/wp\/v2\/users\/1"}],"replies":[{"embeddable":true,"href":"https:\/\/agora.xtec.cat\/cfacastelldefels\/wp-json\/wp\/v2\/comments?post=2119"}],"version-history":[{"count":1,"href":"https:\/\/agora.xtec.cat\/cfacastelldefels\/wp-json\/wp\/v2\/posts\/2119\/revisions"}],"predecessor-version":[{"id":2120,"href":"https:\/\/agora.xtec.cat\/cfacastelldefels\/wp-json\/wp\/v2\/posts\/2119\/revisions\/2120"}],"wp:attachment":[{"href":"https:\/\/agora.xtec.cat\/cfacastelldefels\/wp-json\/wp\/v2\/media?parent=2119"}],"wp:term":[{"taxonomy":"category","embeddable":true,"href":"https:\/\/agora.xtec.cat\/cfacastelldefels\/wp-json\/wp\/v2\/categories?post=2119"},{"taxonomy":"post_tag","embeddable":true,"href":"https:\/\/agora.xtec.cat\/cfacastelldefels\/wp-json\/wp\/v2\/tags?post=2119"}],"curies":[{"name":"wp","href":"https:\/\/api.w.org\/{rel}","templated":true}]}}