{"id":2075,"date":"2019-12-11T11:21:45","date_gmt":"2019-12-11T10:21:45","guid":{"rendered":"https:\/\/agora.xtec.cat\/cfacastelldefels\/?p=2075"},"modified":"2019-12-11T11:27:39","modified_gmt":"2019-12-11T10:27:39","slug":"jornades-sobre-migracio-i-ciutadania","status":"publish","type":"post","link":"https:\/\/agora.xtec.cat\/cfacastelldefels\/general\/jornades-sobre-migracio-i-ciutadania\/","title":{"rendered":"Jornades sobre migraci\u00f3 i ciutadania"},"content":{"rendered":"<p>Proposta d&#8217;activitats del dia 11 i 14 de desembre<\/p>\n<p>Esteu invitats a participar en les jornades que ha organitzat l&#8217;ajuntament. Aquest tipus d&#8217;activitats ens facilita el contacte i coneixement de la diversitat de ciutadans que convivim a Castelldefels.<\/p>\n<p>Les activitats s\u00f3n variades i ens permet poder triar aquelles que creiem s\u00f3n de m\u00e9s inter\u00e8s per \u00a0a cadascun de nosaltres. Podeu comentar en classe i per qu\u00e8 no, fer una trobada amb els companys. \u00c0nim!<\/p>\n<p><a href=\"https:\/\/agora.xtec.cat\/cfacastelldefels\/wp-content\/uploads\/usu251\/2019\/12\/Flyerdiamigrant.jpg\"><img loading=\"lazy\" decoding=\"async\" class=\"alignleft wp-image-2076\" src=\"https:\/\/agora.xtec.cat\/cfacastelldefels\/wp-content\/uploads\/usu251\/2019\/12\/Flyerdiamigrant-300x198.jpg\" alt=\"\" width=\"691\" height=\"456\" srcset=\"https:\/\/agora.xtec.cat\/cfacastelldefels\/wp-content\/uploads\/usu251\/2019\/12\/Flyerdiamigrant-300x198.jpg 300w, https:\/\/agora.xtec.cat\/cfacastelldefels\/wp-content\/uploads\/usu251\/2019\/12\/Flyerdiamigrant-768x507.jpg 768w, https:\/\/agora.xtec.cat\/cfacastelldefels\/wp-content\/uploads\/usu251\/2019\/12\/Flyerdiamigrant-1024x676.jpg 1024w, https:\/\/agora.xtec.cat\/cfacastelldefels\/wp-content\/uploads\/usu251\/2019\/12\/Flyerdiamigrant.jpg 1993w\" sizes=\"auto, (max-width: 691px) 100vw, 691px\" \/><\/a><\/p>\n","protected":false},"excerpt":{"rendered":"<p>Proposta d&#8217;activitats del dia 11 i 14 de desembre Esteu invitats a participar en les jornades que ha organitzat l&#8217;ajuntament. Aquest tipus d&#8217;activitats ens facilita el contacte i coneixement de la diversitat de ciutadans que convivim a Castelldefels. Les activitats s\u00f3n variades i ens permet poder triar aquelles que creiem s\u00f3n de m\u00e9s inter\u00e8s per [&hellip;]<\/p>\n","protected":false},"author":1,"featured_media":0,"comment_status":"open","ping_status":"closed","sticky":false,"template":"","format":"standard","meta":{"_bbp_topic_count":0,"_bbp_reply_count":0,"_bbp_total_topic_count":0,"_bbp_total_reply_count":0,"_bbp_voice_count":0,"_bbp_anonymous_reply_count":0,"_bbp_topic_count_hidden":0,"_bbp_reply_count_hidden":0,"_bbp_forum_subforum_count":0,"site-sidebar-layout":"default","site-content-layout":"","ast-site-content-layout":"","site-content-style":"default","site-sidebar-style":"default","ast-global-header-display":"","ast-banner-title-visibility":"","ast-main-header-display":"","ast-hfb-above-header-display":"","ast-hfb-below-header-display":"","ast-hfb-mobile-header-display":"","site-post-title":"","ast-breadcrumbs-content":"","ast-featured-img":"","footer-sml-layout":"","theme-transparent-header-meta":"","adv-header-id-meta":"","stick-header-meta":"","header-above-stick-meta":"","header-main-stick-meta":"","header-below-stick-meta":"","astra-migrate-meta-layouts":"default","ast-page-background-enabled":"default","ast-page-background-meta":{"desktop":{"background-color":"var(--ast-global-color-4)","background-image":"","background-repeat":"repeat","background-position":"center center","background-size":"auto","background-attachment":"scroll","background-type":"","background-media":"","overlay-type":"","overlay-color":"","overlay-opacity":"","overlay-gradient":""},"tablet":{"background-color":"","background-image":"","background-repeat":"repeat","background-position":"center center","background-size":"auto","background-attachment":"scroll","background-type":"","background-media":"","overlay-type":"","overlay-color":"","overlay-opacity":"","overlay-gradient":""},"mobile":{"background-color":"","background-image":"","background-repeat":"repeat","background-position":"center center","background-size":"auto","background-attachment":"scroll","background-type":"","background-media":"","overlay-type":"","overlay-color":"","overlay-opacity":"","overlay-gradient":""}},"ast-content-background-meta":{"desktop":{"background-color":"var(--ast-global-color-5)","background-image":"","background-repeat":"repeat","background-position":"center center","background-size":"auto","background-attachment":"scroll","background-type":"","background-media":"","overlay-type":"","overlay-color":"","overlay-opacity":"","overlay-gradient":""},"tablet":{"background-color":"var(--ast-global-color-5)","background-image":"","background-repeat":"repeat","background-position":"center center","background-size":"auto","background-attachment":"scroll","background-type":"","background-media":"","overlay-type":"","overlay-color":"","overlay-opacity":"","overlay-gradient":""},"mobile":{"background-color":"var(--ast-global-color-5)","background-image":"","background-repeat":"repeat","background-position":"center center","background-size":"auto","background-attachment":"scroll","background-type":"","background-media":"","overlay-type":"","overlay-color":"","overlay-opacity":"","overlay-gradient":""}},"footnotes":""},"categories":[74,1,86,29],"tags":[124,56,123],"class_list":["post-2075","post","type-post","status-publish","format-standard","hentry","category-ajuntament","category-general","category-muralla-digital-revista","category-portada","tag-agendacultutral","tag-informacio","tag-interculturalitat"],"post_mailing_queue_ids":[],"_links":{"self":[{"href":"https:\/\/agora.xtec.cat\/cfacastelldefels\/wp-json\/wp\/v2\/posts\/2075","targetHints":{"allow":["GET"]}}],"collection":[{"href":"https:\/\/agora.xtec.cat\/cfacastelldefels\/wp-json\/wp\/v2\/posts"}],"about":[{"href":"https:\/\/agora.xtec.cat\/cfacastelldefels\/wp-json\/wp\/v2\/types\/post"}],"author":[{"embeddable":true,"href":"https:\/\/agora.xtec.cat\/cfacastelldefels\/wp-json\/wp\/v2\/users\/1"}],"replies":[{"embeddable":true,"href":"https:\/\/agora.xtec.cat\/cfacastelldefels\/wp-json\/wp\/v2\/comments?post=2075"}],"version-history":[{"count":2,"href":"https:\/\/agora.xtec.cat\/cfacastelldefels\/wp-json\/wp\/v2\/posts\/2075\/revisions"}],"predecessor-version":[{"id":2080,"href":"https:\/\/agora.xtec.cat\/cfacastelldefels\/wp-json\/wp\/v2\/posts\/2075\/revisions\/2080"}],"wp:attachment":[{"href":"https:\/\/agora.xtec.cat\/cfacastelldefels\/wp-json\/wp\/v2\/media?parent=2075"}],"wp:term":[{"taxonomy":"category","embeddable":true,"href":"https:\/\/agora.xtec.cat\/cfacastelldefels\/wp-json\/wp\/v2\/categories?post=2075"},{"taxonomy":"post_tag","embeddable":true,"href":"https:\/\/agora.xtec.cat\/cfacastelldefels\/wp-json\/wp\/v2\/tags?post=2075"}],"curies":[{"name":"wp","href":"https:\/\/api.w.org\/{rel}","templated":true}]}}